{"id":55466,"date":"2026-09-05T19:23:08","date_gmt":"2026-09-05T19:23:08","guid":{"rendered":"http:\/\/a67cee1a950afa145de1b643666a62a1"},"modified":"2026-09-05T19:23:08","modified_gmt":"2026-09-05T19:23:08","slug":"menem-reprocho-a-los-empresarios-que-no-se-juegan-por-milei-el-que-apuesta-ahora-va-a-ser-mas-beneficiado","status":"publish","type":"post","link":"https:\/\/cordobapolitica.com\/?p=55466","title":{"rendered":"Menem reproch\u00f3 a los empresarios que no se juegan por MIlei: &#8220;El que apuesta ahora va a ser m\u00e1s beneficiado&#8221;"},"content":{"rendered":"<p><img src=\"http:\/\/cordobapolitica.com\/wp-content\/uploads\/2026\/09\/menem-reprocho-a-los-empresarios-que-no-se-juegan-por-milei-el-que-apuesta-ahora-va-a-ser-mas-beneficiado.jpg\"><\/p>\n<div><img src=\"http:\/\/cordobapolitica.com\/wp-content\/uploads\/2026\/09\/menem-reprocho-a-los-empresarios-que-no-se-juegan-por-milei-el-que-apuesta-ahora-va-a-ser-mas-beneficiado-2.jpg\" class=\"ff-og-image-inserted\"><\/div>\n<p>Mart\u00edn Menem&nbsp;particip\u00f3 de la inauguraci\u00f3n de la 47\u00aa Convenci\u00f3n Anual del Instituto Argentino de Ejecutivos de Finanzas (IAEF), en Puerto Iguaz\u00fa.&nbsp;<\/p>\n<p>En su exposici\u00f3n, el presidente de la C\u00e1mara de Diputados defendi\u00f3 el programa econ\u00f3mico del Gobierno, cuestion\u00f3 a la oposici\u00f3n por la morosidad y repas\u00f3 la agenda parlamentaria y pol\u00edtica de los pr\u00f3ximos meses.&nbsp;<\/p>\n<p>Pero en su discurso hizo un particular reclamo a los empresarios presentes que a juicio del gobierno no est\u00e1n apoyando el modelo econ\u00f3mico libertario ni la candidatura de Milei en 2027.<\/p>\n<p>En ese marco, Menem dijo que &#8220;Milei va a ser el primer presidente no peronista en ser reelecto&#8221; pero sostuvo que &#8220;dependemos de quienes est\u00e1n ac\u00e1 presentes (los empresarios) que jueguen. No esperen a ver que va a pasar, porque somos todos parte&#8221;.<\/p>\n<p><a href=\"https:\/\/www.lapoliticaonline.com\/tools\/redirect.php?t=3&amp;i=354683&amp;s=96f05c46ad0508ef04bb2ef22fbb8ba9\" class=\"link-type-content content-type-noticia-ar\">Guerra en el gabinete: Caputo quiere anunciar medidas pese a la resistencia de Milei&nbsp;<\/a><\/p>\n<p>&#8220;\u00bfQu\u00e9 es jugar?&#8221;, le re-pregunt\u00f3 el periodista Jos\u00e9 del R\u00edo que estaba de moderador. &#8220;Que los que tienen que invertir no esperen a ver que pasa&#8221;, respondi\u00f3.&nbsp;<\/p>\n<p>En ese tono, plante\u00f3 que &#8220;la mayor ayuda que puede recibir este modelo, que saben que es previsible, que saben que mientras podamos seguiremos bajando impuestos y que no se cambiar\u00e1n las reglas del juego&#8221;.&nbsp;<\/p>\n<p class=\"authorquote\" title=\"Mart\u00edn Menem.\">La mayor ayuda que puede recibir este modelo, que saben que es previsible, que saben que mientras podamos seguiremos bajando impuestos y que no se cambiar\u00e1n las reglas del juego<\/p>\n<p>&#8220;Apostar a la Argentina, pero no despu\u00e9s que gane Milei, ahora porque el que apueste ahora ser\u00e1 beneficiado&#8221;, remarc\u00f3.<\/p>\n<p><a href=\"https:\/\/www.lapoliticaonline.com\/tools\/redirect.php?t=3&amp;i=355513&amp;s=3edc2c16056c172fcc6fa66e9090729d\" class=\"link-type-content content-type-noticia-ar\">La oposici\u00f3n esquiv\u00f3 otra jugada de Menem para frenar los proyectos contra la usura de Mercado Pago<\/a><\/p>\n<p>En otro tramo de la charla, Mart\u00edn Menem minimiz\u00f3 la crisis de morosidad que afecta a cerca de 6 millones de argentinos y se\u00f1al\u00f3 que&nbsp;&nbsp;a la oposici\u00f3n<strong> <\/strong>&#8220;no le interesan los deudores, sino afectar la credibilidad del programa oficial&#8221;<\/p>\n<p>&#8220;Ellos van a tratar de quebrar las expectativas y nosotros vamos a tratar de mantener las expectativas bien altas. Tienen un gran relato, nosotros tenemos la obligaci\u00f3n de mostrar realidades&#8221;, culmin\u00f3.<\/p>\n","protected":false},"excerpt":{"rendered":"<p>Mart\u00edn Menem&nbsp;particip\u00f3 de la inauguraci\u00f3n de la 47\u00aa Convenci\u00f3n Anual del Instituto Argentino de Ejecutivos de Finanzas (IAEF), en Puerto Iguaz\u00fa.&nbsp; En su exposici\u00f3n, el presidente de la C\u00e1mara de Diputados defendi\u00f3 el programa econ\u00f3mico del Gobierno, cuestion\u00f3 a la oposici\u00f3n por la morosidad y repas\u00f3 la agenda parlamentaria y pol\u00edtica de los pr\u00f3ximos meses.&nbsp; [&hellip;]<\/p>\n","protected":false},"author":1,"featured_media":55467,"comment_status":"closed","ping_status":"closed","sticky":false,"template":"","format":"standard","meta":{"om_disable_all_campaigns":false,"_monsterinsights_skip_tracking":false,"_monsterinsights_sitenote_active":false,"_monsterinsights_sitenote_note":"","_monsterinsights_sitenote_category":0},"categories":[30],"tags":[],"aioseo_notices":[],"_links":{"self":[{"href":"https:\/\/cordobapolitica.com\/index.php?rest_route=\/wp\/v2\/posts\/55466"}],"collection":[{"href":"https:\/\/cordobapolitica.com\/index.php?rest_route=\/wp\/v2\/posts"}],"about":[{"href":"https:\/\/cordobapolitica.com\/index.php?rest_route=\/wp\/v2\/types\/post"}],"author":[{"embeddable":true,"href":"https:\/\/cordobapolitica.com\/index.php?rest_route=\/wp\/v2\/users\/1"}],"replies":[{"embeddable":true,"href":"https:\/\/cordobapolitica.com\/index.php?rest_route=%2Fwp%2Fv2%2Fcomments&post=55466"}],"version-history":[{"count":0,"href":"https:\/\/cordobapolitica.com\/index.php?rest_route=\/wp\/v2\/posts\/55466\/revisions"}],"wp:featuredmedia":[{"embeddable":true,"href":"https:\/\/cordobapolitica.com\/index.php?rest_route=\/wp\/v2\/media\/55467"}],"wp:attachment":[{"href":"https:\/\/cordobapolitica.com\/index.php?rest_route=%2Fwp%2Fv2%2Fmedia&parent=55466"}],"wp:term":[{"taxonomy":"category","embeddable":true,"href":"https:\/\/cordobapolitica.com\/index.php?rest_route=%2Fwp%2Fv2%2Fcategories&post=55466"},{"taxonomy":"post_tag","embeddable":true,"href":"https:\/\/cordobapolitica.com\/index.php?rest_route=%2Fwp%2Fv2%2Ftags&post=55466"}],"curies":[{"name":"wp","href":"https:\/\/api.w.org\/{rel}","templated":true}]}}