{"id":55464,"date":"2026-09-05T20:15:22","date_gmt":"2026-09-05T20:15:22","guid":{"rendered":"http:\/\/72d9628741f787e4a469728232c09a27"},"modified":"2026-09-05T20:15:22","modified_gmt":"2026-09-05T20:15:22","slug":"chubut-por-segundo-ano-consecutivo-el-campo-no-pagara-impuesto-inmobiliario","status":"publish","type":"post","link":"https:\/\/cordobapolitica.com\/?p=55464","title":{"rendered":"Chubut: por segundo a\u00f1o consecutivo, el campo no pagar\u00e1 Impuesto Inmobiliario"},"content":{"rendered":"<p><img src=\"http:\/\/cordobapolitica.com\/wp-content\/uploads\/2026\/09\/chubut-por-segundo-ano-consecutivo-el-campo-no-pagara-impuesto-inmobiliario.jpg\"><\/p>\n<div><img src=\"http:\/\/cordobapolitica.com\/wp-content\/uploads\/2026\/09\/chubut-por-segundo-ano-consecutivo-el-campo-no-pagara-impuesto-inmobiliario-2.jpg\" class=\"ff-og-image-inserted\"><\/div>\n<p>El gobernador del Chubut, Ignacio &#8220;Nacho&#8221; Torres, destac\u00f3 la aprobaci\u00f3n, por amplia mayor\u00eda en la Legislatura, de la ley que prorroga durante el per\u00edodo fiscal 2026 la exenci\u00f3n del pago del Impuesto Inmobiliario para establecimientos ganaderos productivos ubicados fuera de los ejidos municipales.&nbsp;<\/p>\n<p>La iniciativa, impulsada por el Poder Ejecutivo Provincial, apunta a acompa\u00f1ar al sector ganadero a trav\u00e9s de medidas excepcionales y transitorias que permitan aliviar la carga impositiva, preservar la continuidad de las explotaciones y sostener una actividad estrat\u00e9gica para la econom\u00eda y el desarrollo territorial de Chubut.<\/p>\n<p>&nbsp;Al respecto, Torres asegur\u00f3 que la aprobaci\u00f3n de la norma &#8220;demuestra que, cuando ponemos los intereses de los chubutenses por encima de cualquier diferencia, las cosas suceden y podemos lograr avances importantes para proteger nuestra econom\u00eda&#8221;.<\/p>\n<p><a href=\"https:\/\/www.lapoliticaonline.com\/tools\/redirect.php?t=3&amp;i=353827&amp;s=943e0a70222ba8866a41a3fa39d81cbf\" class=\"link-type-content content-type-noticia-ar\">Encuesta: sin acuerdo con LLA, Nacho Torres le saca siete puntos al peronismo<\/a><\/p>\n<p>&nbsp;En el mismo sentido, sostuvo que la pr\u00f3rroga de la exenci\u00f3n &#8220;es el resultado de un trabajo conjunto con nuestros productores y de un compromiso asumido no solo para aliviar las obligaciones fiscales del sector, sino tambi\u00e9n para ratificar que somos una provincia que acompa\u00f1a a quienes trabajan todos los d\u00edas nuestra tierra y nuestros recursos&#8221;.&nbsp;<\/p>\n<p class=\"authorquote\" title=\"Ignacio &quot;Nacho&quot; Russo, gobernador de Chubut.\">Es el resultado de un trabajo conjunto con nuestros productores y de un compromiso asumido no solo para aliviar las obligaciones fiscales del sector, sino tambi\u00e9n para ratificar que somos una provincia que acompa\u00f1a a quienes trabajan todos los d\u00edas nuestra tierra y nuestros recursos<\/p>\n<p>&#8220;Fortalecer a nuestros productores ganaderos es, en definitiva, fortalecer la econom\u00eda de Chubut: dar previsibilidad, cuidar el trabajo y acompa\u00f1ar al campo en un momento econ\u00f3mico complejo, con una visi\u00f3n de desarrollo para cada rinc\u00f3n de nuestra provincia&#8221;, concluy\u00f3 el mandatario.<\/p>\n<p><a href=\"https:\/\/www.lapoliticaonline.com\/tools\/redirect.php?t=3&amp;i=347211&amp;s=d6fae885a3e3c9a31030bc9506f0896f\" class=\"link-type-content content-type-noticia-ar\">Chubut suma USD 680 millones en inversiones a trav\u00e9s del RIGI<\/a><\/p>\n<p> La normativa establece que los pagos que hubieran realizado durante 2026 los contribuyentes alcanzados por el beneficio ser\u00e1n imputados como pagos a cuenta del gravamen correspondiente a 2027 y, de existir remanentes, a los per\u00edodos fiscales subsiguientes. Asimismo, prorroga los vencimientos del Impuesto Inmobiliario correspondientes a los per\u00edodos 2023 y 2024 para los establecimientos comprendidos en la medida.&nbsp;<\/p>\n<p>La aplicaci\u00f3n de la ley estar\u00e1 a cargo de la Agencia de Recaudaci\u00f3n de la Provincia del Chubut (ARECH). La norma alcanza a inmuebles afectados directa y exclusivamente a la actividad ganadera y sus actividades conexas, siempre que acrediten su car\u00e1cter productivo conforme a la reglamentaci\u00f3n vigente.&nbsp;<\/p>\n","protected":false},"excerpt":{"rendered":"<p>El gobernador del Chubut, Ignacio &#8220;Nacho&#8221; Torres, destac\u00f3 la aprobaci\u00f3n, por amplia mayor\u00eda en la Legislatura, de la ley que prorroga durante el per\u00edodo fiscal 2026 la exenci\u00f3n del pago del Impuesto Inmobiliario para establecimientos ganaderos productivos ubicados fuera de los ejidos municipales.&nbsp; La iniciativa, impulsada por el Poder Ejecutivo Provincial, apunta a acompa\u00f1ar al [&hellip;]<\/p>\n","protected":false},"author":1,"featured_media":55465,"comment_status":"closed","ping_status":"closed","sticky":false,"template":"","format":"standard","meta":{"om_disable_all_campaigns":false,"_monsterinsights_skip_tracking":false,"_monsterinsights_sitenote_active":false,"_monsterinsights_sitenote_note":"","_monsterinsights_sitenote_category":0},"categories":[30],"tags":[],"aioseo_notices":[],"_links":{"self":[{"href":"https:\/\/cordobapolitica.com\/index.php?rest_route=\/wp\/v2\/posts\/55464"}],"collection":[{"href":"https:\/\/cordobapolitica.com\/index.php?rest_route=\/wp\/v2\/posts"}],"about":[{"href":"https:\/\/cordobapolitica.com\/index.php?rest_route=\/wp\/v2\/types\/post"}],"author":[{"embeddable":true,"href":"https:\/\/cordobapolitica.com\/index.php?rest_route=\/wp\/v2\/users\/1"}],"replies":[{"embeddable":true,"href":"https:\/\/cordobapolitica.com\/index.php?rest_route=%2Fwp%2Fv2%2Fcomments&post=55464"}],"version-history":[{"count":0,"href":"https:\/\/cordobapolitica.com\/index.php?rest_route=\/wp\/v2\/posts\/55464\/revisions"}],"wp:featuredmedia":[{"embeddable":true,"href":"https:\/\/cordobapolitica.com\/index.php?rest_route=\/wp\/v2\/media\/55465"}],"wp:attachment":[{"href":"https:\/\/cordobapolitica.com\/index.php?rest_route=%2Fwp%2Fv2%2Fmedia&parent=55464"}],"wp:term":[{"taxonomy":"category","embeddable":true,"href":"https:\/\/cordobapolitica.com\/index.php?rest_route=%2Fwp%2Fv2%2Fcategories&post=55464"},{"taxonomy":"post_tag","embeddable":true,"href":"https:\/\/cordobapolitica.com\/index.php?rest_route=%2Fwp%2Fv2%2Ftags&post=55464"}],"curies":[{"name":"wp","href":"https:\/\/api.w.org\/{rel}","templated":true}]}}