{"id":55452,"date":"2026-09-05T22:05:06","date_gmt":"2026-09-05T22:05:06","guid":{"rendered":"http:\/\/c961b389f6908fe783aa0c43e2557eb2"},"modified":"2026-09-05T22:05:06","modified_gmt":"2026-09-05T22:05:06","slug":"quirno-dijo-que-argentina-es-bioceanica-y-reactivo-la-tension-con-chile","status":"publish","type":"post","link":"https:\/\/cordobapolitica.com\/?p=55452","title":{"rendered":"Quirno dijo que Argentina es &#8220;bioce\u00e1nica&#8221; y reactiv\u00f3 la tensi\u00f3n con Chile"},"content":{"rendered":"<p><img src=\"http:\/\/cordobapolitica.com\/wp-content\/uploads\/2026\/09\/quirno-dijo-que-argentina-es-bioceanica-y-reactivo-la-tension-con-chile.jpg\"><\/p>\n<p>En Chile hay enojo con Pablo Quino luego que dijera en una <a href=\"https:\/\/x.com\/PaulinaAstrozaS\/status\/2096226376332222936?s=20\">entrevista<\/a> que Argentina es un pa\u00eds &#8220;bicontinental y bioce\u00e1nico&#8221;. &nbsp;La declaraci\u00f3n se produjo luego de la reuni\u00f3n bilateral que tuvo Javier Milei con Jos\u00e9 Antonio Kast en Santiago en la que firmaron una declaraci\u00f3n conjunta en favor de la soberan\u00eda chilena sobre el Estrecho de Magallanes determinado por el Tratado de L\u00edmites de 1881 y el Tratado de Paz y Amistad de 1984.&nbsp;<\/p>\n<p>El concepto utilizado por Quino es muy sensible para la diplomacia chilena porque es tomado como una provocaciones sobre su territorio&nbsp;porque sugiere que posee costas soberanas en los oc\u00e9anos Atl\u00e1ntico y Pac\u00edfico.<\/p>\n<p>El jefe de la diplomacia argentina tambi\u00e9n plante\u00f3 que &#8220;hay fortalecer su presencia en el Atl\u00e1ntico Sur porque es el camino a la Ant\u00e1rtida&#8221;, como argumento para construir la base integrada en Ushuaia.&nbsp;<\/p>\n<p><a href=\"https:\/\/www.lapoliticaonline.com\/tools\/redirect.php?t=3&amp;i=354871&amp;s=d416e01248cdc14a4d49edeb89d8ce48\" class=\"link-type-content content-type-noticia-ar\">Milei y Kast se re\u00fanen en Chile en una cumbre de la ultraderecha, pese al esc\u00e1ndalo de Cerimedo&nbsp;<\/a><\/p>\n<p>De esta manera, en Chile recuerdan que el Protocolo de 1893, complementario al Tratado de L\u00edmites de 1881, establece que la soberan\u00eda argentina se proyecta hacia las costas del Atl\u00e1ntico y la chilena hacia las del Pac\u00edfico. El instrumento determina que Chile no puede pretender territorios hacia el Atl\u00e1ntico ni Argentina hacia el Pac\u00edfico.<\/p>\n<p>Si bien no hubo expresi\u00f3n de parte del gobierno de Jos\u00e9 Antonio Kast, el debate p\u00fablico est\u00e1 encendido y diputados del oficialismo y la oposici\u00f3n <a href=\"https:\/\/www.emol.com\/noticias\/Nacional\/2026\/09\/05\/1210619\/reacciones-dichos-canciller-argentino.html\">presionan<\/a> para que el presidente chileno tome acciones mas fuertes contra Argentina.&nbsp;<\/p>\n<p>Alejandro Riquelme, diputado del partido de Kast, se\u00f1al\u00f3 que &#8220;rechazo categ\u00f3ricamente las declaraciones del canciller argentino. Argentina puede hablar de integraci\u00f3n o corredores bioce\u00e1nicos, pero eso es muy distinto a hablar de soberan\u00eda&#8221;.&nbsp;<\/p>\n<p class=\"authorquote\" title=\"Alejandro Riquelme, diputado del Partido Republicano.\">Lo preocupante es que ya se est\u00e1 haciendo costumbre que autoridades argentinas intenten reinterpretar, relativizar o directamente cuestionar tratados y acuerdos internacionales que resolvieron estas materias hace d\u00e9cadas. Los tratados no pueden respetarse solamente cuando resultan convenientes<\/p>\n<p>&#8220;Lo preocupante es que ya se est\u00e1 haciendo costumbre que autoridades argentinas intenten reinterpretar, relativizar o directamente cuestionar tratados y acuerdos internacionales que resolvieron estas materias hace d\u00e9cadas. Los tratados no pueden respetarse solamente cuando resultan convenientes&#8221;, agreg\u00f3.&nbsp;<\/p>\n<figure class=\"vsmimage\" contenteditable=\"false\"><img loading=\"lazy\" alt=\"Quirno dijo que Argentina es &quot;bioce\u00e1nica&quot; y reactiv\u00f3 la tensi\u00f3n con Chile \" data-vsmid=\"298781\" data-owidth=\"5000\" data-oheight=\"3333\" src=\"data:image\/png;base64,iVBORw0KGgoAAAANSUhEUgAAAx4AAAIOAQMAAAAMVUlSAAAAA1BMVEUAAACnej3aAAAAAXRSTlMAQObYZgAAAElJREFUeJztwQEBAAAAgiD\/r25IQAEAAAAAAAAAAAAAAAAAAAAAAAAAAAAAAAAAAAAAAAAAAAAAAAAAAAAAAAAAAAAAAAAAAPBjz4YAAXoxaWgAAAAASUVORK5CYII=\" vsmidos=\"1\" vsmsrc=\"\/files\/image\/298\/298781\/6a9b584b39407_798_526!.jpg?s=981a37664543aac8d939c52c748c7758&amp;d=1788648115\" width=\"798\" height=\"526\"><\/figure>\n<p>Por su parte, el diputado oficialista Stephan Schubert y presidente de la comisi\u00f3n de Relaciones Exteriores sostuvo que &#8220;lo importante es tener claridad respecto de la intenci\u00f3n y de los dichos de la autoridad argentina quienes han precisado que no tiene referencia con el oc\u00e9ano Pac\u00edfico, por lo tanto es una declaraci\u00f3n muy similar a la que nosotros hemos hecho con anterioridad y no tiene afectaci\u00f3n respecto del mar chileno&#8221;.&nbsp;<\/p>\n<p>En tanto, el senador de derecha e integrante de la comisi\u00f3n de Relaciones Exterior , Iv\u00e1n Moreira asegur\u00f3 que &#8220;desde hace un tiempo a esta parte hemos visto una verdadera ofensiva del gobierno argentino y nosotros seguimos poniendo la otra mejilla. Ya lleg\u00f3 la hora de tomar decisiones m\u00e1s en\u00e9rgicas y no seguir avanzando con esta relaci\u00f3n que se est\u00e1 convirtiendo en una relaci\u00f3n no muy sana&#8221;.&nbsp;<\/p>\n<p class=\"authorquote\" title=\"Iv\u00e1n Moreira, senador de la Uni\u00f3n Dem\u00f3crata Independiente.\">Desde hace un tiempo a esta parte hemos visto una verdadera ofensiva del gobierno argentino y nosotros seguimos poniendo la otra mejilla. Ya lleg\u00f3 la hora de tomar decisiones m\u00e1s en\u00e9rgicas y no seguir avanzando con esta relaci\u00f3n que se est\u00e1 convirtiendo en una relaci\u00f3n no muy sana<\/p>\n<p>&#8220;Adem\u00e1s, los compromisos y acuerdos que se han tenido con el propio Presidente Milei no se han cumplido. Por ejemplo, el famoso decreto para la derogaci\u00f3n de este decreto, en donde, con esta pol\u00edtica expansionista de ellos, ahora se quieren aprovechar y es que tendr\u00edan con Chile soberan\u00eda compartida&#8221;, a\u00f1adi\u00f3.&nbsp;<\/p>\n<p>Desde la oposici\u00f3n, el diputado &nbsp;Ra\u00fal Soto indic\u00f3 que &#8220;la pol\u00edtica exterior de nuestro pa\u00eds est\u00e1 pecando de ingenuidad y amateurismo, especialmente en la relaci\u00f3n bilateral con Argentina. La estrategia geopol\u00edtica de Argentina seguir\u00e1 su curso y seguir\u00e1 avanzando bajo la mirada permisiva, d\u00e9bil y err\u00e1tica del canciller y del presidente Jos\u00e9 Antonio Kast&#8221;.&nbsp;<\/p>\n<p><a href=\"https:\/\/www.lapoliticaonline.com\/tools\/redirect.php?t=3&amp;i=355739&amp;s=4bc6deecc4a84ea2b2f0c66254e18a2a\" class=\"link-type-content content-type-noticia-ar\">Kast deja en rid\u00edculo a Milei y negocia con los ingleses una ruta mar\u00edtima a las Malvinas<\/a><\/p>\n<p>&#8220;La firma de una declaraci\u00f3n que favorece los intereses de Argentina en gran medida, creo que fue un error y los hechos posteriores, como esta declaraci\u00f3n del canciller declarando Argentina un pa\u00eds bioce\u00e1nico, dan una muestra fehaciente de aquello&#8221;, continu\u00f3.&nbsp;<\/p>\n<p>Lo parad\u00f3jico es que Quirno abri\u00f3 este nuevo escenario de tensi\u00f3n cuando hab\u00eda cerrado la crisis que gener\u00f3 las declaraciones del jefe de la Fuerza A\u00e9rea, Gustavo Javier Valverde, cuando dijo que el Estrecho de Magallanes es argentino. En este marco, por estas horas se especula con la posibilidad que el pa\u00eds trasandino presente una nota de protesta y convoque al embajador argentino, Jorge Faurie.<\/p>\n","protected":false},"excerpt":{"rendered":"<p>En Chile hay enojo con Pablo Quino luego que dijera en una entrevista que Argentina es un pa\u00eds &#8220;bicontinental y bioce\u00e1nico&#8221;. &nbsp;La declaraci\u00f3n se produjo luego de la reuni\u00f3n bilateral que tuvo Javier Milei con Jos\u00e9 Antonio Kast en Santiago en la que firmaron una declaraci\u00f3n conjunta en favor de la soberan\u00eda chilena sobre el [&hellip;]<\/p>\n","protected":false},"author":1,"featured_media":55453,"comment_status":"closed","ping_status":"closed","sticky":false,"template":"","format":"standard","meta":{"om_disable_all_campaigns":false,"_monsterinsights_skip_tracking":false,"_monsterinsights_sitenote_active":false,"_monsterinsights_sitenote_note":"","_monsterinsights_sitenote_category":0},"categories":[30],"tags":[],"aioseo_notices":[],"_links":{"self":[{"href":"https:\/\/cordobapolitica.com\/index.php?rest_route=\/wp\/v2\/posts\/55452"}],"collection":[{"href":"https:\/\/cordobapolitica.com\/index.php?rest_route=\/wp\/v2\/posts"}],"about":[{"href":"https:\/\/cordobapolitica.com\/index.php?rest_route=\/wp\/v2\/types\/post"}],"author":[{"embeddable":true,"href":"https:\/\/cordobapolitica.com\/index.php?rest_route=\/wp\/v2\/users\/1"}],"replies":[{"embeddable":true,"href":"https:\/\/cordobapolitica.com\/index.php?rest_route=%2Fwp%2Fv2%2Fcomments&post=55452"}],"version-history":[{"count":0,"href":"https:\/\/cordobapolitica.com\/index.php?rest_route=\/wp\/v2\/posts\/55452\/revisions"}],"wp:featuredmedia":[{"embeddable":true,"href":"https:\/\/cordobapolitica.com\/index.php?rest_route=\/wp\/v2\/media\/55453"}],"wp:attachment":[{"href":"https:\/\/cordobapolitica.com\/index.php?rest_route=%2Fwp%2Fv2%2Fmedia&parent=55452"}],"wp:term":[{"taxonomy":"category","embeddable":true,"href":"https:\/\/cordobapolitica.com\/index.php?rest_route=%2Fwp%2Fv2%2Fcategories&post=55452"},{"taxonomy":"post_tag","embeddable":true,"href":"https:\/\/cordobapolitica.com\/index.php?rest_route=%2Fwp%2Fv2%2Ftags&post=55452"}],"curies":[{"name":"wp","href":"https:\/\/api.w.org\/{rel}","templated":true}]}}