{"id":55444,"date":"2026-09-06T04:16:14","date_gmt":"2026-09-06T04:16:14","guid":{"rendered":"https:\/\/cordobapolitica.com\/?p=55444"},"modified":"2026-09-06T04:16:14","modified_gmt":"2026-09-06T04:16:14","slug":"leopoldo-fortunato-milei","status":"publish","type":"post","link":"https:\/\/cordobapolitica.com\/?p=55444","title":{"rendered":"Leopoldo Fortunato Milei"},"content":{"rendered":"<div class=\"media_block\"><\/div>\n<div><img src=\"http:\/\/cordobapolitica.com\/wp-content\/uploads\/2026\/09\/leopoldo-fortunato-milei.jpg\" class=\"ff-og-image-inserted\"><\/div>\n<p>Cuando los jugadores argentinos desplegaron la famosa bandera sobre las Malvinas, el Presidente, la ministra de Seguridad y algunos militantes digitales libertarios tomaron distancia de la actitud. Era l\u00f3gico: si el Presidente es pro-Occidente y admirador de Thatcher, no ten\u00eda sentido salirse de los carriles de lo deportivo. Pero luego pasaron cosas\u2026<\/p>\n<p>Aunque parezca mentira, eso ocurri\u00f3 hace escasos cincuenta d\u00edas. Despu\u00e9s entramos en la pol\u00e9mica sobre la final del Mundial y la supuesta campa\u00f1a anti-Argentina, a lo cual el Javo le dio entidad cuando fue a Brasil a un acto de Bolsonaro Jr., y nos puso en tensi\u00f3n diplom\u00e1tica. Ahora la oportunidad la dio el amigo americano. La circunstancia: un persistente mal humor en la mayor\u00eda de la opini\u00f3n p\u00fablica basado, sobre todo, en una econom\u00eda de calle que no arranca, y que dispara interrogantes sobre el resultado electoral de 2027.<\/p>\n<p>\u00bfFue una jugada astuta la de subirse al ring aprovechando la fibra popular? Sin duda. Es una versi\u00f3n aggiornada del famoso \u201cSi no le podemos dar pan, por lo menos d\u00e9mosle presos\u201d. En este caso ser\u00eda reivindicaci\u00f3n soberanista. Distrajo la agenda de lo esencial, se la impuso a la oposici\u00f3n que se sinti\u00f3 inc\u00f3moda (un rato). Algunas voces llegaron a decir que la cadena nacional hab\u00eda sido \u201cuna de las acciones pol\u00edticas m\u00e1s inteligentes de su mandato\u201d. \u00bfSer\u00e1 as\u00ed? Para sostener semejante afirmaci\u00f3n (y no perder la objetividad period\u00edstica), se deben analizar los hechos en el mediano y largo plazo, y en una diversidad de enfoques.<\/p>\n<div class=\"subscription\">\n<p> Esto no les gusta a los autoritarios <\/p>\n<div class=\"subscription__container\">\n<div class=\"subscription__text-wrapper\">\n<p> El ejercicio del periodismo profesional y cr\u00edtico es un pilar fundamental de la democracia. Por eso molesta a quienes creen ser los due\u00f1os de la verdad. <\/p>\n<\/p><\/div><\/div><\/div>\n<p>La primera cuesti\u00f3n es c\u00f3mo impacta en la opini\u00f3n p\u00fablica. Evaluado el tema en grupos focales propios en las \u00faltimas 48 horas alumbran que hubo m\u00e1s oportunismo que elogios. El informe de la consultora Reputaci\u00f3n Digital -que dirige el colega Jos\u00e9 Norte- sobre lo acontecido en redes tampoco vislumbra un balance positivo. La angustia econ\u00f3mica no se anula con un gesto de pol\u00edtica exterior. La segunda cuesti\u00f3n es que -m\u00e1s all\u00e1 de que el presidente anunci\u00f3 que iba a aplicar lo que ya estaba establecido- veremos qu\u00e9 hace el bueno de Donald, acostumbrado a fuertes oscilaciones en pol\u00edtica exterior (solo como ejemplo, ya lleva varias decenas respecto a Ir\u00e1n desde que empez\u00f3 el conflicto). La frase \u201csiempre reviso todas las posiciones\u201d es un arma de doble filo. \u00bfQu\u00e9 garantiza que ma\u00f1ana no apoye a Gran Breta\u00f1a? En definitiva, es muy pronto para evaluaciones temerarias.<\/p>\n<p>\u00bfFueron la cadena nacional y las decisiones derivadas un triunfo interno del joven maravilla? Posiblemente. Sin embargo, volvamos a lo apuntado en el p\u00e1rrafo anterior: \u00bfcu\u00e1nto impacto positivo dejar\u00e1 finalmente en la sociedad lo acontecido, luego del impacto inicial, que tampoco parece haber sido muy halag\u00fce\u00f1o? Ya no estamos en 1982. La vor\u00e1gine informativa y las redes pueden barrer todo lo logrado en cuesti\u00f3n de horas. <\/p>\n<p>El le\u00f3n libertario encontr\u00f3 en el fondo de la lata m\u00e1s de 360.000 millones de pesos para aumentar la presencia argentina en el Atl\u00e1ntico Sur en la misma semana que increment\u00f3 los sueldos militares y de las fuerzas de seguridad (que siguen perdiendo personal calificado todos los meses debido a los bajos salarios). Tambi\u00e9n nos enteramos de que la recaudaci\u00f3n de agosto se mantuvo neutra, aunque sigue bajando el IVA que es coparticipable, lo que delata el fr\u00edo en el consumo. La base en Ushuaia seguramente se podr\u00e1 financiar a expensas de las transferencias a las provincias, las cuales disminuyeron un 64 % en los primeros ocho meses del a\u00f1o. Toto dijo que 2027 \u201cva a ser un a\u00f1o super tranquilo\u201d. Pero por las dudas hizo tres cosas: 1) est\u00e1 dejando que circulen m\u00e1s pesos en el mercado, lo cual ha bajado las tasas (para que no se incrementen los morosos), 2) relaj\u00f3 el techo del d\u00f3lar un poquito (\u00bfle preocupan las importaciones?), y 3) reforz\u00f3 los subsidios energ\u00e9ticos (las 3 provincias de la regi\u00f3n centro tomaron medidas al respecto para que sus industrias no est\u00e9n tan ahorcadas). Parece que los \u201ccampeones\u201d siguen viendo al d\u00f3lar barato porque el mes de julio tuvo r\u00e9cord de compra de verdes por parte de los particulares. El colch\u00f3n se est\u00e1 convirtiendo en somier. <\/p>\n<p>En esta semana malvinera, acontecieron tres cosas importantes que quedaron naturalmente opacadas por la expectativa de la cadena nacional presidencial. Una fue el d\u00eda de la industria, lo cual gener\u00f3 controversias p\u00fablicas esperables. Est\u00e1 claro que ese sector empresarial est\u00e1 lejos de su capacidad de lobby hist\u00f3rico frente a un gobierno que se considera refundacional, y que tiene su mirada en el boom energ\u00e9tico y minero. De todos modos, bajo la superficie ocurren otras cosas para hacer \u201csana, sana, colita de rana\u201d. Solo podemos anticipar que la mirada es: si cierran m\u00e1s f\u00e1bricas, hay m\u00e1s desempleo, menos consumo, menos recaudaci\u00f3n de impuestos y dolores de cabeza para mantener el super\u00e1vit fiscal.<\/p>\n<p>La segunda cuesti\u00f3n adicional es la celeridad con que se pusieron a trabajar algunos personajes de la justicia (\u00a1Mahiques conducci\u00f3n!). Esta semana hubo fallo a favor del gobierno respecto al caso Libra, lo salvaron a Toto (y de paso a Mauricio) por la causa del pr\u00e9stamo del FMI y, como si esto fuera poco, se estableci\u00f3 que no hubo estafa al Estado en el uso de subsidios en el transporte de colectivos por parte de la empresa La Nueva Metropol, sino \u201cdesv\u00edos operativos\u201d. \u00bfQui\u00e9n del gobierno -pero que no es funcionario- tiene intereses en ese negocio? \u00a1Pero qu\u00e9 maravilla! <\/p>\n<p>La tercera cuesti\u00f3n es el conflicto eterno de Cris vs. Kicillof. Esta semana plet\u00f3rica de fervor nacionalista hubo documento y acto a favor de la jefa para sondear su candidatura. La juventud maravillosa volvi\u00f3 a cantarle a Axel que \u201csi quer\u00e9s otra canci\u00f3n, ven\u00ed te presto la m\u00eda\u201d. O sea, dir\u00eda Led Zeppelin, \u201cla canci\u00f3n sigue siendo la misma\u201d (curiosamente el tema fue lanzado en aquel \u201cglorioso\u201d 1973).<\/p>\n<p>Ya tuvimos un presidente que crey\u00f3 que era un ni\u00f1o mimado del gobierno americano de turno y cometi\u00f3 un error tr\u00e1gico con Malvinas. Por suerte, con todos sus defectos, ahora la democracia est\u00e1 vigente en la Argentina.<\/p>\n","protected":false},"excerpt":{"rendered":"<p>Cuando los jugadores argentinos desplegaron la famosa bandera sobre las Malvinas, el Presidente, la ministra de Seguridad y algunos militantes digitales libertarios tomaron distancia de la actitud. Era l\u00f3gico: si el Presidente es pro-Occidente y admirador de Thatcher, no ten\u00eda sentido salirse de los carriles de lo deportivo. Pero luego pasaron cosas\u2026 Aunque parezca mentira, [&hellip;]<\/p>\n","protected":false},"author":1,"featured_media":55445,"comment_status":"closed","ping_status":"closed","sticky":false,"template":"","format":"standard","meta":{"om_disable_all_campaigns":false,"_monsterinsights_skip_tracking":false,"_monsterinsights_sitenote_active":false,"_monsterinsights_sitenote_note":"","_monsterinsights_sitenote_category":0},"categories":[30],"tags":[],"aioseo_notices":[],"_links":{"self":[{"href":"https:\/\/cordobapolitica.com\/index.php?rest_route=\/wp\/v2\/posts\/55444"}],"collection":[{"href":"https:\/\/cordobapolitica.com\/index.php?rest_route=\/wp\/v2\/posts"}],"about":[{"href":"https:\/\/cordobapolitica.com\/index.php?rest_route=\/wp\/v2\/types\/post"}],"author":[{"embeddable":true,"href":"https:\/\/cordobapolitica.com\/index.php?rest_route=\/wp\/v2\/users\/1"}],"replies":[{"embeddable":true,"href":"https:\/\/cordobapolitica.com\/index.php?rest_route=%2Fwp%2Fv2%2Fcomments&post=55444"}],"version-history":[{"count":0,"href":"https:\/\/cordobapolitica.com\/index.php?rest_route=\/wp\/v2\/posts\/55444\/revisions"}],"wp:featuredmedia":[{"embeddable":true,"href":"https:\/\/cordobapolitica.com\/index.php?rest_route=\/wp\/v2\/media\/55445"}],"wp:attachment":[{"href":"https:\/\/cordobapolitica.com\/index.php?rest_route=%2Fwp%2Fv2%2Fmedia&parent=55444"}],"wp:term":[{"taxonomy":"category","embeddable":true,"href":"https:\/\/cordobapolitica.com\/index.php?rest_route=%2Fwp%2Fv2%2Fcategories&post=55444"},{"taxonomy":"post_tag","embeddable":true,"href":"https:\/\/cordobapolitica.com\/index.php?rest_route=%2Fwp%2Fv2%2Ftags&post=55444"}],"curies":[{"name":"wp","href":"https:\/\/api.w.org\/{rel}","templated":true}]}}