{"id":55440,"date":"2026-09-05T04:33:45","date_gmt":"2026-09-05T04:33:45","guid":{"rendered":"https:\/\/legislaturacba.gob.ar\/?p=138717"},"modified":"2026-09-05T04:33:45","modified_gmt":"2026-09-05T04:33:45","slug":"prunotto-en-villa-maria-en-cordoba-elegimos-lo-que-nos-une-el-trabajo-la-educacion-y-la-construccion-colectiva","status":"publish","type":"post","link":"https:\/\/cordobapolitica.com\/?p=55440","title":{"rendered":"Prunotto en Villa Mar\u00eda: \u201cEn C\u00f3rdoba elegimos lo que nos une: el trabajo, la educaci\u00f3n y la construcci\u00f3n colectiva\u201d"},"content":{"rendered":"<p>En<strong> Villa Mar\u00eda<\/strong>, este viernes la vicegobernadora de C\u00f3rdoba, <strong>Myrian Prunotto<\/strong>, <strong>puso en valor el modelo cordob\u00e9s de desarrollo<\/strong>, basado en la producci\u00f3n, el trabajo, la educaci\u00f3n y la articulaci\u00f3n permanente entre los sectores p\u00fablico y privado.<\/p>\n<p>La vicegobernadora realiz\u00f3 estas declaraciones en el \u00e1mbito de Meca 2026, una actividad que reuni\u00f3 a representantes del sector agroindustrial, instituciones educativas, autoridades locales y provinciales, y actores de la cadena productiva. <\/p>\n<figure class=\"wp-block-gallery columns-2 is-cropped\">\n<ul class=\"blocks-gallery-grid\">\n<li class=\"blocks-gallery-item\">\n<figure><img src=\"http:\/\/cordobapolitica.com\/wp-content\/uploads\/2026\/09\/prunotto-en-villa-maria-en-cordoba-elegimos-lo-que-nos-une-el-trabajo-la-educacion-y-la-construccion-colectiva.jpg\" alt data-id=\"138744\" data-full-url=\"http:\/\/cordobapolitica.com\/wp-content\/uploads\/2026\/09\/prunotto-en-villa-maria-en-cordoba-elegimos-lo-que-nos-une-el-trabajo-la-educacion-y-la-construccion-colectiva.jpg\" data-link=\"https:\/\/legislaturacba.gob.ar\/?attachment_id=138744\" class=\"wp-image-138744\"><\/figure>\n<\/li>\n<li class=\"blocks-gallery-item\">\n<figure><img src=\"http:\/\/cordobapolitica.com\/wp-content\/uploads\/2026\/09\/prunotto-en-villa-maria-en-cordoba-elegimos-lo-que-nos-une-el-trabajo-la-educacion-y-la-construccion-colectiva-1.jpg\" alt data-id=\"138746\" data-full-url=\"http:\/\/cordobapolitica.com\/wp-content\/uploads\/2026\/09\/prunotto-en-villa-maria-en-cordoba-elegimos-lo-que-nos-une-el-trabajo-la-educacion-y-la-construccion-colectiva-1.jpg\" data-link=\"https:\/\/legislaturacba.gob.ar\/?attachment_id=138746\" class=\"wp-image-138746\"><\/figure>\n<\/li>\n<\/ul>\n<\/figure>\n<p><em>\u201cM\u00e1s all\u00e1 de las diferencias, <strong>en C\u00f3rdoba elegimos lo que nos une: el trabajo, la educaci\u00f3n y la construcci\u00f3n colectiva <\/strong>para que cada comunidad pueda desarrollarse\u201d<\/em>, expres\u00f3.<\/p>\n<p>Prunotto fue recibida en Villa Mar\u00eda por el intendente local, <strong>Eduardo Accastello<\/strong>; el presidente de la Sociedad Rural Villa Mar\u00eda, <strong>Juan Jos\u00e9 Reale<\/strong>; y el director del Grupo TodoAgro, <strong>Jos\u00e9 Iachetta<\/strong>.<\/p>\n<figure class=\"wp-block-gallery columns-3 is-cropped\"><\/figure>\n<p>En la oportunidad, <strong>Prunotto destac\u00f3 el entramado productivo de la regi\u00f3n y el rol estrat\u00e9gico de la actividad l\u00e1ctea<\/strong>, adem\u00e1s de remarcar<strong> el compromiso del Gobierno de C\u00f3rdoba con el crecimiento equilibrado y la inclusi\u00f3n social<\/strong>.<\/p>\n<p><em>\u201cEn C\u00f3rdoba tenemos un compromiso claro: <strong>impulsar la producci\u00f3n y el crecimiento, pero siempre con una mirada solidaria<\/strong>, acompa\u00f1ando a quienes m\u00e1s lo necesitan\u201d<\/em>, sostuvo la vicegobernadora.<\/p>\n<figure class=\"wp-block-gallery columns-2 is-cropped\">\n<ul class=\"blocks-gallery-grid\">\n<li class=\"blocks-gallery-item\">\n<figure><img src=\"http:\/\/cordobapolitica.com\/wp-content\/uploads\/2026\/09\/prunotto-en-villa-maria-en-cordoba-elegimos-lo-que-nos-une-el-trabajo-la-educacion-y-la-construccion-colectiva-2.jpg\" alt data-id=\"138747\" data-full-url=\"http:\/\/cordobapolitica.com\/wp-content\/uploads\/2026\/09\/prunotto-en-villa-maria-en-cordoba-elegimos-lo-que-nos-une-el-trabajo-la-educacion-y-la-construccion-colectiva-2.jpg\" data-link=\"https:\/\/legislaturacba.gob.ar\/?attachment_id=138747\" class=\"wp-image-138747\"><\/figure>\n<\/li>\n<li class=\"blocks-gallery-item\">\n<figure><img src=\"http:\/\/cordobapolitica.com\/wp-content\/uploads\/2026\/09\/prunotto-en-villa-maria-en-cordoba-elegimos-lo-que-nos-une-el-trabajo-la-educacion-y-la-construccion-colectiva-3.jpg\" alt data-id=\"138753\" data-full-url=\"http:\/\/cordobapolitica.com\/wp-content\/uploads\/2026\/09\/prunotto-en-villa-maria-en-cordoba-elegimos-lo-que-nos-une-el-trabajo-la-educacion-y-la-construccion-colectiva-3.jpg\" data-link=\"https:\/\/legislaturacba.gob.ar\/?attachment_id=138753\" class=\"wp-image-138753\"><\/figure>\n<\/li>\n<\/ul>\n<\/figure>\n<p>En esta l\u00ednea, se\u00f1al\u00f3 que la prosperidad de Villa Mar\u00eda y su regi\u00f3n es resultado de un proceso colectivo sostenido en el tiempo, con el aporte de productores, trabajadores, empresas, instituciones educativas y gobiernos locales.<\/p>\n<p><em>\u201cEsta es una regi\u00f3n pr\u00f3spera porque hay trabajo, capacitaci\u00f3n y una fuerte decisi\u00f3n de crecer, integrando a todos los actores sin distinciones\u201d<\/em>, afirm\u00f3 Prunotto.<\/p>\n<p>La vicegobernadora tambi\u00e9n valor\u00f3 el esp\u00edritu de cooperaci\u00f3n que caracteriza a las comunidades del interior provincial y subray\u00f3 que el desarrollo territorial requiere acuerdos, planificaci\u00f3n y una mirada de largo plazo.<\/p>\n<p>Por su parte, Accastello destac\u00f3 el posicionamiento de la ciudad como un nodo productivo estrat\u00e9gico de la Argentina y resalt\u00f3 la importancia de consolidar la integraci\u00f3n entre el campo, la industria, la educaci\u00f3n, la innovaci\u00f3n y el talento local.<\/p>\n<figure class=\"wp-block-gallery columns-2 is-cropped\">\n<ul class=\"blocks-gallery-grid\">\n<li class=\"blocks-gallery-item\">\n<figure><img src=\"http:\/\/cordobapolitica.com\/wp-content\/uploads\/2026\/09\/prunotto-en-villa-maria-en-cordoba-elegimos-lo-que-nos-une-el-trabajo-la-educacion-y-la-construccion-colectiva-4.jpg\" alt data-id=\"138755\" data-full-url=\"http:\/\/cordobapolitica.com\/wp-content\/uploads\/2026\/09\/prunotto-en-villa-maria-en-cordoba-elegimos-lo-que-nos-une-el-trabajo-la-educacion-y-la-construccion-colectiva-4.jpg\" data-link=\"https:\/\/legislaturacba.gob.ar\/?attachment_id=138755\" class=\"wp-image-138755\"><\/figure>\n<\/li>\n<li class=\"blocks-gallery-item\">\n<figure><img src=\"http:\/\/cordobapolitica.com\/wp-content\/uploads\/2026\/09\/prunotto-en-villa-maria-en-cordoba-elegimos-lo-que-nos-une-el-trabajo-la-educacion-y-la-construccion-colectiva-3.jpg\" alt data-id=\"138753\" data-full-url=\"http:\/\/cordobapolitica.com\/wp-content\/uploads\/2026\/09\/prunotto-en-villa-maria-en-cordoba-elegimos-lo-que-nos-une-el-trabajo-la-educacion-y-la-construccion-colectiva-3.jpg\" data-link=\"https:\/\/legislaturacba.gob.ar\/?attachment_id=138753\" class=\"wp-image-138753\"><\/figure>\n<\/li>\n<\/ul>\n<\/figure>\n<p><em>\u201cVilla Mar\u00eda es la ciudad-regi\u00f3n m\u00e1s importante de la Argentina para el desarrollo productivo, que vincula el campo, la industria, la educaci\u00f3n y el talento creativo\u201d<\/em>, sostuvo el intendente local.<\/p>\n<h4><strong>Villa Mar\u00eda, nodo productivo y l\u00e1cteo<\/strong><\/h4>\n<p><strong>Meca 2026<\/strong> es una propuesta que re\u00fane a empresas, productores, instituciones, emprendedores y representantes de la agroindustria, la tecnolog\u00eda y los servicios.<\/p>\n<figure class=\"wp-block-gallery columns-2 is-cropped\">\n<ul class=\"blocks-gallery-grid\">\n<li class=\"blocks-gallery-item\">\n<figure><img src=\"http:\/\/cordobapolitica.com\/wp-content\/uploads\/2026\/09\/prunotto-en-villa-maria-en-cordoba-elegimos-lo-que-nos-une-el-trabajo-la-educacion-y-la-construccion-colectiva-5.jpg\" alt data-id=\"138756\" data-full-url=\"http:\/\/cordobapolitica.com\/wp-content\/uploads\/2026\/09\/prunotto-en-villa-maria-en-cordoba-elegimos-lo-que-nos-une-el-trabajo-la-educacion-y-la-construccion-colectiva-5.jpg\" data-link=\"https:\/\/legislaturacba.gob.ar\/?attachment_id=138756\" class=\"wp-image-138756\"><\/figure>\n<\/li>\n<li class=\"blocks-gallery-item\">\n<figure><img src=\"http:\/\/cordobapolitica.com\/wp-content\/uploads\/2026\/09\/prunotto-en-villa-maria-en-cordoba-elegimos-lo-que-nos-une-el-trabajo-la-educacion-y-la-construccion-colectiva-6.jpg\" alt data-id=\"138754\" data-full-url=\"http:\/\/cordobapolitica.com\/wp-content\/uploads\/2026\/09\/prunotto-en-villa-maria-en-cordoba-elegimos-lo-que-nos-une-el-trabajo-la-educacion-y-la-construccion-colectiva-6.jpg\" data-link=\"https:\/\/legislaturacba.gob.ar\/?attachment_id=138754\" class=\"wp-image-138754\"><\/figure>\n<\/li>\n<\/ul>\n<\/figure>\n<p>La iniciativa busca acercar el campo a la ciudad, visibilizar el valor agregado en origen y fortalecer la identidad de Villa Mar\u00eda como ciudad-regi\u00f3n y centro de eventos productivos.<\/p>\n<p>Durante la actividad tambi\u00e9n se puso en valor el car\u00e1cter solidario de la muestra, expresado en la <strong>elaboraci\u00f3n y subasta del \u201cqueso gigante solidario\u201d<\/strong>, con la participaci\u00f3n del maestro quesero Sergio Ch\u00e1vez.<\/p>\n<figure class=\"wp-block-gallery columns-2 is-cropped\">\n<ul class=\"blocks-gallery-grid\">\n<li class=\"blocks-gallery-item\">\n<figure><img src=\"http:\/\/cordobapolitica.com\/wp-content\/uploads\/2026\/09\/prunotto-en-villa-maria-en-cordoba-elegimos-lo-que-nos-une-el-trabajo-la-educacion-y-la-construccion-colectiva-7.jpg\" alt data-id=\"138749\" data-full-url=\"http:\/\/cordobapolitica.com\/wp-content\/uploads\/2026\/09\/prunotto-en-villa-maria-en-cordoba-elegimos-lo-que-nos-une-el-trabajo-la-educacion-y-la-construccion-colectiva-7.jpg\" data-link=\"https:\/\/legislaturacba.gob.ar\/?attachment_id=138749\" class=\"wp-image-138749\"><\/figure>\n<\/li>\n<li class=\"blocks-gallery-item\">\n<figure><img src=\"http:\/\/cordobapolitica.com\/wp-content\/uploads\/2026\/09\/prunotto-en-villa-maria-en-cordoba-elegimos-lo-que-nos-une-el-trabajo-la-educacion-y-la-construccion-colectiva-8.jpg\" alt data-id=\"138743\" data-full-url=\"http:\/\/cordobapolitica.com\/wp-content\/uploads\/2026\/09\/prunotto-en-villa-maria-en-cordoba-elegimos-lo-que-nos-une-el-trabajo-la-educacion-y-la-construccion-colectiva-8.jpg\" data-link=\"https:\/\/legislaturacba.gob.ar\/?attachment_id=138743\" class=\"wp-image-138743\"><\/figure>\n<\/li>\n<\/ul>\n<\/figure>\n<p>Lo recaudado ser\u00e1 destinado a la compra de leche en polvo para merenderos y bancos de alimentos de la regi\u00f3n, como una muestra concreta de que la producci\u00f3n y la solidaridad pueden avanzar de manera conjunta.<\/p>\n<p>De esta manera, el Gobierno de C\u00f3rdoba reafirma una agenda de desarrollo que promueve la producci\u00f3n, el agregado de valor, la capacitaci\u00f3n y el arraigo, con una presencia activa del Estado y una articulaci\u00f3n permanente con quienes generan trabajo y oportunidades.<\/p>\n<figure class=\"wp-block-gallery columns-2 is-cropped\">\n<ul class=\"blocks-gallery-grid\">\n<li class=\"blocks-gallery-item\">\n<figure><img src=\"http:\/\/cordobapolitica.com\/wp-content\/uploads\/2026\/09\/prunotto-en-villa-maria-en-cordoba-elegimos-lo-que-nos-une-el-trabajo-la-educacion-y-la-construccion-colectiva-9.jpg\" alt data-id=\"138757\" data-full-url=\"http:\/\/cordobapolitica.com\/wp-content\/uploads\/2026\/09\/prunotto-en-villa-maria-en-cordoba-elegimos-lo-que-nos-une-el-trabajo-la-educacion-y-la-construccion-colectiva-9.jpg\" data-link=\"https:\/\/legislaturacba.gob.ar\/?attachment_id=138757\" class=\"wp-image-138757\"><\/figure>\n<\/li>\n<li class=\"blocks-gallery-item\">\n<figure><img src=\"http:\/\/cordobapolitica.com\/wp-content\/uploads\/2026\/09\/prunotto-en-villa-maria-en-cordoba-elegimos-lo-que-nos-une-el-trabajo-la-educacion-y-la-construccion-colectiva-10.jpg\" alt data-id=\"138748\" data-full-url=\"http:\/\/cordobapolitica.com\/wp-content\/uploads\/2026\/09\/prunotto-en-villa-maria-en-cordoba-elegimos-lo-que-nos-une-el-trabajo-la-educacion-y-la-construccion-colectiva-10.jpg\" data-link=\"https:\/\/legislaturacba.gob.ar\/?attachment_id=138748\" class=\"wp-image-138748\"><\/figure>\n<\/li>\n<\/ul>\n<\/figure>\n<p>El modelo cordob\u00e9s vuelve a mostrar que el crecimiento no se construye desde la divisi\u00f3n, sino desde la cooperaci\u00f3n entre el campo, la industria, el conocimiento y las comunidades.<\/p>\n<p>Con esa convicci\u00f3n, la Provincia seguir\u00e1 acompa\u00f1ando a Villa Mar\u00eda y a cada localidad del interior para que el desarrollo productivo se traduzca en m\u00e1s empleo, mayor inclusi\u00f3n y un futuro con oportunidades para todos los cordobeses.<\/p>\n","protected":false},"excerpt":{"rendered":"<p>En Villa Mar\u00eda, este viernes la vicegobernadora de C\u00f3rdoba, Myrian Prunotto, puso en valor el modelo cordob\u00e9s de desarrollo, basado en la producci\u00f3n, el trabajo, la educaci\u00f3n y la articulaci\u00f3n permanente entre los sectores p\u00fablico y privado. La vicegobernadora realiz\u00f3 estas declaraciones en el \u00e1mbito de Meca 2026, una actividad que reuni\u00f3 a representantes del [&hellip;]<\/p>\n","protected":false},"author":1,"featured_media":55441,"comment_status":"closed","ping_status":"closed","sticky":false,"template":"","format":"standard","meta":{"om_disable_all_campaigns":false,"_monsterinsights_skip_tracking":false,"_monsterinsights_sitenote_active":false,"_monsterinsights_sitenote_note":"","_monsterinsights_sitenote_category":0},"categories":[31],"tags":[],"aioseo_notices":[],"_links":{"self":[{"href":"https:\/\/cordobapolitica.com\/index.php?rest_route=\/wp\/v2\/posts\/55440"}],"collection":[{"href":"https:\/\/cordobapolitica.com\/index.php?rest_route=\/wp\/v2\/posts"}],"about":[{"href":"https:\/\/cordobapolitica.com\/index.php?rest_route=\/wp\/v2\/types\/post"}],"author":[{"embeddable":true,"href":"https:\/\/cordobapolitica.com\/index.php?rest_route=\/wp\/v2\/users\/1"}],"replies":[{"embeddable":true,"href":"https:\/\/cordobapolitica.com\/index.php?rest_route=%2Fwp%2Fv2%2Fcomments&post=55440"}],"version-history":[{"count":0,"href":"https:\/\/cordobapolitica.com\/index.php?rest_route=\/wp\/v2\/posts\/55440\/revisions"}],"wp:featuredmedia":[{"embeddable":true,"href":"https:\/\/cordobapolitica.com\/index.php?rest_route=\/wp\/v2\/media\/55441"}],"wp:attachment":[{"href":"https:\/\/cordobapolitica.com\/index.php?rest_route=%2Fwp%2Fv2%2Fmedia&parent=55440"}],"wp:term":[{"taxonomy":"category","embeddable":true,"href":"https:\/\/cordobapolitica.com\/index.php?rest_route=%2Fwp%2Fv2%2Fcategories&post=55440"},{"taxonomy":"post_tag","embeddable":true,"href":"https:\/\/cordobapolitica.com\/index.php?rest_route=%2Fwp%2Fv2%2Ftags&post=55440"}],"curies":[{"name":"wp","href":"https:\/\/api.w.org\/{rel}","templated":true}]}}