{"id":55433,"date":"2026-09-04T20:38:00","date_gmt":"2026-09-04T20:38:00","guid":{"rendered":"https:\/\/www.ambito.com\/ambito-nacional\/la-tercera-edicion-del-santa-fe-business-forum-culmino-exportaciones-casi-us15-millones-n6318755"},"modified":"2026-09-04T20:38:00","modified_gmt":"2026-09-04T20:38:00","slug":"la-tercera-edicion-del-santa-fe-business-forum-culmino-con-exportaciones-por-casi-us15-millones","status":"publish","type":"post","link":"https:\/\/cordobapolitica.com\/?p=55433","title":{"rendered":"La tercera edici\u00f3n del Santa Fe Business Forum culmin\u00f3 con exportaciones por casi u$s15 millones"},"content":{"rendered":"<p><img src=\"http:\/\/cordobapolitica.com\/wp-content\/uploads\/2026\/09\/la-tercera-edicion-del-santa-fe-business-forum-culmino-con-exportaciones-por-casi-us15-millones.jpg\"><\/p>\n<div id>\n<p id=\"p-1788550618272-83965\">El gobernador <strong>Maximiliano Pullaro<\/strong> cerr\u00f3 este viernes la tercera y m\u00e1s grande edici\u00f3n del <strong><a href=\"https:\/\/www.ambito.com\/economia\/pullaro-el-gobierno-logro-estabilizar-la-pero-le-falta-una-mirada-productiva-del-interior-n6317377\" target=\"_blank\" rel=\"follow noopener\">Santa Fe Business Forum<\/a><\/strong>, un evento que culmin\u00f3 con m\u00e1s de <strong> 7.000 instancias de vinculaci\u00f3n<\/strong> entre empresas de la regi\u00f3n, fondos de inversi\u00f3n y compradores internacionales. \u201cSe cerraron muchos negocios y, a partir de las encuestas realizadas al 35 % de las empresas participantes, <strong>ya tenemos cerca de u$s15 millones en exportaciones\u201d,<\/strong> se\u00f1al\u00f3 el mandatario.<\/p>\n<\/div>\n<div id>\n<p id=\"p-1788550618272-69197\">La iniciativa del Gobierno de Santa Fe, coordinada por el Ministerio de Desarrollo Productivo, tuvo lugar entre el 31 de agosto y el 4 de septiembre. El encuentro consolid\u00f3 a la provincia como una plataforma de comercio exterior e inversiones del interior del pa\u00eds, al vincular la producci\u00f3n local con m\u00e1s de 250 operadores y delegaciones de 50 naciones.<\/p>\n<\/div>\n<div id>\n<p id=\"p-1788550618272-87862\"> El volumen de actividad incluy\u00f3 m\u00e1s de <strong>5.200 entrevistas comerciales bilaterales<\/strong> y m\u00e1s de <strong>1.800 contactos en el Foro de Inversiones<\/strong>, con un r\u00e9cord de m\u00e1s de <strong>7.000 vinculaciones<\/strong>. El encuentro reuni\u00f3 a compradores, inversores y empresas de distintos pa\u00edses y forma parte de la estrategia impulsada por el gobernador Pullaro para promover exportaciones, atraer inversiones y consolidar a Santa Fe como una provincia l\u00edder en producci\u00f3n, innovaci\u00f3n y comercio internacional.<\/p>\n<\/div>\n<div id>\n<h2 id=\"p-1788551479925-46284\">Maximiliano Pullaro cerr\u00f3 el Santa Fe Business Forum<\/h2>\n<p id=\"p-1788550616311-27224\">Durante la jornada de cierre, el mandatario afirm\u00f3 que esta tercera edici\u00f3n fue<strong> \u201cla m\u00e1s grande y la m\u00e1s importante\u201d. <\/strong>El gobernador estim\u00f3 que el volumen de operaciones podr\u00eda superar los 40 millones de d\u00f3lares.<\/p>\n<\/div>\n<div id>\n<p id=\"p-1788550673956-33597\">\u201cDespu\u00e9s contin\u00faa durante todo el a\u00f1o la comercializaci\u00f3n y la internacionalizaci\u00f3n de nuestros productos. Eso permite que las empresas santafesinas consoliden los mercados que ya tienen, pero tambi\u00e9n que conquisten otros nuevos y, desde ese lugar, cumplir el objetivo del Gobierno Provincial de generar crecimiento econ\u00f3mico y trabajo\u201d, sostuvo.<\/p>\n<\/div>\n<div id>\n<p id=\"p-1788550676592-96513\">Para Pullaro,<strong> \u201choy gobernar en Argentina es generar trabajo\u201d<\/strong>. Y a\u00f1adi\u00f3: \u201cSi los gobiernos nos movemos de manera inteligente, encontramos nuevos mercados y generamos puestos de trabajo, la rueda en Santa Fe va a empezar a girar\u201d.<\/p>\n<p id=\"p-1788550678785-97171\">Asimismo, remarc\u00f3 que<strong> \u201cSanta Fe se posiciona como una provincia de eventos de car\u00e1cter nacional e internacional\u201d.<\/strong> Como ejemplo, mencion\u00f3 que durante cuatro d\u00edas participaron 250 compradores internacionales, cerca de 40 embajadores y m\u00e1s de 1.000 empresas santafesinas, adem\u00e1s de otras siete procedentes de distintas provincias.<\/p>\n<p id=\"p-1788550925956-50442\">El mandatario anticip\u00f3 adem\u00e1s que empresas de otros distritos utilizar\u00e1n la infraestructura santafesina para comercializar sus productos.<\/p>\n<p id=\"p-1788550682484-86671\">En ese sentido, cit\u00f3 el caso de una firma yerbatera que exportar\u00e1 25 contenedores a trav\u00e9s del puerto de Rosario y utilizar\u00e1 el sistema Exporta Simple del Aeropuerto Internacional de Rosario. <strong>\u201cEso tambi\u00e9n genera trabajo y movimiento econ\u00f3mico para la provincia\u201d,<\/strong> afirm\u00f3.<\/p>\n<div class=\"embed_cont type_imagen\" id=\"8274242-Libre-188629380_wrap\">\n<div id=\"8274242-Libre-188629380_content\" class=\"embed_content\"><img src=\"http:\/\/cordobapolitica.com\/wp-content\/uploads\/2026\/09\/la-tercera-edicion-del-santa-fe-business-forum-culmino-con-exportaciones-por-casi-us15-millones-2.jpg\" loading=\"lazy\" alt title width=\"730\" height=\"undefined\" id=\"8274242-Libre-188629380_embed\"><\/div><\/div>\n<p id=\"p-1788551023002-77012\">Por su parte, el ministro de Desarrollo Productivo de Santa Fe, <strong>Gustavo Puccini<\/strong>, destac\u00f3 que \u201ccuando el Estado planifica y trabaja al lado del que produce, los resultados superan cualquier expectativa\u201d. Adem\u00e1s, asegur\u00f3 que se alcanzaron \u201cm\u00e1s de 7.000 instancias de di\u00e1logo directo con los mercados m\u00e1s competitivos\u201d.<\/p>\n<p id=\"p-1788551023002-61541\"><strong>\u201cLo ocurrido en La Fluvial, en la ciudad de Santa Fe y en cada f\u00e1brica del interior confirma que Santa Fe tiene escala, tecnolog\u00eda y audacia para liderar la internacionalizaci\u00f3n productiva de la Argentina\u201d,<\/strong> sostuvo.<\/p>\n<p id=\"p-1788551023002-24239\">A su turno, la secretaria de Comercio Exterior, Georgina Losada, remarc\u00f3 que el evento organizado por el Gobierno provincial \u201ces una plataforma de infraestructura comercial y la mejor herramienta de competitividad; algo que nunca se hizo en la historia de la Rep\u00fablica Argentina\u201d.<\/p>\n<p id=\"p-1788551023002-60568\">Losada detall\u00f3 que, entre la primera y la tercera edici\u00f3n, <strong>los encuentros de negocios pasaron de 3.120 a m\u00e1s de 5.100; las empresas participantes, de 1.000 a 1.100; y los sectores involucrados, de 15 a 60 subsectores productivos. Adem\u00e1s, el auditorio de capacitaciones pas\u00f3 de 24 a 44 charlas.<\/strong><\/p>\n<p id=\"p-1788551023002-38212\">La funcionaria tambi\u00e9n se\u00f1al\u00f3 que el Foro de Inversiones creci\u00f3 de 250 a m\u00e1s de 1.200 encuentros, con la participaci\u00f3n de 44 fondos de inversi\u00f3n y 300 startups. En tanto, los circuitos productivos aumentaron de nueve a 58.<\/p>\n<p id=\"p-1788551023002-30006\"><strong>Sobre el cierre, Losada explic\u00f3 que los productos que m\u00e1s exportaciones generan para la provincia corresponden a las manufacturas de origen agropecuario y a los alimentos con valor agregado. <\/strong><\/p>\n<p id=\"p-1788551022682-41212\">\u201cPor eso somos la segunda provincia exportadora del pa\u00eds y el Gran Rosario es el primer nodo industrial del mundo\u201d, concluy\u00f3.<\/p>\n<\/div>\n","protected":false},"excerpt":{"rendered":"<p>El gobernador Maximiliano Pullaro cerr\u00f3 este viernes la tercera y m\u00e1s grande edici\u00f3n del Santa Fe Business Forum, un evento que culmin\u00f3 con m\u00e1s de 7.000 instancias de vinculaci\u00f3n entre empresas de la regi\u00f3n, fondos de inversi\u00f3n y compradores internacionales. \u201cSe cerraron muchos negocios y, a partir de las encuestas realizadas al 35 % de [&hellip;]<\/p>\n","protected":false},"author":1,"featured_media":55434,"comment_status":"closed","ping_status":"closed","sticky":false,"template":"","format":"standard","meta":{"om_disable_all_campaigns":false,"_monsterinsights_skip_tracking":false,"_monsterinsights_sitenote_active":false,"_monsterinsights_sitenote_note":"","_monsterinsights_sitenote_category":0},"categories":[3],"tags":[],"aioseo_notices":[],"_links":{"self":[{"href":"https:\/\/cordobapolitica.com\/index.php?rest_route=\/wp\/v2\/posts\/55433"}],"collection":[{"href":"https:\/\/cordobapolitica.com\/index.php?rest_route=\/wp\/v2\/posts"}],"about":[{"href":"https:\/\/cordobapolitica.com\/index.php?rest_route=\/wp\/v2\/types\/post"}],"author":[{"embeddable":true,"href":"https:\/\/cordobapolitica.com\/index.php?rest_route=\/wp\/v2\/users\/1"}],"replies":[{"embeddable":true,"href":"https:\/\/cordobapolitica.com\/index.php?rest_route=%2Fwp%2Fv2%2Fcomments&post=55433"}],"version-history":[{"count":0,"href":"https:\/\/cordobapolitica.com\/index.php?rest_route=\/wp\/v2\/posts\/55433\/revisions"}],"wp:featuredmedia":[{"embeddable":true,"href":"https:\/\/cordobapolitica.com\/index.php?rest_route=\/wp\/v2\/media\/55434"}],"wp:attachment":[{"href":"https:\/\/cordobapolitica.com\/index.php?rest_route=%2Fwp%2Fv2%2Fmedia&parent=55433"}],"wp:term":[{"taxonomy":"category","embeddable":true,"href":"https:\/\/cordobapolitica.com\/index.php?rest_route=%2Fwp%2Fv2%2Fcategories&post=55433"},{"taxonomy":"post_tag","embeddable":true,"href":"https:\/\/cordobapolitica.com\/index.php?rest_route=%2Fwp%2Fv2%2Ftags&post=55433"}],"curies":[{"name":"wp","href":"https:\/\/api.w.org\/{rel}","templated":true}]}}