{"id":55421,"date":"2026-09-04T22:15:27","date_gmt":"2026-09-04T22:15:27","guid":{"rendered":"http:\/\/ea996ed64a26cd103ef6f6e69dc038a9"},"modified":"2026-09-04T22:15:27","modified_gmt":"2026-09-04T22:15:27","slug":"la-petrolera-israeli-de-malvinas-consiguio-financiamiento-citando-la-inaccion-de-milei-en-el-reclamo-de-soberania","status":"publish","type":"post","link":"https:\/\/cordobapolitica.com\/?p=55421","title":{"rendered":"La petrolera israel\u00ed de Malvinas consigui\u00f3 financiamiento citando la &#8220;inacci\u00f3n&#8221; de Milei en el reclamo de soberan\u00eda"},"content":{"rendered":"<p><img src=\"http:\/\/cordobapolitica.com\/wp-content\/uploads\/2026\/09\/la-petrolera-israeli-de-malvinas-consiguio-financiamiento-citando-la-inaccion-de-milei-en-el-reclamo-de-soberania.jpg\"><\/p>\n<p>Javier Milei se subi\u00f3 a la causa Malvinas a casi tres a\u00f1os de llegar a la Rosada en los que permiti\u00f3 que dos empresas extranjeras avanzaran en los proyectos para explotar petr\u00f3leo en la cuenca norte de las islas.<\/p>\n<p>El presidente sac\u00f3 pecho en <a href=\"https:\/\/www.lapoliticaonline.com\/tools\/redirect.php?t=3&amp;i=355683&amp;s=b743f1aa8fc58d3683e6e118b4e1a46a\">la cadena nacional del jueves<\/a> para anunciar que endurecer\u00eda las sanciones para ese tipo de empresas que ya est\u00e1n previstas en una ley sancionada en 2011, durante el gobierno de Cristina Kirchner. <\/p>\n<p>La ley 26.659 proh\u00edbe participar, financiar o prestar servicios para actividades hidrocarbur\u00edferas no autorizadas en la plataforma continental argentina y permite inhabilitar a quienes la infrinjan por hasta 20 a\u00f1os. <\/p>\n<p>De hecho, en 2022, el gobierno de Alberto Fern\u00e1ndez aplic\u00f3 esa ley contra la empresa israel\u00ed Navitas, inhabilit\u00e1ndola por veinte a\u00f1os. &#8220;La sanci\u00f3n, m\u00e1xima prevista en la Ley 26.659, declar\u00f3 clandestinas las actividades de la firma israel\u00ed, que opera el proyecto Sea Lion junto a Rockhopper. El proceso se inici\u00f3 en 2021 junto a Harbour Energy, que se retir\u00f3 tras las intimaciones&#8221;, dijo An\u00edbal Fern\u00e1ndez, ex ministro de Seguridad del gobierno de Alberto.<\/p>\n<p><a href=\"https:\/\/www.lapoliticaonline.com\/tools\/redirect.php?t=3&amp;i=355727&amp;s=fc15231744331338857504f0f4f16c0b\" target=\"_blank\" class=\"link-type-content content-type-noticia-ar\" rel=\"noopener\">La petrolera israel\u00ed desaf\u00eda a Milei y dicen que no frenar\u00e1 la operaci\u00f3n en Malvinas: &#8220;Los anuncios no tendr\u00e1n efecto&#8221;<\/a><\/p>\n<p>&#8220;Otras compa\u00f1\u00edas hab\u00edan sido alcanzadas por la misma normativa en a\u00f1os anteriores. Las herramientas legales que se presentan hoy como anuncio ya exist\u00edan y se utilizaron&#8221;, dijo An\u00edbal.<\/p>\n<p>Milei, por el contrario, no s\u00f3lo no sancion\u00f3 a las empresas sino que permiti\u00f3 que avanzaran como nunca en d\u00e9cadas en sus proyectos de explotaci\u00f3n. El pasado 10 de diciembre, es decir, apenas 10 meses atr\u00e1s, la mism\u00edsima Navitas cerr\u00f3 la Final Inversion Decision (FID), la etapa m\u00e1s compleja del proyecto de inversi\u00f3n, que les permiti\u00f3 anunciar que a partir de marzo de 2028 ya estar\u00edan extrayendo petr\u00f3leo de la Cuenca Norte de Malvinas.<\/p>\n<p class=\"authorquote\" title=\"Amit Kornhauser, ejecutivo de Navitas.\">El proceso de decisi\u00f3n de inversi\u00f3n se complet\u00f3 sin interferencia alguna por parte del gobierno argentino y con el pleno respaldo del gobierno de las Islas Malvinas. Las recientes declaraciones del presidente argentino Milei indican que apoya el derecho a la autodeterminaci\u00f3n de los habitantes de las islas y no considera este asunto como una cuesti\u00f3n pol\u00edtica que requiera intervenci\u00f3n.<\/p>\n<p>En marzo, sus directivos incluso festejaron que Milei los dej\u00f3 avanzar sin interferencias. &#8220;El proceso de decisi\u00f3n de inversi\u00f3n se complet\u00f3 sin interferencia alguna por parte del gobierno argentino y con el pleno respaldo del gobierno de las Islas Malvinas&#8221;, dijo Amit Kornhauser, directivo de Navitas, hace s\u00f3lo 5 meses.<\/p>\n<figure class=\"vsmimage\" contenteditable=\"false\"><img loading=\"lazy\" alt=\"La petrolera israel\u00ed de Malvinas consigui\u00f3 financiamiento citando la &quot;inacci\u00f3n&quot; de Milei en el reclamo de soberan\u00eda\" data-vsmid=\"298757\" data-owidth=\"700\" data-oheight=\"467\" src=\"data:image\/png;base64,iVBORw0KGgoAAAANSUhEUgAAArwAAAHTAQMAAAD\/PlkSAAAAA1BMVEUAAACnej3aAAAAAXRSTlMAQObYZgAAAD9JREFUeJztwYEAAAAAw6D5U5\/gBlUBAAAAAAAAAAAAAAAAAAAAAAAAAAAAAAAAAAAAAAAAAAAAAAAAAAAAcAyiWwABEAgxJgAAAABJRU5ErkJggg==\" vsmidos=\"1\" vsmsrc=\"\/files\/image\/298\/298757\/6a9b34d0c709a.jpg\" width=\"700\" height=\"467\"><\/figure>\n<p>&#8220;Las recientes declaraciones del presidente argentino Milei indican que apoya el derecho a la autodeterminaci\u00f3n de los habitantes de las islas y no considera este asunto como una cuesti\u00f3n pol\u00edtica que requiera intervenci\u00f3n&#8221;, dijo entonces Kornhauser, refiri\u00e9ndose a una de las veces que Milei aval\u00f3 la &#8220;autodeterminaci\u00f3n&#8221; de los kelpers.&nbsp;<\/p>\n<p>&#8220;El hecho mismo de que los socios lograran asegurar la financiaci\u00f3n del proyecto, obtener un seguro contra riesgos pol\u00edticos (PRI) de bajo costo y firmar acuerdos con contratistas principales de primer nivel demuestra que la cuesti\u00f3n geopol\u00edtica no est\u00e1 obstaculizando el avance del proyecto&#8221;, dijo el directivo de Navitas .<\/p>\n","protected":false},"excerpt":{"rendered":"<p>Javier Milei se subi\u00f3 a la causa Malvinas a casi tres a\u00f1os de llegar a la Rosada en los que permiti\u00f3 que dos empresas extranjeras avanzaran en los proyectos para explotar petr\u00f3leo en la cuenca norte de las islas. El presidente sac\u00f3 pecho en la cadena nacional del jueves para anunciar que endurecer\u00eda las sanciones [&hellip;]<\/p>\n","protected":false},"author":1,"featured_media":55422,"comment_status":"closed","ping_status":"closed","sticky":false,"template":"","format":"standard","meta":{"om_disable_all_campaigns":false,"_monsterinsights_skip_tracking":false,"_monsterinsights_sitenote_active":false,"_monsterinsights_sitenote_note":"","_monsterinsights_sitenote_category":0},"categories":[30],"tags":[],"aioseo_notices":[],"_links":{"self":[{"href":"https:\/\/cordobapolitica.com\/index.php?rest_route=\/wp\/v2\/posts\/55421"}],"collection":[{"href":"https:\/\/cordobapolitica.com\/index.php?rest_route=\/wp\/v2\/posts"}],"about":[{"href":"https:\/\/cordobapolitica.com\/index.php?rest_route=\/wp\/v2\/types\/post"}],"author":[{"embeddable":true,"href":"https:\/\/cordobapolitica.com\/index.php?rest_route=\/wp\/v2\/users\/1"}],"replies":[{"embeddable":true,"href":"https:\/\/cordobapolitica.com\/index.php?rest_route=%2Fwp%2Fv2%2Fcomments&post=55421"}],"version-history":[{"count":0,"href":"https:\/\/cordobapolitica.com\/index.php?rest_route=\/wp\/v2\/posts\/55421\/revisions"}],"wp:featuredmedia":[{"embeddable":true,"href":"https:\/\/cordobapolitica.com\/index.php?rest_route=\/wp\/v2\/media\/55422"}],"wp:attachment":[{"href":"https:\/\/cordobapolitica.com\/index.php?rest_route=%2Fwp%2Fv2%2Fmedia&parent=55421"}],"wp:term":[{"taxonomy":"category","embeddable":true,"href":"https:\/\/cordobapolitica.com\/index.php?rest_route=%2Fwp%2Fv2%2Fcategories&post=55421"},{"taxonomy":"post_tag","embeddable":true,"href":"https:\/\/cordobapolitica.com\/index.php?rest_route=%2Fwp%2Fv2%2Ftags&post=55421"}],"curies":[{"name":"wp","href":"https:\/\/api.w.org\/{rel}","templated":true}]}}