{"id":55388,"date":"2026-09-04T22:17:00","date_gmt":"2026-09-04T22:17:00","guid":{"rendered":"https:\/\/www.ambito.com\/c6318791"},"modified":"2026-09-04T22:17:00","modified_gmt":"2026-09-04T22:17:00","slug":"soldados-toas-piden-ser-reconocidos-explicitamente-como-veteranos-en-los-proyectos-por-malvinas-anunciados-por-javier-milei","status":"publish","type":"post","link":"https:\/\/cordobapolitica.com\/?p=55388","title":{"rendered":"Soldados TOAS piden ser reconocidos &#8220;expl\u00edcitamente&#8221; como veteranos en los proyectos por Malvinas anunciados por Javier Milei"},"content":{"rendered":"<div id>\n<p id=\"p-1788558553307-33651\">Los <strong>soldados que defendieron el litoral mar\u00edtimo durante la guerra de Malvinas<\/strong> respaldaron el discurso de <strong>Javier Milei <\/strong>sobre la causa <strong>Malvinas <\/strong>pero pidieron que los <strong>proyectos girados al Congreso de la Naci\u00f3n<\/strong> incluyan su <a href=\"https:\/\/www.ambito.com\/ambito-nacional\/malvinas-impulsan-un-amparo-determinar-la-legalidad-una-medida-que-dio-baja-veteranias-n6306656\" target=\"_blank\" rel=\"follow noopener\">reconocimiento &#8220;expl\u00edcito&#8221;<\/a> como veteranos de guerra.<\/p>\n<\/div>\n<div id>\n<p id=\"p-1788558553307-12897\">A trav\u00e9s de una carta abierta dirigida al Presidente, la Asociaci\u00f3n Civil Veteranos de Guerra Combatientes T.O.A.S. 1982, que nuclea a quienes ocuparon posiciones continentales en el Teatro de Operaciones del Atl\u00e1ntico Sur (TOAS), pidi\u00f3 que se contemple contemple el \u201creconocimiento pleno, definitivo e integral\u201d de los <strong>combatientes que participaron del despliegue militar en el litoral mar\u00edtimo patag\u00f3nico durante el conflicto de 1982.<\/strong><\/p>\n<\/p><\/div>\n<div id>\n<h2 id=\"p-1788558626447-98176\"> El pedido de los soldados TOAS<\/h2>\n<p id=\"p-1788558553307-64506\" class>La agrupaci\u00f3n se\u00f1al\u00f3 que coincide con las principales definiciones expresadas por Milei respecto de la cuesti\u00f3n Malvinas y remarcaron que la soberan\u00eda sobre las islas y los espacios mar\u00edtimos e insulares correspondientes constituye una causa \u201cpermanente e irrenunciable\u201d de la Argentina.<\/p>\n<\/div>\n<div id>\n<p id=\"p-1788558553307-3388\" class>Tambi\u00e9n respaldaron el planteo presidencial sobre la necesidad de fortalecer la presencia del Estado en el Atl\u00e1ntico Sur, desarrollar infraestructura estrat\u00e9gica en Tierra del Fuego y reforzar las capacidades de defensa frente a lo que calificaron como amenazas sobre los recursos nacionales.<\/p>\n<\/div>\n<div id>\n<p id=\"p-1788558553307-69697\" class>Sin embargo, marcaron una diferencia central con el Gobierno.<strong> \u201cExiste una contradicci\u00f3n fundamental que la Patria no puede seguir ignorando\u201d,<\/strong> sostuvieron, y cuestionaron que se plantee una pol\u00edtica de defensa y seguridad nacional sin contemplar a quienes participaron del despliegue militar en el territorio continental durante la guerra.<\/p>\n<\/div>\n<div id>\n<p id=\"p-1788558553307-19540\" class>En ese sentido, los veteranos afirmaron que las bases a\u00e9reas, los puntos defensivos navales y las unidades terrestres instaladas a lo largo del litoral mar\u00edtimo patag\u00f3nico formaron parte del dispositivo operativo del TOAS y cumplieron <strong>tareas de \u201cfuego, log\u00edstica, comando y custodia territorial\u201d <\/strong>frente a la amenaza brit\u00e1nica.<\/p>\n<div class=\"embed_cont type_imagen\" id=\"7551936-Libre-1539699495_wrap\">\n<div id=\"7551936-Libre-1539699495_content\" class=\"embed_content\"><img src=\"http:\/\/cordobapolitica.com\/wp-content\/uploads\/2026\/09\/soldados-toas-piden-ser-reconocidos-explicitamente-como-veteranos-en-los-proyectos-por-malvinas-anunciados-por-javier-milei.jpg\" loading=\"eager\" alt title width=\"648\" height=\"460\" id=\"7551936-Libre-1539699495_embed\"><\/div>\n<div class=\"embed_wrapper-cont\" id=\"p-1788558797393-77700\">\n<p>Concertaci\u00f3n TOAS<\/p>\n<\/div><\/div>\n<p id=\"p-1788558553307-55509\">\u201cNo se puede proclamar una pol\u00edtica de Seguridad Nacional, de resguardo del Atl\u00e1ntico Sur y de defensa del litoral mar\u00edtimo patag\u00f3nico, desconociendo a los combatientes que integraron el despliegue del T.O.A.S.\u201d, plantearon.<\/p>\n<p id=\"p-1788558553307-26439\">En ese marco, sostuvieron que una nueva etapa de pol\u00edtica argentina hacia el Atl\u00e1ntico Sur debe incluir la reparaci\u00f3n hist\u00f3rica de quienes participaron del conflicto y vincularon ese reclamo con la <strong>Cl\u00e1usula Transitoria Primera de la Constituci\u00f3n Nacional<\/strong>, que establece que la recuperaci\u00f3n de las Islas Malvinas constituye un objetivo permanente e irrenunciable del pueblo argentino.<\/p>\n<p id=\"p-1788558549268-87067\">A la par, solicitaron que el Gobierno incorpore de manera expl\u00edcita el reconocimiento de los veteranos del TOAS desplegados en el litoral mar\u00edtimo patag\u00f3nico en 1982 dentro de las medidas legislativas e institucionales anunciadas por Milei, entre ellas el proyecto de Ley de Defensa de la Soberan\u00eda Nacional y la reestructuraci\u00f3n del \u00e1rea de Defensa e Inteligencia.<\/p>\n<p id=\"p-1788558679019-12395\" class>Los excombatientes remarcaron que <strong>el pedido no constituye una demanda de privilegios<\/strong>, sino una cuesti\u00f3n de \u201cjusticia hist\u00f3rica\u201d vinculada con el rol desempe\u00f1ado durante el conflicto.<\/p>\n<p id=\"p-1788558679019-95847\" class>\u201cLa soberan\u00eda no es un concepto abstracto: la ejercen las personas de carne y hueso que se uniformaron para responder al llamado de la Patria\u201d, se\u00f1alaron en uno de los pasajes m\u00e1s duros de la carta.<\/p>\n<p id=\"p-1788558679019-13992\">En la misma l\u00ednea, consideraron que resulta <strong>contradictorio buscar recuperar el prestigio de las Fuerzas Armadas y fortalecer el concepto de defensa nacional mientras persiste<\/strong>, seg\u00fan su interpretaci\u00f3n, una deuda con los soldados que fueron desplegados en las costas patag\u00f3nicas bajo \u00f3rdenes de combate.<\/p>\n<\/div>\n","protected":false},"excerpt":{"rendered":"<p>Los soldados que defendieron el litoral mar\u00edtimo durante la guerra de Malvinas respaldaron el discurso de Javier Milei sobre la causa Malvinas pero pidieron que los proyectos girados al Congreso de la Naci\u00f3n incluyan su reconocimiento &#8220;expl\u00edcito&#8221; como veteranos de guerra. A trav\u00e9s de una carta abierta dirigida al Presidente, la Asociaci\u00f3n Civil Veteranos de [&hellip;]<\/p>\n","protected":false},"author":1,"featured_media":55389,"comment_status":"closed","ping_status":"closed","sticky":false,"template":"","format":"standard","meta":{"om_disable_all_campaigns":false,"_monsterinsights_skip_tracking":false,"_monsterinsights_sitenote_active":false,"_monsterinsights_sitenote_note":"","_monsterinsights_sitenote_category":0},"categories":[3],"tags":[],"aioseo_notices":[],"_links":{"self":[{"href":"https:\/\/cordobapolitica.com\/index.php?rest_route=\/wp\/v2\/posts\/55388"}],"collection":[{"href":"https:\/\/cordobapolitica.com\/index.php?rest_route=\/wp\/v2\/posts"}],"about":[{"href":"https:\/\/cordobapolitica.com\/index.php?rest_route=\/wp\/v2\/types\/post"}],"author":[{"embeddable":true,"href":"https:\/\/cordobapolitica.com\/index.php?rest_route=\/wp\/v2\/users\/1"}],"replies":[{"embeddable":true,"href":"https:\/\/cordobapolitica.com\/index.php?rest_route=%2Fwp%2Fv2%2Fcomments&post=55388"}],"version-history":[{"count":0,"href":"https:\/\/cordobapolitica.com\/index.php?rest_route=\/wp\/v2\/posts\/55388\/revisions"}],"wp:featuredmedia":[{"embeddable":true,"href":"https:\/\/cordobapolitica.com\/index.php?rest_route=\/wp\/v2\/media\/55389"}],"wp:attachment":[{"href":"https:\/\/cordobapolitica.com\/index.php?rest_route=%2Fwp%2Fv2%2Fmedia&parent=55388"}],"wp:term":[{"taxonomy":"category","embeddable":true,"href":"https:\/\/cordobapolitica.com\/index.php?rest_route=%2Fwp%2Fv2%2Fcategories&post=55388"},{"taxonomy":"post_tag","embeddable":true,"href":"https:\/\/cordobapolitica.com\/index.php?rest_route=%2Fwp%2Fv2%2Ftags&post=55388"}],"curies":[{"name":"wp","href":"https:\/\/api.w.org\/{rel}","templated":true}]}}