{"id":55325,"date":"2026-09-02T20:23:33","date_gmt":"2026-09-02T20:23:33","guid":{"rendered":"http:\/\/004666c8220a860a085f14523a393ba0"},"modified":"2026-09-02T20:23:33","modified_gmt":"2026-09-02T20:23:33","slug":"voto-malvinas","status":"publish","type":"post","link":"https:\/\/cordobapolitica.com\/?p=55325","title":{"rendered":"Voto Malvinas"},"content":{"rendered":"<p><img src=\"http:\/\/cordobapolitica.com\/wp-content\/uploads\/2026\/09\/voto-malvinas.jpg\"><\/p>\n<div><img src=\"http:\/\/cordobapolitica.com\/wp-content\/uploads\/2026\/09\/voto-malvinas-2.jpg\" class=\"ff-og-image-inserted\"><\/div>\n<p>Javier Milei se sube la campa\u00f1a pro Malvinas para tratar de copar la agenda, tras un gui\u00f1o de Donald Trump de final incierto. Los tuiteros de Santiago Caputo le complican a Quirno la relaci\u00f3n con China. La mesa pol\u00edtica decidi\u00f3 avanzar con la eliminaci\u00f3n de las PASO en medio de un fuerte debate interno. La bronca de los empresarios por el ascenso mete\u00f3rico de los Neuss, apalancado por sus v\u00ednculos con el gobierno.<\/p>\n<p><b>Ignacio Fidanza:<\/b> Bueno, ah\u00ed es otra semana de grandes \u00e9xitos de Milei. \u00bfC\u00f3mo se llama este autor que ha descubierto el satanista?<\/p>\n<p data-path-to-node=\"1\"><b data-path-to-node=\"1\" data-index-in-node=\"0\">Javier Laquidara:<\/b> Richard&#8230; lo tengo ac\u00e1 porque es m\u00e1s f\u00e1cil&#8230; Wurmbrand. Es un pastor luterano rumano de origen jud\u00edo.<\/p>\n<p data-path-to-node=\"2\"><b data-path-to-node=\"2\" data-index-in-node=\"0\">Ignacio Fidanza:<\/b> \u00bfDe d\u00f3nde saca Milei estas cosas?<\/p>\n<p data-path-to-node=\"3\"><b data-path-to-node=\"3\" data-index-in-node=\"0\">Javier Laquidara:<\/b> No s\u00e9, de alg\u00fan foro falopa. Lo m\u00e1s divertido que lo dijo adelante de unos nenes de la escuela.<\/p>\n<p data-path-to-node=\"5\"><b data-path-to-node=\"5\" data-index-in-node=\"0\">Ignacio Fidanza:<\/b> En la ORT. S\u00ed, que vos Luciana Glezer&#8230;<\/p>\n<p data-path-to-node=\"7\"><b data-path-to-node=\"7\" data-index-in-node=\"0\">Luciana Glezer:<\/b> Satanista de profesi\u00f3n.<\/p>\n<figure class=\"vsmwidget widget-type-spotify\" vsmtype=\"spotify\" contenteditable=\"false\"><\/figure>\n<p data-path-to-node=\"8\"><b data-path-to-node=\"8\" data-index-in-node=\"0\">Ignacio Fidanza:<\/b>&nbsp;Hiciste una nota de \u00bfqu\u00e9 pas\u00f3 en la ORT? Le interesa mucho el tema.<\/p>\n<p data-path-to-node=\"9\"><b data-path-to-node=\"9\" data-index-in-node=\"0\">Luciana Glezer:<\/b> El discurso&#8230; El discurso fue desopilante, es un discurso extraordinario.<\/p>\n<p><b>Ignacio Fidanza: <\/b>Nos dimos cuenta.<\/p>\n<p data-path-to-node=\"10\"><b data-path-to-node=\"10\" data-index-in-node=\"0\">Javier Laquidara:<\/b> Esto fueron 10 segundos, nom\u00e1s.<\/p>\n<p data-path-to-node=\"11\"><b data-path-to-node=\"11\" data-index-in-node=\"0\">Luciana Glezer:<\/b> Esto es apenas una muestra del gran despliegue que realiz\u00f3 el presidente en una nueva masterclass, como&#8230;<\/p>\n<p data-path-to-node=\"12\"><b data-path-to-node=\"12\" data-index-in-node=\"0\">Javier Laquidara:<\/b> Con francotiradores.<\/p>\n<p data-path-to-node=\"13\"><b data-path-to-node=\"13\" data-index-in-node=\"0\">Luciana Glezer:<\/b> El que no la pas\u00f3 nada bien es el alumno de la ORT que cuando pas\u00f3 por el detector de metales son\u00f3 el detector de metales, lo miraron con cara de sospechoso&#8230;Y la pas\u00f3 muy mal porque es un alumno de rasgos \u00e1rabes. Y al tener los rasgos \u00e1rabes fue como mirado con mayor&#8230; Ten\u00eda una bolsita con brochecitos clips en el bolsillo.<\/p>\n<p><b>Javier Laquidara:<\/b> Puede ser un arma.<\/p>\n<p data-path-to-node=\"17\"><b data-path-to-node=\"17\" data-index-in-node=\"0\">Luciana Glezer:<\/b> Entr\u00f3 en p\u00e1nico. es una de las tantas historias que se generaron, \u00bfno?, a partir de la visita.<\/p>\n<p data-path-to-node=\"18\"><b data-path-to-node=\"18\" data-index-in-node=\"0\">Ignacio Fidanza:<\/b> Pero mira, hubo hubo cartas de docentes, carta de padres, todo tipo de quilombos.<\/p>\n<p data-path-to-node=\"19\"><b data-path-to-node=\"19\" data-index-in-node=\"0\">Luciana Glezer:<\/b> Hubo una columna previa muy le\u00edda de un el ex director de la ORT Moscovich, ahora no recuerdo su nombre de pila, anticipando esto, \u00bfno?, que para la comunidad ORT no iba a ser gratuito recibir al presidente en estos t\u00e9rminos. Y as\u00ed fue.<\/p>\n<p data-path-to-node=\"20\"><b data-path-to-node=\"20\" data-index-in-node=\"0\">Ignacio Fidanza:<\/b> Pero Nico Eisler ac\u00e1 public\u00f3 que en realidad el que lo lleva es el presidente de la DAIA, que quiere ser ministro, \u00bfno? Una rosca ah\u00ed pol\u00edtica.<\/p>\n<p data-path-to-node=\"21\"><b data-path-to-node=\"21\" data-index-in-node=\"0\">Javier Laquidara:<\/b> Y se arm\u00f3 un quilombo en la DAIA, porque dijeron le sali\u00f3 mal. Quedaron expuestos. Tanto hablar del adoctrinamiento y est\u00e1 hablando de Marx y Sat\u00e1n enfrente de los chicos.<\/p>\n<p data-path-to-node=\"22\"><b data-path-to-node=\"22\" data-index-in-node=\"0\">Ignacio Fidanza:<\/b> Bueno, pero digamos, entre los \u00bfqu\u00e9 otros \u00e9xitos tenemos en esta semana de&#8230;? Ahora Milei va a declarar la guerra de a al Reino Unido, \u00bfno?<\/p>\n<p data-path-to-node=\"23\"><b data-path-to-node=\"23\" data-index-in-node=\"0\">Javier Laquidara:<\/b> S\u00ed, por Malvinas, que nunca se us\u00f3 el tema.<\/p>\n<p data-path-to-node=\"24\"><b data-path-to-node=\"24\" data-index-in-node=\"0\">Ignacio Fidanza:<\/b> O sea, nunca un gobierno en problemas se apel\u00f3 al nacionalismo producto de un conflicto b\u00e9lico, digamos.<\/p>\n<p data-path-to-node=\"25\"><b data-path-to-node=\"25\" data-index-in-node=\"0\">Javier Laquidara:<\/b> Primera vez. Hubo una guerra en el 82 por esto, pero ahora Milei se entusiasm\u00f3 con unas palabras de Trump que le tiraron en una conferencia de prensa ayer. Le preguntaron por una nota de The Telegraph, medio brit\u00e1nico, que dec\u00eda que \u00e9l pod\u00eda reconocer el reclamo de Argentina o desconocer la soberan\u00eda de Reino Unido sobre las Malvinas, y \u00e9l dijo: \u00abBueno, yo puedo revisar todo\u00bb. Y en realidad dicen que lo hace para presionar a los ingleses para que compren m\u00e1s armas, b\u00e1sicamente, para que aumenten su presupuesto de defensa.<\/p>\n<p data-path-to-node=\"26\"><b data-path-to-node=\"26\" data-index-in-node=\"0\">Ignacio Fidanza:<\/b> Pero a ver, \u00bfc\u00f3mo ser\u00eda, digamos, qu\u00e9 imagina Milei? \u00bfQu\u00e9 entonces Trump retira el apoyo y nosotros invadimos? Porque los ingleses van a seguir en las Malvinas, o sea&#8230;<\/p>\n<p data-path-to-node=\"27\"><b data-path-to-node=\"27\" data-index-in-node=\"0\">Javier Laquidara:<\/b> Para m\u00ed Milei cree que Trump maneja el mundo. Entonces si dice: \u00abNo, listo, las Malvinas son argentinas\u00bb, pasan autom\u00e1ticamente&#8230;<\/p>\n<p data-path-to-node=\"28\"><b data-path-to-node=\"28\" data-index-in-node=\"0\">Ignacio Fidanza:<\/b> Bueno, no estar\u00eda pasando en Oriente Medio eso con el estrecho de Ormuz, \u00bfno? O sea, todav\u00eda sigue trabado.<\/p>\n<figure class=\"vsmwidget widget-wrapper iframehidden widget-type-youtube youtube \" vsmtype=\"youtube\" contenteditable=\"false\" hiturl=\"\/tools\/hit.php?d=39dad6c21a8dbd1e4ef08a22cce6a50b;;&amp;a=210\"><iframe loading=\"lazy\" width=\"560\" height=\"315\" src=\"https:\/\/www.youtube.com\/embed\/MnZ4N_AI1i0?si=QveApDshB02pJLxq\" title=\"YouTube video player\" frameborder=\"0\" allow=\"accelerometer; autoplay; clipboard-write; encrypted-media; gyroscope; picture-in-picture; web-share\" referrerpolicy=\"strict-origin-when-cross-origin\" allowfullscreen>[embedded content]<\/iframe><\/figure>\n<p data-path-to-node=\"29\"><b data-path-to-node=\"29\" data-index-in-node=\"0\">Javier Laquidara:<\/b> Y lo divertido es que hoy hubo reuni\u00f3n de gabinete y habl\u00f3 de eso, de que es muy importante el tema. Obviamente es importante Malvinas, pero como que es muy importante lo que dijo Trump, que va a cambiar algo y bueno, anunciaron una cadena nacional para el jueves. Dos d\u00edas enteros para una cadena que no se sabe nada qu\u00e9 va a decir, y Quirno, el canciller, ya sali\u00f3 como a bajarle el tono. Hoy dijo: \u00abBueno, ac\u00e1 lo que importa es la sumar apoyos diplom\u00e1ticos. Ac\u00e1 es todo diplomacia, es un tema serio, \u00bfviste? No que sale Trump y dice en una conferencia de prensa que son nuestras\u00bb.<\/p>\n<p data-path-to-node=\"30\"><b data-path-to-node=\"30\" data-index-in-node=\"0\">Ignacio Fidanza:<\/b> Tampoco dijo que son nuestras. Dijo: \u00abBueno, puedo ver qu\u00e9 hago\u00bb. S\u00ed, puedo ver qu\u00e9 hago. paralelamente a esto, Milei en otra semana muy exitosa, le dio retweet, hablando de Trump, a un tweet donde \u00e9l aparece posando con rodeado con unos angelitos&#8230;<\/p>\n<p data-path-to-node=\"31\"><b data-path-to-node=\"31\" data-index-in-node=\"0\">Luciana Glezer:<\/b> \u00bfQu\u00e9? Es una interpretaci\u00f3n. \u00bfEso son angelitos o son&#8230;? <\/p>\n<p><b>Javier Laquidara:<\/b> Est\u00e1n volando.<\/p>\n<p data-path-to-node=\"32\"><b data-path-to-node=\"32\" data-index-in-node=\"0\">Ignacio Fidanza:<\/b> Est\u00e1n volando alrededor como en las pinturas renacentistas. Entonces es una mezcla de Batman o Superman con el Renacimiento. Entonces, \u00bflos angelitos qui\u00e9nes ser\u00edan estos que aparecen?<\/p>\n<p data-path-to-node=\"33\"><b data-path-to-node=\"33\" data-index-in-node=\"0\">Javier Laquidara:<\/b> Son los economistas que preferidos de \u00e9l. Est\u00e1 Lilia Lemoine, creo.<\/p>\n<p data-path-to-node=\"34\"><b data-path-to-node=\"34\" data-index-in-node=\"0\">Luciana Glezer:<\/b> Aj\u00e1.<\/p>\n<p data-path-to-node=\"35\"><b data-path-to-node=\"35\" data-index-in-node=\"0\">Javier Laquidara:<\/b> Est\u00e1 bueno, est\u00e1 Murray Rothbard, de la escuela austriaca, y est\u00e1n Robert Lucas Jr. y&#8230;<\/p>\n<p data-path-to-node=\"36\"><b data-path-to-node=\"36\" data-index-in-node=\"0\">Luciana Glezer:<\/b> Milton Friedman y Von Mises.<\/p>\n<p data-path-to-node=\"37\"><b data-path-to-node=\"37\" data-index-in-node=\"0\">Ignacio Fidanza:<\/b> Pero \u00e9l en adem\u00e1s se lo ve esbelto, joven, sin papada. pero lo que \u00e9l no se percata es que en una punta de este tweet que \u00e9l comparte con tanto entusiasmo, est\u00e1 Trump en minifalda haciendo la V peronista.<\/p>\n<p data-path-to-node=\"38\"><b data-path-to-node=\"38\" data-index-in-node=\"0\">Javier Laquidara:<\/b> Y est\u00e1 vestido de colegiala.<\/p>\n<p data-path-to-node=\"39\"><b data-path-to-node=\"39\" data-index-in-node=\"0\">Luciana Glezer:<\/b> Est\u00e1 escondido. Podr\u00eda no haberlo visto. Podr\u00eda haber pasado tambi\u00e9n.<\/p>\n<p data-path-to-node=\"40\"><b data-path-to-node=\"40\" data-index-in-node=\"0\">Ignacio Fidanza:<\/b> Es extraordinario.<\/p>\n<p data-path-to-node=\"41\"><b data-path-to-node=\"41\" data-index-in-node=\"0\">Javier Laquidara:<\/b> Eso es que alguien hace dibujos sabiendo que Milei le da retweet porque ve algo que le gusta, le dio retweet y no advirti\u00f3 que estaba ridiculizando al mism\u00edsimo Trump.<\/p>\n<p data-path-to-node=\"42\"><b data-path-to-node=\"42\" data-index-in-node=\"0\">Luciana Glezer:<\/b> O quiz\u00e1s consider\u00f3 que le quedaba muy bien estar vestida de marinerita a Donald Trump.<\/p>\n<p data-path-to-node=\"43\"><b data-path-to-node=\"43\" data-index-in-node=\"0\">Ignacio Fidanza:<\/b> Bueno, puede ser. lo que pasa es que el gobierno est\u00e1 un poco desordenado. Se arm\u00f3 un quilombo ins\u00f3lito, pero importante, con la frase de Toto Caputo de que bueno, era un acto de justicia social repartir cr\u00e9ditos con la plata del ANSES. Vos sab\u00e9s que tuvo que dar explicaciones a Milei detalladas y extensas de por qu\u00e9 hab\u00eda dicho eso. Y atr\u00e1s de esto, que puede parecer una tontera, hay un tema importante que es que este intento de Toto Caputo apoyado por Patricia Bullrich, por Santilli, de flexibilizar un poco porque la situaci\u00f3n econ\u00f3mica est\u00e1 muy mal, est\u00e1 generando un conflicto cada vez m\u00e1s grande con Milei porque lo que est\u00e1 en discusi\u00f3n es el super\u00e1vit, \u00bfno cierto? Entonces, Milei se ataca de manera absoluta cuando le insin\u00faan de que el super\u00e1vit puede caer, y les pone unos l\u00edmites extremadamente r\u00edgidos. Pero claro, hay problemas muy graves. Hoy me contaban, por ejemplo, en el PAMI: al PAMI le sacan el impuesto PA\u00cdS, este gobierno elimina el impuesto PA\u00cdS. El impuesto PA\u00cdS financiaba al PAMI. Entonces ten\u00eda un presupuesto de 2.4 billones, \u00bfno?, de pesos y le cay\u00f3 a 1.6, 1.8, o sea casi la mitad. Por eso hay cierres de cl\u00ednicas y paros de prestadores en todo el pa\u00eds. Y esto, adem\u00e1s de ser una crueldad, est\u00e1 generando mucha preocupaci\u00f3n en el ala pol\u00edtica porque dicen: \u00abChe, vamos a perder muchos votos de jubilados que nos votaban\u00bb. Ahora la magnitud de cualquier problema de estos que ya llegaron a un l\u00edmite, como ahora anuncian un paro de las universidades, son muy grandes los n\u00fameros, \u00bfno cierto? \u00bfCu\u00e1nto es el super\u00e1vit, o sea&#8230;?<\/p>\n<p data-path-to-node=\"44\"><b data-path-to-node=\"44\" data-index-in-node=\"0\">Luciana Glezer:<\/b> Super\u00e1vit de julio fue de 3 billones de pesos, un mes extraordinario por la recaudaci\u00f3n de Ganancias que no va a replicar a agosto, que va a estar muy por debajo si miramos a agosto del 2025 fue la mitad, un bill\u00f3n y medio, con lo cual digo para completar la partida que exige el PAMI le comer\u00eda claramente el resultado fiscal.<\/p>\n<p data-path-to-node=\"45\"><b data-path-to-node=\"45\" data-index-in-node=\"0\">Ignacio Fidanza:<\/b> Bueno, y as\u00ed en todo. O sea que \u00bfesto a qu\u00e9 lleva? Lleva a otro tema que es la eliminaci\u00f3n o no de las PASO. El gobierno b\u00e1sicamente es un gran quilombo en este momento, Javi.<\/p>\n<p data-path-to-node=\"46\"><b data-path-to-node=\"46\" data-index-in-node=\"0\">Javier Laquidara:<\/b> S\u00ed.<\/p>\n<p data-path-to-node=\"47\"><b data-path-to-node=\"47\" data-index-in-node=\"0\">Ignacio Fidanza:<\/b> Entonces, lo que dicen es: \u00abChe, la elecci\u00f3n te ordena a la fuerza\u00bb. Porque vos lo ten\u00e9s, por ejemplo, a Santiago Caputo esperando con los dedos as\u00ed diciendo: \u00abBueno, ya va a arrancar la campa\u00f1a y me van a tener que llamar porque Cerimedo y todo lo que intentaron la chocaron toda completa\u00bb. entonces dicen: \u00abBueno, la elecci\u00f3n ordena a los gobiernos\u00bb, porque ante la perspectiva de perder, mal que mal se tienen que dejar de romper las bolas un poco con la interna. Pero octubre queda muy lejos, octubre del a\u00f1o que viene, a este nivel de quilombo. Entonces dicen, un sector dice: \u00abHay que dejar las PASO\u00bb, pero Milei aparentemente dice: \u00abNo, hay que eliminarlas\u00bb.<\/p>\n<p data-path-to-node=\"48\"><b data-path-to-node=\"48\" data-index-in-node=\"0\">Javier Laquidara:<\/b> Y no tienen los votos, por ahora, pero as\u00ed todo la semana que viene ya nos dec\u00eda El Dipi que van a arrancar en las comisiones, o sea en dos semanas ya lo llevan a la comisi\u00f3n de Asuntos Constitucionales. Hoy lo hablaron en la mesa pol\u00edtica, que se juntan b\u00e1sicamente a ver eso. Y bueno, no tienen los votos pero tienen que arrancar a tratarlo porque si llega a diciembre y no lo votaron no van a poder. El tema es que Patricia est\u00e1 empuj\u00e1ndolo, pero hay sectores que no est\u00e1n tan de acuerdo, este como digamos los Menem quer\u00edan patearlo para todo para el a\u00f1o que viene, como contamos. Entonces bueno, si encima no est\u00e1n los votos y los senadores no est\u00e1n hoy \u00e9l hablaba con los senadores propios de los libertarios y no tienen ninguna directiva hoy, entonces, \u00bfc\u00f3mo hac\u00e9s una reforma pol\u00edtica sin tener una reuni\u00f3n de bloque?<\/p>\n<p data-path-to-node=\"49\"><b data-path-to-node=\"49\" data-index-in-node=\"0\">Ignacio Fidanza:<\/b> Esto es esto es notable, \u00bfno? La falta de conducci\u00f3n pol\u00edtica. En Salud es un ejemplo. Habl\u00e1bamos del PAMI. Yo estuve tratando de entender la interna de Salud y del PAMI porque la informaci\u00f3n era muy contradictoria. B\u00e1sicamente lo que est\u00e1 sucediendo es lo siguiente: Caputo no le gira la guita porque quiere mantener el super\u00e1vit para que no se le enoje Milei. el ministro Lugones est\u00e1 fanatizado y dice : \u00abBueno, que explote el sistema. Que se quiebren las que tengan que quebrar, los prestadores. No me importa, yo no me voy a pelear con Toto Caputo ni con Milei\u00bb. El hijo del ministro Lugones, que es Rodrigo Lugones, que es socio de Santiago Caputo, le dice: \u00abPap\u00e1, ten\u00e9s que renunciar. Te ten\u00e9s que ir, ten\u00e9s este quilombo, el quilombo del fentanilo, ya est\u00e1\u00bb. Pero el pap\u00e1 no quiere. Santiago Caputo envi\u00f3 a parte del equipo que estaba con el ex viceministro de Justicia al PAMI. Los directivos del PAMI responden al sistema, como le llaman, al poder permanente de los m\u00e9dicos municipales y dem\u00e1s con hist\u00f3rica ascendencia sobre el PAMI. Y los Menem manejan todas las delegaciones territoriales del PAMI y metieron un mont\u00f3n de punteros en cada provincia que se est\u00e1n robando todo y hay esc\u00e1ndalo por todos lados. Todo eso ocurre al mismo tiempo. Es espectacular.<\/p>\n<p data-path-to-node=\"50\"><b data-path-to-node=\"50\" data-index-in-node=\"0\">Javier Laquidara:<\/b> Y pasa tambi\u00e9n con China, por ejemplo, que contamos que Karina y Quirno tienen que viajar como un gesto a la renovaci\u00f3n del swap y al mismo tiempo gente de Santiago Caputo tuitea que la tragedia de Nepal fue por culpa de una empresa china y salta la embajada china a decir que eran est\u00e1n todos locos, que es un es un funcionario el que lo tuitea, este Juan Doe.<\/p>\n<p data-path-to-node=\"51\"><b data-path-to-node=\"51\" data-index-in-node=\"0\">Ignacio Fidanza:<\/b> S\u00ed, que est\u00e1 a cargo de la oficina de respuesta. Es genial, o sea \u00e9l proviene de La Derecha Diario, es uno de los fundadores.<\/p>\n<p><b>Javier Laquidara:<\/b> Claro, uno de los fundadores.<\/p>\n<p data-path-to-node=\"53\"><b data-path-to-node=\"53\" data-index-in-node=\"0\">Ignacio Fidanza:<\/b> Y entonces ahora con ese ese pergamino est\u00e1 a cargo de una oficina para detectar fake news. Es espectacular.<\/p>\n<p data-path-to-node=\"54\"><b data-path-to-node=\"54\" data-index-in-node=\"0\">Javier Laquidara:<\/b> Es director nacional, es un funcionario p\u00fablico, no es el Gordo Dan que est\u00e1 afuera, pero entonces por eso salta la embajada china a decir: \u00abChe, este es un funcionario el que est\u00e1 diciendo que matamos a 2.500 nepaleses\u00bb, dice. As\u00ed nom\u00e1s. una t\u00edpica fake news de Twitter que tiran, pero ahora es el gobierno diciendo eso.<\/p>\n<p><b>Ignacio Fidanza:<\/b> Lo que pasa que tuvo un timing muy malo o muy buscado que justo el canciller Quirno anunci\u00f3 confirm\u00f3 que Karina Milei iba a ir a Beijing, que es algo que le ven\u00eda reclamando China.<\/p>\n<p data-path-to-node=\"56\"><b data-path-to-node=\"56\" data-index-in-node=\"0\">Javier Laquidara:<\/b> Y Santiago Caputo un tiempo atr\u00e1s, justo cuando estaban renovando el swap con China, envi\u00f3 a dos periodistas streamers de Carajo y de Break Point, Mariano P\u00e9rez y Nicol\u00e1s Promanzio, fueron a Taiw\u00e1n a ver al presidente de Taiw\u00e1n, justo cuando Toto est\u00e1 renovando el swap&#8230; Entonces por eso no se sabe si lo hacen adrede, yo creo que hay una l\u00ednea interna.<\/p>\n<p data-path-to-node=\"57\"><b data-path-to-node=\"57\" data-index-in-node=\"0\">Ignacio Fidanza:<\/b> Yo creo que la reacci\u00f3n de China tan violenta por lo que tienen un conocimiento y saben que este gobierno hay funcionarios que son tuiteros y que son medio boludos y que ponen cualquier cosa. La reacci\u00f3n tan violenta no me extra\u00f1ar\u00eda que sea porque tienen informaci\u00f3n de los coqueteos con Taiw\u00e1n de nuevo, porque esto hab\u00eda empezado con la canciller Mondino, Taiw\u00e1n puso guita en la campa\u00f1a de Milei y despu\u00e9s lo tuvieron que desactivar por el swap, \u00bfno cierto?<\/p>\n<p data-path-to-node=\"58\"><b data-path-to-node=\"58\" data-index-in-node=\"0\">Luciana Glezer:<\/b> Los famosos pan dulces que reparti\u00f3 Taiw\u00e1n entre todos los funcionarios, pero este desorden que tambi\u00e9n se ve en las medidas tomadas hoy por la Secretar\u00eda de Energ\u00eda donde levanta medidas antidumping respecto a unos transformadores de la cadena de suministro el\u00e9ctrico, que ten\u00edan&#8230; Ten\u00eda 10 a\u00f1os esa barrera para que no entren los transformadores chinos. Levanta esa barrera en el mismo momento en el que CAMMESA sale con una licitaci\u00f3n y una compra de transformadores, justamente va a importar&#8230;<\/p>\n<p data-path-to-node=\"1\"><b data-path-to-node=\"1\" data-index-in-node=\"0\">Ignacio Fidanza:<\/b> O sea, ese es un gesto a China.<\/p>\n<p data-path-to-node=\"2\"><b data-path-to-node=\"2\" data-index-in-node=\"0\">Luciana Glezer:<\/b> Va a comprar los transformadores chinos para una obra.<\/p>\n<p data-path-to-node=\"3\"><b data-path-to-node=\"3\" data-index-in-node=\"0\">Ignacio Fidanza:<\/b> O sea, esa decisi\u00f3n&#8230; Son m\u00e1s pro chinos que Massa y que Alberto.<\/p>\n<p data-path-to-node=\"4\"><b data-path-to-node=\"4\" data-index-in-node=\"0\">Luciana Glezer:<\/b> Pero totalmente, porque esa obra, que es AMBA 1, que es el refuerzo del anillo el\u00e9ctrico de la regi\u00f3n metropolitana, ten\u00eda en un principio era una obra que se hab\u00eda arreglado con financiamiento chino, ten\u00eda un contrato comercial de la contraparte china, estaba muy avanzado y se fren\u00f3. No hizo China la obra de infraestructura, pero ahora te vende los fierros, que es lo que te dicen de la embajada cuando consult\u00e1s a la embajada: &#8220;Bueno, \u00bfc\u00f3mo le impacta a China quedar afuera de las licitaciones grandes, de las obras de infraestructura, de Verano Cargas, de la Hidrov\u00eda? \u00bfC\u00f3mo le pega esta cl\u00e1usula anti China que tienen las licitaciones de las obras grandes?&#8221;. Y dice, bueno, que ellos tienen que contener, por supuesto, al sector de la construcci\u00f3n, que est\u00e1 m\u00e1s interesado en estas obras, pero que a nivel China compensan much\u00edsimo con la apertura comercial. Dice: &#8220;Estamos en t\u00e9rminos de bienes, estamos inundando el mercado&#8221;, y este es un caso. Bueno, no hicimos AMBA 1, pero les vendimos los tramos.<\/p>\n<p data-path-to-node=\"5\"><b data-path-to-node=\"5\" data-index-in-node=\"0\">Ignacio Fidanza:<\/b> Y vos f\u00edjate, \u00bfqu\u00e9 importante es China, no?, que se est\u00e1 convirtiendo realmente en la potencia m\u00e1s importante del mundo en este momento. Est\u00e1 sacando un gran provecho de del pantano en el que se meti\u00f3 Trump en la guerra con Ir\u00e1n. Y nosotros acabamos de dar una primicia de un hecho que es casi una primicia occidental, que es que el exgobernador Gerardo Morales, de Jujuy, se fue a vivir a China.<\/p>\n<p data-path-to-node=\"6\"><b data-path-to-node=\"6\" data-index-in-node=\"0\">Javier Laquidara:<\/b> Cosas que no pasan.<\/p>\n<p data-path-to-node=\"7\"><b data-path-to-node=\"7\" data-index-in-node=\"0\">Ignacio Fidanza:<\/b> Y, hay muy pocos antecedentes de un dirigente pol\u00edtico de ese nivel que se vaya a vivir a China. El tipo se encandil\u00f3 con el tema de las empresas de energ\u00eda solar, el parque m\u00e1s grande est\u00e1 en Jujuy, empez\u00f3 a profundizar el tema, empez\u00f3 a viajar y se fue a vivir a China.<\/p>\n<p data-path-to-node=\"8\"><b data-path-to-node=\"8\" data-index-in-node=\"0\">Javier Laquidara::<\/b> S\u00ed. Y aparte, \u00e9l ten\u00eda una historia con Milei muy fulera, que llor\u00f3 en c\u00e1mara y todo. Entonces, es como una venganza tambi\u00e9n. Mientras Milei se enreda con los chinos, porque es un tema que no es c\u00f3modo para \u00e9l, el tipo va y yo creo que para el futuro gobierno va a ser un nexo, si llega a volver a manos peronistas, por ejemplo, a Massa. Un nexo con Morales en China puede ser importante.<\/p>\n<p data-path-to-node=\"9\"><b data-path-to-node=\"9\" data-index-in-node=\"0\">Ignacio Fidanza:<\/b> Bueno, s\u00ed&#8230; Massa se est\u00e1 moviendo, empezaron a salir dirigentes como Federico Oterm\u00edn, Tolosa Paz a decir que bueno, que podr\u00eda ser un candidato a presidente. Empez\u00f3 a activar los topos que tiene por todos lados Massa. Este&#8230; \u00c9l sigue callado, pero hay cada vez m\u00e1s rumrum de que ir\u00eda a una pelea por la candidatura presidencial.<\/p>\n<p data-path-to-node=\"10\"><b data-path-to-node=\"10\" data-index-in-node=\"0\">Javier Laquidara:<\/b> En la primaria con Kicillof.<\/p>\n<p data-path-to-node=\"11\"><b data-path-to-node=\"11\" data-index-in-node=\"0\">Ignacio Fidanza:<\/b> En la cumbre del Hotel Emperador que propiciaron los senadores y diputados, que estaba Massa, Kicillof y M\u00e1ximo Kirchner, se habl\u00f3 de unidad con competencia, o sea, vamos a preservar la unidad pero va a haber competencia, va a haber internas. , esto est\u00e1 empezando a caer, a bajar a las provincias, y hay dos movimientos: el primero, m\u00e1s fuerte, fue este fin de semana en Catamarca, donde Corpacci encabez\u00f3 un encuentro de mujeres peronistas de todo el pa\u00eds para marcarle la cancha a Jalil, a quien el gobierno quiere de candidato de nuevo, y decirle: &#8220;No vas a ser el candidato a gobernador, el candidato va a ser Saadi, mide m\u00e1s que vos y es nuestro&#8221;. O sea, peronista opositor.<\/p>\n<p data-path-to-node=\"12\"><b data-path-to-node=\"12\" data-index-in-node=\"0\">Javier Laquidara:<\/b> Jalil es uno de los principales aliados del gobierno, que ya dijimos nosotros que quiere ser senador por este tema, porque lo est\u00e1n acorralando los propios. Y aparte tiene un tema constitucional, que \u00e9l reform\u00f3 la Constituci\u00f3n y en teor\u00eda no podr\u00eda. Pero bueno, siempre se revisan esas cosas.<\/p>\n<p data-path-to-node=\"13\"><b data-path-to-node=\"13\" data-index-in-node=\"0\">Ignacio Fidanza:<\/b> S\u00ed, entonces le est\u00e1n ofreciendo senador n\u00famero dos, o sea, ir\u00eda Corpacci, \u00e9l n\u00famero dos, y la intendencia para su hermano. Pero tambi\u00e9n hay quilombo en Tucum\u00e1n, porque est\u00e1 meta coquetear con ser candidato Manzur. Ayer lo desafi\u00f3 Jaldo, dijo: &#8220;Presentate con tus caniches&#8221;. El peronismo tucumano es divertido. Es un salvajismo a otro nivel.<\/p>\n<p data-path-to-node=\"14\"><b data-path-to-node=\"14\" data-index-in-node=\"0\">Javier Laquidara:<\/b> El caniche es un animal peronista.<\/p>\n<p data-path-to-node=\"15\"><b data-path-to-node=\"15\" data-index-in-node=\"0\">Ignacio Fidanza:<\/b> S\u00ed, \u00bfte acord\u00e1s? Que Envar El Kadri, el l\u00edder de las FAP, se los pate\u00f3 a Per\u00f3n y Per\u00f3n dijo que no entre nunca m\u00e1s este hombre ac\u00e1, o sea, en Guardia de Hierro. Fue, se acercaron los perritos y cuando volvi\u00f3 Envar El Kadri le dec\u00edan: &#8220;\u00bfVos no pod\u00e9s ser m\u00e1s pelotudo? \u00bfC\u00f3mo le vas a patear los perros a Per\u00f3n?&#8221;. Es famosa la an\u00e9cdota de un dirigente pol\u00edtico que tuvo un gesto muy poco pol\u00edtico, \u00bfno?<\/p>\n<p data-path-to-node=\"16\"><b data-path-to-node=\"16\" data-index-in-node=\"0\">Javier Laquidara:<\/b> En realidad est\u00e1 mal patearle el perro a cualquiera, pero encima a Per\u00f3n.<\/p>\n<p data-path-to-node=\"17\"><b data-path-to-node=\"17\" data-index-in-node=\"0\">Ignacio Fidanza:<\/b> O sea&#8230; Galimberti era mucho m\u00e1s vivo en ese sentido, lo compraba al General cuando iba all\u00e1. Este&#8230; \u00c9l Hay una an\u00e9cdota famosa de que le dec\u00eda que Paladino lo estaba traicionando, y Per\u00f3n cita a Paladino y le dice: &#8220;Usted me est\u00e1 traicionando, pap\u00e1 pap\u00e1, pap\u00e1 pap\u00e1&#8221;, y \u00e9l niega todo, obviamente, y dice: &#8220;Ah, s\u00ed, a ver, espere un minuto&#8221;, y lo hizo entrar a Galimberti, que es el que le hab\u00eda contado, y le dijo: &#8220;Decile todo lo que me dijiste&#8221;. \u00bfNo? Otra \u00e9poca. Pero, digamos, dentro de todo este este caos que es el gobierno hoy, algunas cosas avanzan. Los negocios avanzan, \u00bfno es cierto? No solo la libertad avanza.<\/p>\n<p data-path-to-node=\"19\"><b data-path-to-node=\"19\" data-index-in-node=\"0\">Luciana Glezer:<\/b> Bueno, un poco eso explica, \u00bfno?, que se mantenga el gobierno, que los negocios avancen. Y avanzan, digo, hay negocios y hay tambi\u00e9n estafas, \u00bfno? Porque, digo, podemos decir que la privatizaci\u00f3n de Transener fue precisamente eso, una estafa.<\/p>\n<p data-path-to-node=\"20\"><b data-path-to-node=\"20\" data-index-in-node=\"0\">Ignacio Fidanza:<\/b> Y es muy pol\u00e9mica, \u00bfno? O sea, vos acab\u00e1s de publicar que la pagaron con la plata que hab\u00eda en la empresa.<\/p>\n<p data-path-to-node=\"21\"><b data-path-to-node=\"21\" data-index-in-node=\"0\">Luciana Glezer:<\/b> As\u00ed fue. Digo, entraron a una empresa por la que pagaron 350 millones de d\u00f3lares, 356 para ser m\u00e1s exactos, y se oficializa, \u00bfno?, el traspaso de la empresa, que si bien la licitaci\u00f3n fue adjudicada en mayo, el traspaso se concreta el 28 de agosto. El 28 de agosto encuentran en la caja donde hab\u00edan guardado estos dividendos bajo el concepto &#8220;dividendos futuros&#8221;, que se hab\u00edan ganado durante la gesti\u00f3n estatal de la empresa como parte de Citelec, la controlante mediante ENARSA, y encuentran en esa caja m\u00e1s de 200 mil millones de pesos.<\/p>\n<p data-path-to-node=\"22\"><b data-path-to-node=\"22\" data-index-in-node=\"0\">Ignacio Fidanza:<\/b> 500 mil encontraron.<\/p>\n<p data-path-to-node=\"23\"><b data-path-to-node=\"23\" data-index-in-node=\"0\">Luciana Glezer:<\/b> 500 mil, claro. Bueno, ah\u00ed hay una diferencia en n\u00fameros entre lo que te dicen las empresas y lo que efectivamente&#8230; Esos m\u00e1s de 200 mil que menciono yo fue lo que se dividieron.<\/p>\n<p data-path-to-node=\"24\"><b data-path-to-node=\"24\" data-index-in-node=\"0\">Ignacio Fidanza:<\/b> Eso se reparti\u00f3.<\/p>\n<p data-path-to-node=\"25\"><b data-path-to-node=\"25\" data-index-in-node=\"0\">Luciana Glezer:<\/b> Eso es lo que se repartieron, pero en la caja hab\u00eda m\u00e1s que el valor de la compa\u00f1\u00eda que lo que pag\u00f3 el consorcio integrado por&#8230;<\/p>\n<p data-path-to-node=\"26\"><b data-path-to-node=\"26\" data-index-in-node=\"0\">Ignacio Fidanza:<\/b> Lo que ya te indica que ah\u00ed hay, por lo menos, una mala evaluaci\u00f3n de lo que cuesta la empresa. No puede valer No te puedo vender una empresa que tiene en caja m\u00e1s de lo que te pido por comprarla. Es rid\u00edculo.<\/p>\n<p data-path-to-node=\"27\"><b data-path-to-node=\"27\" data-index-in-node=\"0\">Luciana Glezer:<\/b> La sombra de las tasaciones y la subvaluaci\u00f3n de los activos que el que el gobierno sali\u00f3 a privatizar, eso sobrevuela toda y cada una de los procesos licitatorios.<\/p>\n<p data-path-to-node=\"28\"><b data-path-to-node=\"28\" data-index-in-node=\"0\">Ignacio Fidanza:<\/b> Parece la Rusia de Yeltsin, \u00bfno?<\/p>\n<p data-path-to-node=\"29\"><b data-path-to-node=\"29\" data-index-in-node=\"0\">Luciana Glezer:<\/b> De hecho, no est\u00e1n las tasaciones como se deben hacer, que es por el Tribunal de Justicia de la Tasaci\u00f3n y no se no se est\u00e1n haciendo por el mecanismo oficial.<\/p>\n<p data-path-to-node=\"30\"><b data-path-to-node=\"30\" data-index-in-node=\"0\">Ignacio Fidanza:<\/b> No, y vos f\u00edjate que nada menos que un activo estrat\u00e9gico como la principal empresa transportadora de energ\u00eda el\u00e9ctrica, y vos hiciste varias notas de que los apagones y dem\u00e1s tienen que ver con un cuello de botella en el sistema de transporte.<\/p>\n<p data-path-to-node=\"31\"><b data-path-to-node=\"31\" data-index-in-node=\"0\">Luciana Glezer:<\/b> Es eso precisamente, las l\u00edneas de transmisi\u00f3n, que es lo que opera Transener, el 80% de la energ\u00eda que consume total pa\u00eds, el 80%. Es el sistema circulatorio de la energ\u00eda el\u00e9ctrica, que por supuesto tiene muchos argumentos para explicar por qu\u00e9 no realiz\u00f3 las inversiones necesarias en este tiempo, como tiene cada una de las empresas que no invirti\u00f3 un mango&#8230;<\/p>\n<p data-path-to-node=\"32\"><b data-path-to-node=\"32\" data-index-in-node=\"0\">Ignacio Fidanza:<\/b> Bueno, pero ten\u00edan guita en caja y se la repartieron. O sea, fue genial, o sea, los tipos llegaron y dijeron: &#8220;Uy, mir\u00e1, encontramos 250.000 palos ac\u00e1, repart\u00e1mosla&#8221;. O sea, transfirieron las acciones, tres horas despu\u00e9s transfirieron la guita en tres horas. O sea, es delirante. Y vos dec\u00eds que tienen un cuello de botella en inversiones, \u00bfpor qu\u00e9 no la gastaron en invertir?<\/p>\n<p data-path-to-node=\"33\"><b data-path-to-node=\"33\" data-index-in-node=\"0\">Luciana Glezer:<\/b> Exactamente. Desde Transener lo que dicen es que no que su rol es la operaci\u00f3n y mantenimiento, y no la expansi\u00f3n de la l\u00ednea de transmisi\u00f3n. Como es una l\u00ednea que est\u00e1 sobrecargada, o sea, vos no pod\u00e9s No tiene que ver con la operaci\u00f3n y con el mantenimiento, sino con la construcci\u00f3n e infraestructura nueva. Ah\u00ed es una tensi\u00f3n porque lo que vamos a decir es que Transener ten\u00eda en carpeta el proyecto AMBA 1, lo ten\u00eda. Este proyecto, el proyecto AMBA 1, cruz\u00f3 varios gobiernos, digo, ese proyecto que el sector est\u00e1 absolutamente Hay un consenso absoluto respecto a que hay que es la obra que hay que hacer. Ahora, \u00bfc\u00f3mo se hace? Transener ten\u00eda un proyecto de presupuesto que pretend\u00eda que se lo pague el Estado, prefinanciaci\u00f3n de recursos p\u00fablicos para luego ser trasladado a la factura. El gobierno dijo que no. China, que ya se hab\u00eda ca\u00eddo con el gobierno anterior, y ahora esta nueva soluci\u00f3n, que es con recursos, porque no lo va a poner Transener, va a poner CAMMESA los d\u00f3lares iniciales, el desembolso inicial, una parte&#8230;<\/p>\n<p data-path-to-node=\"34\"><b data-path-to-node=\"34\" data-index-in-node=\"0\">Ignacio Fidanza:<\/b> Hay un gran un gran malestar en todo el sector el\u00e9ctrico con los Neuss, enorme, y te dir\u00eda m\u00e1s que el\u00e9ctrico, empresario. a m\u00ed un empresario importante del sector me dijo: &#8220;Esto termina mal, no pod\u00e9s, apalancado en el poder pol\u00edtico, porque ellos tienen mucha llegada a la Casa de Gobierno, quedarte con todo&#8221;.<\/p>\n<p data-path-to-node=\"35\"><b data-path-to-node=\"35\" data-index-in-node=\"0\">Javier Laquidara:<\/b> Y ahora van por Mendoza tambi\u00e9n.<\/p>\n<p data-path-to-node=\"36\"><b data-path-to-node=\"36\" data-index-in-node=\"0\">Ignacio Fidanza:<\/b> Y ahora van para la represa de Mendoza&#8230;<\/p>\n<p data-path-to-node=\"37\"><b data-path-to-node=\"37\" data-index-in-node=\"0\">Luciana Glezer:<\/b> Los Nihuiles.<\/p>\n<p data-path-to-node=\"38\"><b data-path-to-node=\"38\" data-index-in-node=\"0\">Ignacio Fidanza:<\/b>&#8230;donde enfrentan a Mindlin, \u00bfno?<\/p>\n<p data-path-to-node=\"39\"><b data-path-to-node=\"39\" data-index-in-node=\"0\">Luciana Glezer:<\/b> Pero igual ellos quedaron blindados, \u00bfno?, porque es un consorcio, y una vez m\u00e1s, son ellos, pero tambi\u00e9n es Jorge Brito, y tambi\u00e9n es Aluar, y ah\u00ed vos ten\u00e9s una pata, una terminal en cada espacio pol\u00edtico.<\/p>\n<p data-path-to-node=\"40\"><b data-path-to-node=\"40\" data-index-in-node=\"0\">Ignacio Fidanza:<\/b> Bueno, pero adem\u00e1s eso yo es muy importante esto. van con Genneia de Jorge Brito y se quedan con Transener, y Jorge Brito supuestamente va a ser candidato opositor a Milei. Hay mucho negocio cruzado, muy importante y regulado con el gobierno, como para decir al mismo tiempo sostiene una candidatura p- Es ins\u00f3lito, o sea, es poco cre\u00edble. No s\u00e9 en qu\u00e9 va a terminar, pero es muy poco cre\u00edble. Y hubo otro esc\u00e1ndalo que vos publicaste, tambi\u00e9n vinculado al sector energ\u00e9tico, que es este enjuague en la ANSES con los bonos defaulteados de Albanesi.<\/p>\n<p data-path-to-node=\"41\"><b data-path-to-node=\"41\" data-index-in-node=\"0\">Luciana Glezer:<\/b> Tal cual, del Fondo de Garant\u00eda de Sustentabilidad ten\u00eda parte de su portafolio invertido en Albanesi. Albanesi hab\u00eda salido con obligaciones negociables que hace cualquier compa\u00f1\u00eda&#8230;<\/p>\n<p data-path-to-node=\"42\"><b data-path-to-node=\"42\" data-index-in-node=\"0\">Ignacio Fidanza:<\/b> Es una generadora, \u00bfno?<\/p>\n<p data-path-to-node=\"43\"><b data-path-to-node=\"43\" data-index-in-node=\"0\">Luciana Glezer:<\/b> Es una generadora, s\u00ed, Generaci\u00f3n Mediterr\u00e1nea, es del grupo Albanesi, de los Loson. Albanesi empieza a mostrar se\u00f1ales de estr\u00e9s financiero, esto comienza en abril. de hecho, en julio la calificadora Fix le modifica la categor\u00eda de deuda, que la pasa a zona de default. Ah\u00ed el Fondo de Garant\u00eda de Sustentabilidad deber\u00eda haber despertado y por lo menos buscar una salida. Conserva los papelitos a\u00fan con todas las alertas, y cuando ya Albanesi hab\u00eda dejado de pagarle a los inversores, conserva los papelitos, es el mayor inversor de esta deuda defaulteada de Albanesi y luego le concede a la empresa condiciones de reestructuraci\u00f3n que ojal\u00e1 el Fondo Monetario Internacional tomase de ejemplo, \u00bfno?, para con Argentina.<\/p>\n<p data-path-to-node=\"44\"><b data-path-to-node=\"44\" data-index-in-node=\"0\">Ignacio Fidanza:<\/b> El quilombo El quilombo de Albanesi es tremendo. Vos sab\u00e9s que hubo Ese quilombo viene ya de la gesti\u00f3n de Macri. Funcionarios del FGS de la gesti\u00f3n de Macri cuando Toto Caputo era ministro hicieron enjuagues con Albanesi. Siguen No arreglan, la empresa est\u00e1 muy mal administrada, sigue el quilombo hasta ahora. Vuelve a explotar y de nuevo funcionarios del FGS vinculados a Toto Caputo&#8230;<\/p>\n<p data-path-to-node=\"45\"><b data-path-to-node=\"45\" data-index-in-node=\"0\">Luciana Glezer:<\/b> Vuelven a rescatar a la empresa. Y f\u00edjate en qu\u00e9 posici\u00f3n tan inc\u00f3moda queda el Fondo de Garant\u00eda de Sustentabilidad, porque en Transener, que acaba de tener esta&#8230;<\/p>\n<p data-path-to-node=\"46\"><b data-path-to-node=\"46\" data-index-in-node=\"0\">Ignacio Fidanza:<\/b> Estamos hablando de una deuda de 1.500 palos verdes, \u00bfno?<\/p>\n<p data-path-to-node=\"47\"><b data-path-to-node=\"47\" data-index-in-node=\"0\">Luciana Glezer:<\/b> 1.500 millones de d\u00f3lares, no es poca cosa, pero&#8230;<\/p>\n<p data-path-to-node=\"48\"><b data-path-to-node=\"48\" data-index-in-node=\"0\">Ignacio Fidanza:<\/b> Y que hay que aclarar que el FGS es plata de los jubilados, no es plata del Estado.<\/p>\n<p data-path-to-node=\"49\"><b data-path-to-node=\"49\" data-index-in-node=\"0\">Luciana Glezer:<\/b> No es plata del Estado, es un fondo antic\u00edclico que se constituye, hay que decirlo tambi\u00e9n esto, no se constituye con el flujo corriente de los haberes jubilatorios. En un sistema de reparto somos los trabajadores activos los que estamos pagando la jubilaci\u00f3n, no sale del Fondo de Garant\u00eda de Sustentabilidad. Pero como fondo antic\u00edclico est\u00e1 hecho para medidas antic\u00edclicas, es lo m\u00e1s parecido al fondo noruego que capta la renta petrolera que se constituye a partir de acciones.<\/p>\n<p data-path-to-node=\"50\"><b data-path-to-node=\"50\" data-index-in-node=\"0\">Ignacio Fidanza:<\/b> Nos falta el noruego. Ac\u00e1 lo tenemos a Toto Caputo.<\/p>\n<p data-path-to-node=\"51\"><b data-path-to-node=\"51\" data-index-in-node=\"0\">Luciana Glezer:<\/b> Pero el Fondo de Garant\u00eda de Sustentabilidad que sali\u00f3 que se est\u00e1 utilizando para rescatar empresas amigas, se utiliza para eso, queda muy en una posici\u00f3n muy inc\u00f3moda en Transener, porque si bien ENARSA vendi\u00f3 su participaci\u00f3n en Transener, el Fondo de Garant\u00eda de Sustentabilidad tiene acciones de Transener, el Estado sigue conservando casi el 20% de esta empresa que reparti\u00f3 dividendos a los nuevos accionistas, dividendos de la gesti\u00f3n anterior, con lo cual el Fondo de Garant\u00eda de Sustentabilidad, la directora designada en Transener no est\u00e1 velando por los intereses del Estado en esa compa\u00f1\u00eda.<\/p>\n<p data-path-to-node=\"53\"><b data-path-to-node=\"53\" data-index-in-node=\"0\">Ignacio Fidanza:<\/b> Y hay una que se hace la distra\u00edda, que es Pettovello, que es la jefa de la ANSES, que es el jefe del FGS, mira para otro lado. Vos sab\u00e9s que Pettovello est\u00e1 dentro de este de este cuadril\u00e1tero que banca, digamos, el establishment, que son Toto Caputo, Patricia Bullrich, Diego Santilli y Pettovello.<\/p>\n<p data-path-to-node=\"54\"><b data-path-to-node=\"54\" data-index-in-node=\"0\">Javier Laquidara:<\/b> Acordate que ella meti\u00f3 a funcionarios de Techint, de hecho estaba muy inc\u00f3moda cuando Milei arranc\u00f3 contra el Techint, \u00bfte acord\u00e1s? la pas\u00f3 mal y bueno, Julio Cordero es el del de Trabajo tambi\u00e9n viene de ese lugar. Y entonces y el plan educativo Torrendell se lo hizo a medida Paolo Rocca, entonces est\u00e1 ah\u00ed&#8230;<\/p>\n<p data-path-to-node=\"55\"><b data-path-to-node=\"55\" data-index-in-node=\"0\">Ignacio Fidanza:<\/b> Ah\u00ed vos ten\u00e9s un grupo, digamos, entre comillas, de los racionales que est\u00e1 chocando b\u00e1sicamente con Milei.<\/p>\n<p data-path-to-node=\"56\"><b data-path-to-node=\"56\" data-index-in-node=\"0\">Javier Laquidara:<\/b> El cuadrado de aluminio lo bautizamos en La Pol\u00edtica Online.<\/p>\n<p data-path-to-node=\"57\"><b data-path-to-node=\"57\" data-index-in-node=\"0\">Ignacio Fidanza:<\/b> Bueno, ah\u00ed est\u00e1, este&#8230; \u00bfPero por un v\u00ednculo con Aluar o&#8230;?<\/p>\n<p data-path-to-node=\"58\"><b data-path-to-node=\"58\" data-index-in-node=\"0\">Javier Laquidara:<\/b> No, porque no es de hierro, no llega a ser de hierro. Bueno, justo Aluar es otro enemigo de Milei, as\u00ed que puede encajar.<\/p>\n<p data-path-to-node=\"60\"><b>Ignacio Fidanza:<\/b> Y despu\u00e9s tenemos un tema con el d\u00f3lar, \u00bfno? Hubo una compra r\u00e9cord de d\u00f3lares.<\/p>\n<p data-path-to-node=\"61\"><b data-path-to-node=\"61\" data-index-in-node=\"0\">Luciana Glezer:<\/b> As\u00ed es, personas humanas, un salto important\u00edsimo agosto respecto a julio, 3.300 millones, m\u00e1s de 3.300 millones de d\u00f3lares las compras de personas f\u00edsicas, porque sabemos que las empresas contin\u00faan con restricciones cambiarias; 1.700.000 personas contra 1,5 millones que hab\u00eda sido el mes previo, o sea, hay un aumento de m\u00e1s del 10% de personas que corren hacia la divisa. Y para tomar dimensi\u00f3n, \u00bfno?, cu\u00e1nto es 3.300 millones de d\u00f3lares, el super\u00e1vit, el resultado positivo de Vaca Muerta est\u00e1 en el orden de los 600, con lo cual son m\u00e1s de cinco Vaca Muerta que se fumaron en un mes o que se&#8230; Lo que marca ah\u00ed el equipo de Econom\u00eda dice: &#8220;Bueno, pero estos d\u00f3lares buena parte de estos d\u00f3lares quedaron en el sistema financiero local&#8221;, \u00bfno?, y ah\u00ed muestra o da cuenta de por qu\u00e9 tanto inter\u00e9s en&#8230;<\/p>\n","protected":false},"excerpt":{"rendered":"<p>Javier Milei se sube la campa\u00f1a pro Malvinas para tratar de copar la agenda, tras un gui\u00f1o de Donald Trump de final incierto. Los tuiteros de Santiago Caputo le complican a Quirno la relaci\u00f3n con China. La mesa pol\u00edtica decidi\u00f3 avanzar con la eliminaci\u00f3n de las PASO en medio de un fuerte debate interno. La [&hellip;]<\/p>\n","protected":false},"author":1,"featured_media":55326,"comment_status":"closed","ping_status":"closed","sticky":false,"template":"","format":"standard","meta":{"om_disable_all_campaigns":false,"_monsterinsights_skip_tracking":false,"_monsterinsights_sitenote_active":false,"_monsterinsights_sitenote_note":"","_monsterinsights_sitenote_category":0},"categories":[30],"tags":[],"aioseo_notices":[],"_links":{"self":[{"href":"https:\/\/cordobapolitica.com\/index.php?rest_route=\/wp\/v2\/posts\/55325"}],"collection":[{"href":"https:\/\/cordobapolitica.com\/index.php?rest_route=\/wp\/v2\/posts"}],"about":[{"href":"https:\/\/cordobapolitica.com\/index.php?rest_route=\/wp\/v2\/types\/post"}],"author":[{"embeddable":true,"href":"https:\/\/cordobapolitica.com\/index.php?rest_route=\/wp\/v2\/users\/1"}],"replies":[{"embeddable":true,"href":"https:\/\/cordobapolitica.com\/index.php?rest_route=%2Fwp%2Fv2%2Fcomments&post=55325"}],"version-history":[{"count":0,"href":"https:\/\/cordobapolitica.com\/index.php?rest_route=\/wp\/v2\/posts\/55325\/revisions"}],"wp:featuredmedia":[{"embeddable":true,"href":"https:\/\/cordobapolitica.com\/index.php?rest_route=\/wp\/v2\/media\/55326"}],"wp:attachment":[{"href":"https:\/\/cordobapolitica.com\/index.php?rest_route=%2Fwp%2Fv2%2Fmedia&parent=55325"}],"wp:term":[{"taxonomy":"category","embeddable":true,"href":"https:\/\/cordobapolitica.com\/index.php?rest_route=%2Fwp%2Fv2%2Fcategories&post=55325"},{"taxonomy":"post_tag","embeddable":true,"href":"https:\/\/cordobapolitica.com\/index.php?rest_route=%2Fwp%2Fv2%2Ftags&post=55325"}],"curies":[{"name":"wp","href":"https:\/\/api.w.org\/{rel}","templated":true}]}}