{"id":55308,"date":"2026-09-03T01:31:50","date_gmt":"2026-09-03T01:31:50","guid":{"rendered":"https:\/\/cordobapolitica.com\/?p=55308"},"modified":"2026-09-03T01:31:50","modified_gmt":"2026-09-03T01:31:50","slug":"el-gobierno-oficializo-a-bertuzzi-y-yadarola-juraran-este-jueves-y-quedara-completa-la-sala-i-de-la-camara-federal","status":"publish","type":"post","link":"https:\/\/cordobapolitica.com\/?p=55308","title":{"rendered":"El Gobierno oficializ\u00f3 a Bertuzzi y Yadarola: jurar\u00e1n este jueves y quedar\u00e1 completa la Sala I de la C\u00e1mara Federal"},"content":{"rendered":"<div class=\"media_block\"><\/div>\n<div><img src=\"http:\/\/cordobapolitica.com\/wp-content\/uploads\/2026\/09\/el-gobierno-oficializo-a-bertuzzi-y-yadarola-juraran-este-jueves-y-quedara-completa-la-sala-i-de-la-camara-federal.jpg\" class=\"ff-og-image-inserted\"><\/div>\n<p>El Gobierno oficializ\u00f3 este mi\u00e9rcoles la designaci\u00f3n de<a target=\"_blank\" href=\"https:\/\/El Senado aprob\u00f3 67 pliegos judiciales y el Gobierno sum\u00f3 dos jueces clave en Comodoro Py\" rel=\"noopener\"> <strong>Pablo Bertuzzi y Pablo Yadarola<\/strong><\/a> como jueces de la Sala I de la C\u00e1mara Nacional de Apelaciones en lo Criminal y Correccional Federal, uno de los tribunales clave de Comodoro Py por el volumen y la relevancia pol\u00edtica de los expedientes que llegan a esa instancia. Ambos magistrados prestar\u00e1n juramento este jueves a las 12, en la sala <strong><a target=\"_blank\" href=\"https:\/\/www.perfil.com\/noticias\/sociedad\/a-32-anos-del-atentado-a-la-amia-se-realizara-el-acto-central-en-homenaje-a-las-victimas.phtml\" rel=\"noopener\">AMIA<\/a><\/strong>, ante el vicepresidente del tribunal a cargo de la presidencia, <strong>Eduardo Farah<\/strong>.<\/p>\n<p>Con la ceremonia, la Sala I quedar\u00e1 integrada por <strong>Bertuzzi, Yadarola y <a target=\"_blank\" href=\"https:\/\/www.perfil.com\/noticias\/politica\/a-casi-un-ano-y-medio-del-tuit-que-lanzo-la-cripto-libra-la-causa-no-tiene-imputados-y-aun-no-se-llamo-a-declarar-a-testigos-directos.phtml\" rel=\"noopener\">Mariano Llorens<\/a><\/strong> y estar\u00e1 en condiciones de intervenir sobre las apelaciones de algunas de las investigaciones m\u00e1s sensibles que tramitan en los juzgados federales porte\u00f1os. La C\u00e1mara no lleva adelante las investigaciones en primera instancia, pero sus decisiones pueden confirmar, modificar o dejar sin efecto las resoluciones de los jueces que tienen a su cargo esos expedientes.<\/p>\n<p>Los nombramientos quedaron formalizados mediante los <strong>decretos 847\/2026 y 848\/2026<\/strong>, publicados en el Bolet\u00edn Oficial y firmados por el presidente <strong>Javier Milei<\/strong> y el ministro de Justicia, <strong>Juan Bautista Mahiques<\/strong>. Los pliegos hab\u00edan recibido el acuerdo del Senado el 27 de agosto, aunque con diferencias marcadas entre ambos casos: Bertuzzi fue aprobado por <strong>44 votos contra 23<\/strong>, mientras que Yadarola obtuvo <strong>66 votos afirmativos<\/strong>, incluidos los respaldos del bloque kirchnerista.<\/p>\n<div class=\"subscription\">\n<p> Esto no les gusta a los autoritarios <\/p>\n<div class=\"subscription__container\">\n<div class=\"subscription__text-wrapper\">\n<p> El ejercicio del periodismo profesional y cr\u00edtico es un pilar fundamental de la democracia. Por eso molesta a quienes creen ser los due\u00f1os de la verdad. <\/p>\n<\/p><\/div><\/div><\/div>\n<p class=\"destacadoNota\"><a target=\"_blank\" href=\"https:\/\/www.perfil.com\/noticias\/politica\/periodistas-streamers-y-el-tuit-provocador-de-la-senadora-fuego-cruzado-por-el-voto-peronista-a-yadarola.phtml\" rel=\"noopener\">El tuit provocador de Di Tullio y la reacci\u00f3n de los periodistas: fuego cruzado por el voto peronista a Yadarola<\/a><\/p>\n<h2>Dos recorridos diferentes para llegar a la C\u00e1mara Federal<\/h2>\n<p>La llegada de ambos jueces tiene antecedentes diferentes. <strong>Bertuzzi ya integraba la C\u00e1mara Federal porte\u00f1a<\/strong>, aunque lo hac\u00eda de manera provisoria desde 2018. Hab\u00eda llegado a ese tribunal a trav\u00e9s de un traslado dispuesto durante la gesti\u00f3n de <strong>Mauricio Macri<\/strong>, cuando pas\u00f3 desde un tribunal oral.<\/p>\n<p>Ese mecanismo fue posteriormente revisado por la <strong>Corte Suprema<\/strong>, que estableci\u00f3 que los jueces trasladados pod\u00edan permanecer en sus nuevos cargos de manera transitoria hasta que las vacantes fueran cubiertas mediante los concursos correspondientes. Bertuzzi se present\u00f3 entonces al concurso para revalidar su lugar y finalmente obtuvo el aval del Senado para ocuparlo de manera definitiva.<\/p>\n<p><strong>Yadarola, en cambio, llega desde el fuero Penal Econ\u00f3mico<\/strong>, donde tiene una trayectoria de casi tres d\u00e9cadas. Ingres\u00f3 al Poder Judicial en 1997 y desde 2002 pas\u00f3 por distintos cargos en Comodoro Py. En 2015 asumi\u00f3 como titular del Juzgado Nacional en lo Penal Econ\u00f3mico N\u00b0 2, desde donde tuvo bajo su \u00f3rbita investigaciones de impacto econ\u00f3mico y pol\u00edtico.<\/p>\n<p>Entre los expedientes que tuvieron movimiento durante su paso por ese juzgado estuvo la investigaci\u00f3n por la <strong>valija de Guido Antonini Wilson<\/strong>, que Yadarola reactiv\u00f3 junto con otras causas de relevancia. Su traslado a la C\u00e1mara Federal implicar\u00e1, adem\u00e1s, el desplazamiento de <strong>Leopoldo Bruglia<\/strong>, quien no se present\u00f3 al concurso y deber\u00e1 regresar a su cargo de origen en el Tribunal Oral Federal 4.<\/p>\n<p class=\"destacadoNota\"><a target=\"_blank\" href=\"https:\/\/www.perfil.com\/noticias\/politica\/sesion-del-senado-en-vivo-el-gobierno-busca-aprobar-la-designacion-de-jueces-claves.phtml\" rel=\"noopener\">El Senado aprob\u00f3 67 pliegos judiciales y el Gobierno sum\u00f3 dos jueces clave en Comodoro Py<\/a><\/p>\n<h2>Las causas que podr\u00edan llegar a sus manos<\/h2>\n<p>Con la integraci\u00f3n completa de la Sala I, Bertuzzi, Yadarola y Llorens podr\u00e1n comenzar a intervenir en las apelaciones que lleguen desde los juzgados federales. Entre los expedientes de mayor exposici\u00f3n se encuentran las investigaciones relacionadas con la <a target=\"_blank\" href=\"https:\/\/www.perfil.com\/noticias\/politica\/como-siguen-las-causas-que-mas-preocupan-al-gobierno.phtml\" rel=\"noopener\"><strong>criptomoneda Libra<\/strong><\/a>, uno de los casos que involucra decisiones y personas vinculadas al Gobierno de Milei.<\/p>\n<p>Una de las primeras cuestiones que deber\u00e1 resolver el tribunal ser\u00e1 la apelaci\u00f3n contra la decisi\u00f3n del juez <strong>Marcelo Mart\u00ednez De Giorgi<\/strong> de apartar como querellantes a un grupo de inversores que se presentaron como damnificados por la presunta estafa. La Sala deber\u00e1 determinar si confirma o modifica esa resoluci\u00f3n.<\/p>\n<p>La C\u00e1mara Federal tambi\u00e9n podr\u00eda intervenir en otros expedientes de alto impacto a medida que avancen las investigaciones. En otra sala del mismo tribunal tramita la causa <a target=\"_blank\" href=\"https:\/\/www.perfil.com\/noticias\/amp\/judiciales\/caso-andis-spagnuolo-pidio-suspender-el-peritaje-de-los-audios-y-cuestiono-el-pendrive-que-analiza-gendarmeria.phtml\" rel=\"noopener\"><strong>ANDIS<\/strong><\/a>, en la que se investigan presuntos sobreprecios en la compra de medicamentos y que tiene entre sus principales acusados al extitular del organismo <strong>Diego Spagnuolo<\/strong>. Bertuzzi y Yadarola podr\u00edan intervenir si alguna de las decisiones de primera instancia llega a la Sala I por v\u00eda de apelaci\u00f3n.<\/p>\n<p class=\"destacadoNota\"><a target=\"_blank\" href=\"https:\/\/www.perfil.com\/noticias\/amp\/judiciales\/caso-andis-spagnuolo-pidio-suspender-el-peritaje-de-los-audios-y-cuestiono-el-pendrive-que-analiza-gendarmeria.phtml\" rel=\"noopener\">Caso ANDIS: Spagnuolo pidi\u00f3 suspender el peritaje de los audios y cuestion\u00f3 el pendrive que analiza Gendarmer\u00eda<\/a><\/p>\n<p>La incorporaci\u00f3n de los dos magistrados se inscribe adem\u00e1s en la pol\u00edtica del Gobierno para avanzar con la cobertura de vacantes judiciales. Desde diciembre de 2023, la administraci\u00f3n de Milei formaliz\u00f3 cerca de <strong>177 designaciones<\/strong> en distintos cargos de la Justicia.<\/p>\n<p>Pero el movimiento en la Sala I tiene una importancia particular por el lugar que ocupa la <strong>C\u00e1mara Federal porte\u00f1a dentro del sistema judicial<\/strong>. Sus integrantes no definen el rumbo inicial de las investigaciones, pero s\u00ed tienen la capacidad de revisar las decisiones de los jueces de primera instancia. Con la jura de Bertuzzi y Yadarola, una de las salas que interviene en buena parte d<\/p>\n","protected":false},"excerpt":{"rendered":"<p>El Gobierno oficializ\u00f3 este mi\u00e9rcoles la designaci\u00f3n de Pablo Bertuzzi y Pablo Yadarola como jueces de la Sala I de la C\u00e1mara Nacional de Apelaciones en lo Criminal y Correccional Federal, uno de los tribunales clave de Comodoro Py por el volumen y la relevancia pol\u00edtica de los expedientes que llegan a esa instancia. Ambos [&hellip;]<\/p>\n","protected":false},"author":1,"featured_media":55309,"comment_status":"closed","ping_status":"closed","sticky":false,"template":"","format":"standard","meta":{"om_disable_all_campaigns":false,"_monsterinsights_skip_tracking":false,"_monsterinsights_sitenote_active":false,"_monsterinsights_sitenote_note":"","_monsterinsights_sitenote_category":0},"categories":[30],"tags":[],"aioseo_notices":[],"_links":{"self":[{"href":"https:\/\/cordobapolitica.com\/index.php?rest_route=\/wp\/v2\/posts\/55308"}],"collection":[{"href":"https:\/\/cordobapolitica.com\/index.php?rest_route=\/wp\/v2\/posts"}],"about":[{"href":"https:\/\/cordobapolitica.com\/index.php?rest_route=\/wp\/v2\/types\/post"}],"author":[{"embeddable":true,"href":"https:\/\/cordobapolitica.com\/index.php?rest_route=\/wp\/v2\/users\/1"}],"replies":[{"embeddable":true,"href":"https:\/\/cordobapolitica.com\/index.php?rest_route=%2Fwp%2Fv2%2Fcomments&post=55308"}],"version-history":[{"count":0,"href":"https:\/\/cordobapolitica.com\/index.php?rest_route=\/wp\/v2\/posts\/55308\/revisions"}],"wp:featuredmedia":[{"embeddable":true,"href":"https:\/\/cordobapolitica.com\/index.php?rest_route=\/wp\/v2\/media\/55309"}],"wp:attachment":[{"href":"https:\/\/cordobapolitica.com\/index.php?rest_route=%2Fwp%2Fv2%2Fmedia&parent=55308"}],"wp:term":[{"taxonomy":"category","embeddable":true,"href":"https:\/\/cordobapolitica.com\/index.php?rest_route=%2Fwp%2Fv2%2Fcategories&post=55308"},{"taxonomy":"post_tag","embeddable":true,"href":"https:\/\/cordobapolitica.com\/index.php?rest_route=%2Fwp%2Fv2%2Ftags&post=55308"}],"curies":[{"name":"wp","href":"https:\/\/api.w.org\/{rel}","templated":true}]}}