{"id":55306,"date":"2026-09-02T22:24:20","date_gmt":"2026-09-02T22:24:20","guid":{"rendered":"https:\/\/legislaturacba.gob.ar\/?p=138252"},"modified":"2026-09-02T22:24:20","modified_gmt":"2026-09-02T22:24:20","slug":"cordoba-adecuara-su-legislacion-al-nuevo-regimen-penal-juvenil-nacional","status":"publish","type":"post","link":"https:\/\/cordobapolitica.com\/?p=55306","title":{"rendered":"C\u00f3rdoba adecuar\u00e1 su legislaci\u00f3n al nuevo R\u00e9gimen Penal Juvenil nacional"},"content":{"rendered":"<p>Este mi\u00e9rcoles, durante la <strong>15\u00aa sesi\u00f3n ordinaria de 2026<\/strong> correspondiente al 148\u00b0 per\u00edodo legislativo, la Legislatura de C\u00f3rdoba <strong>sancion\u00f3 una normativa para modificar y derogar art\u00edculos de la ley 11.035 de la provincia de C\u00f3rdoba, que establece el sistema Procesal Penal Juvenil, a fines de adecuarlo a la ley nacional 27.801 <\/strong>que empezar\u00e1 a regir el 5 de septiembre y fija el nuevo R\u00e9gimen Penal Juvenil.<\/p>\n<figure class=\"wp-block-gallery columns-2 is-cropped\">\n<ul class=\"blocks-gallery-grid\">\n<li class=\"blocks-gallery-item\">\n<figure><img src=\"http:\/\/cordobapolitica.com\/wp-content\/uploads\/2026\/09\/cordoba-adecuara-su-legislacion-al-nuevo-regimen-penal-juvenil-nacional.jpg\" alt data-id=\"138298\" data-link=\"https:\/\/legislaturacba.gob.ar\/?attachment_id=138298\" class=\"wp-image-138298\"><\/figure>\n<\/li>\n<li class=\"blocks-gallery-item\">\n<figure><img src=\"http:\/\/cordobapolitica.com\/wp-content\/uploads\/2026\/09\/cordoba-adecuara-su-legislacion-al-nuevo-regimen-penal-juvenil-nacional-1.jpg\" alt data-id=\"138320\" data-full-url=\"http:\/\/cordobapolitica.com\/wp-content\/uploads\/2026\/09\/cordoba-adecuara-su-legislacion-al-nuevo-regimen-penal-juvenil-nacional-1.jpg\" data-link=\"https:\/\/legislaturacba.gob.ar\/cordoba-adecuara-su-legislacion-al-nuevo-regimen-penal-juvenil-nacional\/sesion-n-15_39\/\" class=\"wp-image-138320\"><\/figure>\n<\/li>\n<\/ul>\n<\/figure>\n<p>En los fundamentos del texto aprobado se indica que la adecuaci\u00f3n de la normativa provincial constituye <em>\u201cla reafirmaci\u00f3n del compromiso asumido por la provincia de C\u00f3rdoba con la protecci\u00f3n integral de las y los adolescentes y j\u00f3venes, asegurando un sistema de justicia penal especializado, eficiente y respetuoso de los mandatos constitucionales y convencionales\u201d.<\/em><\/p>\n<p>La sesi\u00f3n ordinaria fue encabezada por la vicegobernadora de C\u00f3rdoba, <strong>Myrian Prunotto<\/strong>, y arranc\u00f3 pasadas las 15. Durante su desarrollo, por momentos tambi\u00e9n condujeron el pleno el presidente provisorio de la Legislatura, <strong>Juan Manuel Llamosas<\/strong>, y la vicepresidenta de la C\u00e1mara, <strong>Julieta Rinaldi<\/strong>.<\/p>\n<figure class=\"wp-block-gallery columns-2 is-cropped\">\n<ul class=\"blocks-gallery-grid\">\n<li class=\"blocks-gallery-item\">\n<figure><img src=\"http:\/\/cordobapolitica.com\/wp-content\/uploads\/2026\/09\/cordoba-adecuara-su-legislacion-al-nuevo-regimen-penal-juvenil-nacional-2.jpg\" alt data-id=\"138284\" data-full-url=\"http:\/\/cordobapolitica.com\/wp-content\/uploads\/2026\/09\/cordoba-adecuara-su-legislacion-al-nuevo-regimen-penal-juvenil-nacional-2.jpg\" data-link=\"https:\/\/legislaturacba.gob.ar\/?attachment_id=138284\" class=\"wp-image-138284\"><\/figure>\n<\/li>\n<li class=\"blocks-gallery-item\">\n<figure><img src=\"http:\/\/cordobapolitica.com\/wp-content\/uploads\/2026\/09\/cordoba-adecuara-su-legislacion-al-nuevo-regimen-penal-juvenil-nacional-3.jpg\" alt data-id=\"138280\" data-full-url=\"http:\/\/cordobapolitica.com\/wp-content\/uploads\/2026\/09\/cordoba-adecuara-su-legislacion-al-nuevo-regimen-penal-juvenil-nacional-3.jpg\" data-link=\"https:\/\/legislaturacba.gob.ar\/?attachment_id=138280\" class=\"wp-image-138280\"><\/figure>\n<\/li>\n<\/ul>\n<\/figure>\n<p>El tratamiento del proyecto tuvo despacho favorable de las <a href=\"https:\/\/legislaturacba.gob.ar\/despacho-favorable-para-actualizar-el-regimen-penal-juvenil-de-cordoba\/\" target=\"_blank\" rel=\"noreferrer noopener\"><strong>comisiones de Seguridad<\/strong> <strong>y de Promoci\u00f3n y Defensa de los Derechos de la Ni\u00f1ez, Adolescencia y Familia<\/strong><\/a>, para lo cual se compatibilizaron las propuestas a fines de ajustar el r\u00e9gimen provincial a la nueva normativa nacional.<\/p>\n<p>La iniciativa destaca el trabajo realizado por la <strong>Mesa de Coordinaci\u00f3n y Seguimiento<\/strong>, integrada por representantes del Poder Judicial; la Fiscal\u00eda General; la Defensa P\u00fablica; la Secretar\u00eda de Ni\u00f1ez, Adolescencia y Familia (Senaf); la Defensor\u00eda de Ni\u00f1as, Ni\u00f1os y Adolescentes; especialistas universitarios y representantes de distintos espacios pol\u00edticos.<\/p>\n<p>Estuvieron presentes en el recinto legislativo la secretaria General de Salud y Desarrollo Humano provincial, <strong>Liliana Montero<\/strong>, y la directora de la Senaf, <strong>Julia Reartes<\/strong>, quienes acompa\u00f1aron el debate en torno a la actualizaci\u00f3n del R\u00e9gimen Penal Juvenil.&nbsp;<\/p>\n<figure class=\"wp-block-gallery columns-2 is-cropped\">\n<ul class=\"blocks-gallery-grid\">\n<li class=\"blocks-gallery-item\">\n<figure><img src=\"http:\/\/cordobapolitica.com\/wp-content\/uploads\/2026\/09\/cordoba-adecuara-su-legislacion-al-nuevo-regimen-penal-juvenil-nacional-4.jpg\" alt data-id=\"138289\" data-full-url=\"http:\/\/cordobapolitica.com\/wp-content\/uploads\/2026\/09\/cordoba-adecuara-su-legislacion-al-nuevo-regimen-penal-juvenil-nacional-4.jpg\" data-link=\"https:\/\/legislaturacba.gob.ar\/?attachment_id=138289\" class=\"wp-image-138289\"><\/figure>\n<\/li>\n<li class=\"blocks-gallery-item\">\n<figure><img src=\"http:\/\/cordobapolitica.com\/wp-content\/uploads\/2026\/09\/cordoba-adecuara-su-legislacion-al-nuevo-regimen-penal-juvenil-nacional-5.jpg\" alt data-id=\"138300\" data-full-url=\"http:\/\/cordobapolitica.com\/wp-content\/uploads\/2026\/09\/cordoba-adecuara-su-legislacion-al-nuevo-regimen-penal-juvenil-nacional-5.jpg\" data-link=\"https:\/\/legislaturacba.gob.ar\/?attachment_id=138300\" class=\"wp-image-138300\"><\/figure>\n<\/li>\n<\/ul>\n<\/figure>\n<p>La legisladora <strong>Julieta Rinaldi<\/strong> fue la encargada de poner a consideraci\u00f3n del pleno el texto de las modificaciones propuestas a la normativa provincial. <\/p>\n<p>Durante su intervenci\u00f3n, Rinaldi explic\u00f3 los principales alcances de la adecuaci\u00f3n y el proceso de trabajo que permiti\u00f3 arribar al texto finalmente tratado.<\/p>\n<figure class=\"wp-block-gallery columns-2 is-cropped\">\n<ul class=\"blocks-gallery-grid\">\n<li class=\"blocks-gallery-item\">\n<figure><img src=\"http:\/\/cordobapolitica.com\/wp-content\/uploads\/2026\/09\/cordoba-adecuara-su-legislacion-al-nuevo-regimen-penal-juvenil-nacional-6.jpg\" alt data-id=\"138256\" data-link=\"https:\/\/legislaturacba.gob.ar\/?attachment_id=138256\" class=\"wp-image-138256\"><\/figure>\n<\/li>\n<li class=\"blocks-gallery-item\">\n<figure><img src=\"http:\/\/cordobapolitica.com\/wp-content\/uploads\/2026\/09\/cordoba-adecuara-su-legislacion-al-nuevo-regimen-penal-juvenil-nacional-7.jpg\" alt data-id=\"138258\" data-full-url=\"http:\/\/cordobapolitica.com\/wp-content\/uploads\/2026\/09\/cordoba-adecuara-su-legislacion-al-nuevo-regimen-penal-juvenil-nacional-7.jpg\" data-link=\"https:\/\/legislaturacba.gob.ar\/?attachment_id=138258\" class=\"wp-image-138258\"><\/figure>\n<\/li>\n<\/ul>\n<\/figure>\n<h4><strong>Nuevo juez electoral<\/strong><\/h4>\n<p>La Unicameral tambi\u00e9n <strong>aprob\u00f3 el pliego remitido por el Ejecutivo provincial para la designaci\u00f3n de Guillermo Arias como nuevo juez electoral en el Juzgado Electoral de la provincia de C\u00f3rdoba<\/strong>, correspondiente al Centro Judicial Capital de la Primera Circunscripci\u00f3n Judicial.<\/p>\n<figure class=\"wp-block-gallery columns-2 is-cropped\">\n<ul class=\"blocks-gallery-grid\">\n<li class=\"blocks-gallery-item\">\n<figure><img src=\"http:\/\/cordobapolitica.com\/wp-content\/uploads\/2026\/09\/cordoba-adecuara-su-legislacion-al-nuevo-regimen-penal-juvenil-nacional-8.jpg\" alt data-id=\"138331\" data-full-url=\"http:\/\/cordobapolitica.com\/wp-content\/uploads\/2026\/09\/cordoba-adecuara-su-legislacion-al-nuevo-regimen-penal-juvenil-nacional-8.jpg\" data-link=\"https:\/\/legislaturacba.gob.ar\/cordoba-adecuara-su-legislacion-al-nuevo-regimen-penal-juvenil-nacional\/sesion-n-15-c_11\/\" class=\"wp-image-138331\"><\/figure>\n<\/li>\n<li class=\"blocks-gallery-item\">\n<figure><img src=\"http:\/\/cordobapolitica.com\/wp-content\/uploads\/2026\/09\/cordoba-adecuara-su-legislacion-al-nuevo-regimen-penal-juvenil-nacional-9.jpg\" alt data-id=\"138334\" data-full-url=\"http:\/\/cordobapolitica.com\/wp-content\/uploads\/2026\/09\/cordoba-adecuara-su-legislacion-al-nuevo-regimen-penal-juvenil-nacional-9.jpg\" data-link=\"https:\/\/legislaturacba.gob.ar\/cordoba-adecuara-su-legislacion-al-nuevo-regimen-penal-juvenil-nacional\/sesion-n-15_5\/\" class=\"wp-image-138334\"><\/figure>\n<\/li>\n<\/ul>\n<\/figure>\n<p>Arias lleg\u00f3 a esta instancia luego de obtener el <strong>primer lugar en el orden de m\u00e9rito<\/strong> elaborado por el Consejo de la Magistratura de C\u00f3rdoba para cubrir el cargo. El listado fue confeccionado mediante el Acuerdo N\u00ba 57, del 4 de agosto de 2026, en el marco del proceso de selecci\u00f3n de magistrados.<\/p>\n<p>El pliego enviado por el Ejecutivo provincial hab\u00eda obtenido previamente despacho favorable de la<a href=\"https:\/\/legislaturacba.gob.ar\/legisladores-aprobaron-la-designacion-de-guillermo-arias-como-nuevo-juez-electoral-de-la-provincia-de-cordoba\/\" target=\"_blank\" rel=\"noreferrer noopener\"><strong>Comisi\u00f3n de Asuntos Constitucionales, Justicia y Acuerdos<\/strong>,<\/a> antes de ser puesto a consideraci\u00f3n del pleno de la Legislatura.<\/p>\n<p>De esta manera, con la aprobaci\u00f3n del pliego, la Legislatura prest\u00f3 el acuerdo correspondiente para que Arias asuma al frente del Juzgado Electoral de la Provincia de C\u00f3rdoba.<\/p>\n<h4><strong>Renuncia de Flores<\/strong><\/h4>\n<p>Durante la 15\u00aa sesi\u00f3n ordinaria, la Legislatura de C\u00f3rdoba tambi\u00e9n <strong>acept\u00f3 la renuncia presentada por el legislador Ernesto Ram\u00f3n Flores<\/strong>, quien abandon\u00f3 su banca en el cuerpo legislativo provincial.<\/p>\n","protected":false},"excerpt":{"rendered":"<p>Este mi\u00e9rcoles, durante la 15\u00aa sesi\u00f3n ordinaria de 2026 correspondiente al 148\u00b0 per\u00edodo legislativo, la Legislatura de C\u00f3rdoba sancion\u00f3 una normativa para modificar y derogar art\u00edculos de la ley 11.035 de la provincia de C\u00f3rdoba, que establece el sistema Procesal Penal Juvenil, a fines de adecuarlo a la ley nacional 27.801 que empezar\u00e1 a regir [&hellip;]<\/p>\n","protected":false},"author":1,"featured_media":55307,"comment_status":"closed","ping_status":"closed","sticky":false,"template":"","format":"standard","meta":{"om_disable_all_campaigns":false,"_monsterinsights_skip_tracking":false,"_monsterinsights_sitenote_active":false,"_monsterinsights_sitenote_note":"","_monsterinsights_sitenote_category":0},"categories":[31],"tags":[],"aioseo_notices":[],"_links":{"self":[{"href":"https:\/\/cordobapolitica.com\/index.php?rest_route=\/wp\/v2\/posts\/55306"}],"collection":[{"href":"https:\/\/cordobapolitica.com\/index.php?rest_route=\/wp\/v2\/posts"}],"about":[{"href":"https:\/\/cordobapolitica.com\/index.php?rest_route=\/wp\/v2\/types\/post"}],"author":[{"embeddable":true,"href":"https:\/\/cordobapolitica.com\/index.php?rest_route=\/wp\/v2\/users\/1"}],"replies":[{"embeddable":true,"href":"https:\/\/cordobapolitica.com\/index.php?rest_route=%2Fwp%2Fv2%2Fcomments&post=55306"}],"version-history":[{"count":0,"href":"https:\/\/cordobapolitica.com\/index.php?rest_route=\/wp\/v2\/posts\/55306\/revisions"}],"wp:featuredmedia":[{"embeddable":true,"href":"https:\/\/cordobapolitica.com\/index.php?rest_route=\/wp\/v2\/media\/55307"}],"wp:attachment":[{"href":"https:\/\/cordobapolitica.com\/index.php?rest_route=%2Fwp%2Fv2%2Fmedia&parent=55306"}],"wp:term":[{"taxonomy":"category","embeddable":true,"href":"https:\/\/cordobapolitica.com\/index.php?rest_route=%2Fwp%2Fv2%2Fcategories&post=55306"},{"taxonomy":"post_tag","embeddable":true,"href":"https:\/\/cordobapolitica.com\/index.php?rest_route=%2Fwp%2Fv2%2Ftags&post=55306"}],"curies":[{"name":"wp","href":"https:\/\/api.w.org\/{rel}","templated":true}]}}