{"id":55304,"date":"2026-09-03T01:18:55","date_gmt":"2026-09-03T01:18:55","guid":{"rendered":"https:\/\/legislaturacba.gob.ar\/?p=138274"},"modified":"2026-09-03T01:18:55","modified_gmt":"2026-09-03T01:18:55","slug":"la-unicameral-autorizo-un-nuevo-programa-de-la-provincia-para-facilitar-la-regularizacion-de-deudas-de-familias","status":"publish","type":"post","link":"https:\/\/cordobapolitica.com\/?p=55304","title":{"rendered":"La Unicameral autoriz\u00f3 un nuevo programa de la Provincia para facilitar la regularizaci\u00f3n de deudas de familias"},"content":{"rendered":"<p>La Legislatura de C\u00f3rdoba<strong> convirti\u00f3 en ley el Programa Provincial de Alivio y Reordenamiento del Endeudamiento Familiar<\/strong>, una iniciativa del Ejecutivo provincial destinada a <strong>facilitar la regularizaci\u00f3n de deudas de familias cordobesas <\/strong>que atraviesan dificultades econ\u00f3micas y financieras para afrontar sus obligaciones. La aprobaci\u00f3n de la ley se dio este mi\u00e9rcoles por la noche, durante el transcurso de la <strong>15\u00aa sesi\u00f3n ordinaria de 2026 de la Unicameral<\/strong> correspondiente al 148\u00b0 per\u00edodo legislativo.<\/p>\n<figure class=\"wp-block-gallery columns-2 is-cropped\">\n<ul class=\"blocks-gallery-grid\">\n<li class=\"blocks-gallery-item\">\n<figure><img src=\"http:\/\/cordobapolitica.com\/wp-content\/uploads\/2026\/09\/la-unicameral-autorizo-un-nuevo-programa-de-la-provincia-para-facilitar-la-regularizacion-de-deudas-de-familias.jpg\" alt data-id=\"138296\" data-full-url=\"http:\/\/cordobapolitica.com\/wp-content\/uploads\/2026\/09\/la-unicameral-autorizo-un-nuevo-programa-de-la-provincia-para-facilitar-la-regularizacion-de-deudas-de-familias.jpg\" data-link=\"https:\/\/legislaturacba.gob.ar\/?attachment_id=138296\" class=\"wp-image-138296\"><\/figure>\n<\/li>\n<li class=\"blocks-gallery-item\">\n<figure><img src=\"http:\/\/cordobapolitica.com\/wp-content\/uploads\/2026\/09\/la-unicameral-autorizo-un-nuevo-programa-de-la-provincia-para-facilitar-la-regularizacion-de-deudas-de-familias-1.jpg\" alt data-id=\"138260\" data-full-url=\"http:\/\/cordobapolitica.com\/wp-content\/uploads\/2026\/09\/la-unicameral-autorizo-un-nuevo-programa-de-la-provincia-para-facilitar-la-regularizacion-de-deudas-de-familias-1.jpg\" data-link=\"https:\/\/legislaturacba.gob.ar\/cordoba-adecuara-su-legislacion-al-nuevo-regimen-penal-juvenil-nacional\/whatsapp-image-2026-09-02-at-19-19-49\/\" class=\"wp-image-138260\"><\/figure>\n<\/li>\n<\/ul>\n<\/figure>\n<p>La nueva ley tiene como objetivo <em>\u201creducir y\/o mitigar el impacto econ\u00f3mico y financiero que soportan las familias cordobesas como consecuencia de la situaci\u00f3n macroecon\u00f3mica del pa\u00eds, especialmente en relaci\u00f3n a aquellas obligaciones derivadas de pr\u00e9stamos personales, saldos de tarjetas de cr\u00e9dito y gastos vinculados a subsistencia o necesidades b\u00e1sicas del hogar\u201d.<\/em><\/p>\n<p>M\u00e1s precisamente, el programa busca <strong>reducir el costo financiero, evitar el deterioro de la situaci\u00f3n de los endeudados y favorecer la recuperaci\u00f3n progresiva de su capacidad econ\u00f3mica<\/strong>.&nbsp;<\/p>\n<p>La decimoquinta sesi\u00f3n ordinaria de 2026 arranc\u00f3 en las primeras horas de la tarde y se extendi\u00f3 hasta pasadas las 22.30. Fue conducida por la vicegobernadora de C\u00f3rdoba, <strong>Myrian Prunotto<\/strong>. Por momentos, tambi\u00e9n manejaron el pleno el presidente provisorio de la Legislatura, <strong>Juan Manuel Llamosas<\/strong>, y la vicepresidenta del cuerpo legislativo, <strong>Julieta Rinaldi<\/strong>.<\/p>\n<figure class=\"wp-block-gallery columns-3 is-cropped\"><\/figure>\n<p>El nuevo programa provincial establece que <strong>los bancos y las entidades emisoras de tarjetas que adhieran deber\u00e1n ofrecer mecanismos de consolidaci\u00f3n, refinanciaci\u00f3n o reestructuraci\u00f3n de las deudas<\/strong> bajo condiciones espec\u00edficamente fijadas por la ley. En otros t\u00e9rminos, deber\u00e1n instrumentar l\u00edneas especiales de financiamiento para las personas alcanzadas por el programa.<\/p>\n<p>Las operaciones tendr\u00e1n una <strong>Tasa Nominal Anual (TNA) fija m\u00e1xima del 35 por ciento<\/strong> y podr\u00e1n cancelarse en un <strong>plazo de entre 24 y 48 cuotas mensuales<\/strong>.<\/p>\n<figure class=\"wp-block-gallery columns-2 is-cropped\">\n<ul class=\"blocks-gallery-grid\">\n<li class=\"blocks-gallery-item\">\n<figure><img src=\"http:\/\/cordobapolitica.com\/wp-content\/uploads\/2026\/09\/la-unicameral-autorizo-un-nuevo-programa-de-la-provincia-para-facilitar-la-regularizacion-de-deudas-de-familias-2.jpg\" alt data-id=\"138286\" data-full-url=\"http:\/\/cordobapolitica.com\/wp-content\/uploads\/2026\/09\/la-unicameral-autorizo-un-nuevo-programa-de-la-provincia-para-facilitar-la-regularizacion-de-deudas-de-familias-2.jpg\" data-link=\"https:\/\/legislaturacba.gob.ar\/?attachment_id=138286\" class=\"wp-image-138286\"><\/figure>\n<\/li>\n<li class=\"blocks-gallery-item\">\n<figure><img src=\"http:\/\/cordobapolitica.com\/wp-content\/uploads\/2026\/09\/la-unicameral-autorizo-un-nuevo-programa-de-la-provincia-para-facilitar-la-regularizacion-de-deudas-de-familias-3.jpg\" alt data-id=\"138253\" data-full-url=\"http:\/\/cordobapolitica.com\/wp-content\/uploads\/2026\/09\/la-unicameral-autorizo-un-nuevo-programa-de-la-provincia-para-facilitar-la-regularizacion-de-deudas-de-familias-3.jpg\" data-link=\"https:\/\/legislaturacba.gob.ar\/cordoba-adecuara-su-legislacion-al-nuevo-regimen-penal-juvenil-nacional\/sesion-n-15_8\/\" class=\"wp-image-138253\"><\/figure>\n<\/li>\n<\/ul>\n<\/figure>\n<p>Por otra parte, se establece como autoridad de aplicaci\u00f3n del programa al <strong>Ministerio de Econom\u00eda<\/strong>, o al organismo que en el futuro lo sustituya, que dictar\u00e1 las normas instrumentales que considere necesarias en el \u00e1mbito de su competencia para la aplicaci\u00f3n de lo dispuesto en la ley.<\/p>\n<p>Se podr\u00e1n refinanciar <strong>deudas originadas en pr\u00e9stamos personales, saldos de tarjetas de cr\u00e9dito y otras modalidades de financiamiento que sirven para solventar gastos ordinarios<\/strong> relacionados con la subsistencia o las necesidades b\u00e1sicas del hogar.&nbsp;<\/p>\n<figure class=\"wp-block-gallery columns-2 is-cropped\">\n<ul class=\"blocks-gallery-grid\">\n<li class=\"blocks-gallery-item\">\n<figure><img src=\"http:\/\/cordobapolitica.com\/wp-content\/uploads\/2026\/09\/la-unicameral-autorizo-un-nuevo-programa-de-la-provincia-para-facilitar-la-regularizacion-de-deudas-de-familias-4.jpg\" alt data-id=\"138297\" data-full-url=\"http:\/\/cordobapolitica.com\/wp-content\/uploads\/2026\/09\/la-unicameral-autorizo-un-nuevo-programa-de-la-provincia-para-facilitar-la-regularizacion-de-deudas-de-familias-4.jpg\" data-link=\"https:\/\/legislaturacba.gob.ar\/?attachment_id=138297\" class=\"wp-image-138297\"><\/figure>\n<\/li>\n<li class=\"blocks-gallery-item\">\n<figure><img src=\"http:\/\/cordobapolitica.com\/wp-content\/uploads\/2026\/09\/la-unicameral-autorizo-un-nuevo-programa-de-la-provincia-para-facilitar-la-regularizacion-de-deudas-de-familias-5.jpg\" alt data-id=\"138288\" data-full-url=\"http:\/\/cordobapolitica.com\/wp-content\/uploads\/2026\/09\/la-unicameral-autorizo-un-nuevo-programa-de-la-provincia-para-facilitar-la-regularizacion-de-deudas-de-familias-5.jpg\" data-link=\"https:\/\/legislaturacba.gob.ar\/?attachment_id=138288\" class=\"wp-image-138288\"><\/figure>\n<\/li>\n<\/ul>\n<\/figure>\n<p>Los grupos familiares endeudados tendr\u00e1n un <strong>plazo de 90 d\u00edas<\/strong> para realizar el tr\u00e1mite pertinente para adherir al programa, a partir de la publicaci\u00f3n de la ley en el Bolet\u00edn Oficial de la Provincia. <strong>Deber\u00e1n reunir determinadas condiciones econ\u00f3micas, financieras y patrimoniales<\/strong> que definir\u00e1 la autoridad de aplicaci\u00f3n.<\/p>\n<p>La explicaci\u00f3n de los principales aspectos del programa estuvo a cargo del presidente de la Comisi\u00f3n de Econom\u00eda y Presupuesto de la Unicameral, legislador <strong>Ricardo Sosa<\/strong>, quien se\u00f1al\u00f3: <em>\u201cSe busca generar una herramienta para las familias cordobesas que tuvieron dificultades para afrontar sus deudas y que necesitan refinanciarlas. M\u00e1s exactamente, el objetivo es tratar de evitar que la situaci\u00f3n de las familias endeudadas siga empeorando y darles la posibilidad de que puedan reordenarse\u201d.<\/em><\/p>\n<p>A su turno, el legislador <strong>Oscar Agost Carre\u00f1o<\/strong> detall\u00f3 los alcances del despacho de la minor\u00eda.<\/p>\n<figure class=\"wp-block-gallery columns-2 is-cropped\">\n<ul class=\"blocks-gallery-grid\">\n<li class=\"blocks-gallery-item\">\n<figure><img src=\"http:\/\/cordobapolitica.com\/wp-content\/uploads\/2026\/09\/la-unicameral-autorizo-un-nuevo-programa-de-la-provincia-para-facilitar-la-regularizacion-de-deudas-de-familias-6.jpg\" alt data-id=\"138291\" data-full-url=\"http:\/\/cordobapolitica.com\/wp-content\/uploads\/2026\/09\/la-unicameral-autorizo-un-nuevo-programa-de-la-provincia-para-facilitar-la-regularizacion-de-deudas-de-familias-6.jpg\" data-link=\"https:\/\/legislaturacba.gob.ar\/?attachment_id=138291\" class=\"wp-image-138291\"><\/figure>\n<\/li>\n<li class=\"blocks-gallery-item\">\n<figure><img src=\"http:\/\/cordobapolitica.com\/wp-content\/uploads\/2026\/09\/la-unicameral-autorizo-un-nuevo-programa-de-la-provincia-para-facilitar-la-regularizacion-de-deudas-de-familias-7.jpg\" alt data-id=\"138283\" data-full-url=\"http:\/\/cordobapolitica.com\/wp-content\/uploads\/2026\/09\/la-unicameral-autorizo-un-nuevo-programa-de-la-provincia-para-facilitar-la-regularizacion-de-deudas-de-familias-7.jpg\" data-link=\"https:\/\/legislaturacba.gob.ar\/?attachment_id=138283\" class=\"wp-image-138283\"><\/figure>\n<\/li>\n<\/ul>\n<\/figure>\n<p>Participaron en el tratamiento de la nueva ley el secretario general del Sindicato de Empleados P\u00fablicos (SEP), <strong>Sergio Castro<\/strong>; y el secretario general del Sindicato de Empleados Legislativos de C\u00f3rdoba, <strong>Aldo Rivas<\/strong>.<\/p>\n<p>El legislador <strong>Facundo Torres Lima<\/strong> hizo alusi\u00f3n y salud\u00f3, precisamente, al <strong>Sindicato de Empleados Legislativos de C\u00f3rdoba<\/strong> en ocasi\u00f3n de cumplirse este 2 de septiembre <strong>35 a\u00f1os<\/strong> <strong>del d\u00eda en que se firm\u00f3 su acta fundacional <\/strong>y qued\u00f3 conformada su primera comisi\u00f3n directiva.<\/p>\n<figure class=\"wp-block-gallery columns-2 is-cropped\">\n<ul class=\"blocks-gallery-grid\">\n<li class=\"blocks-gallery-item\">\n<figure><img src=\"http:\/\/cordobapolitica.com\/wp-content\/uploads\/2026\/09\/la-unicameral-autorizo-un-nuevo-programa-de-la-provincia-para-facilitar-la-regularizacion-de-deudas-de-familias-8.jpg\" alt data-id=\"138285\" data-full-url=\"http:\/\/cordobapolitica.com\/wp-content\/uploads\/2026\/09\/la-unicameral-autorizo-un-nuevo-programa-de-la-provincia-para-facilitar-la-regularizacion-de-deudas-de-familias-8.jpg\" data-link=\"https:\/\/legislaturacba.gob.ar\/?attachment_id=138285\" class=\"wp-image-138285\"><\/figure>\n<\/li>\n<li class=\"blocks-gallery-item\">\n<figure><img src=\"http:\/\/cordobapolitica.com\/wp-content\/uploads\/2026\/09\/la-unicameral-autorizo-un-nuevo-programa-de-la-provincia-para-facilitar-la-regularizacion-de-deudas-de-familias-9.jpg\" alt data-id=\"138290\" data-full-url=\"http:\/\/cordobapolitica.com\/wp-content\/uploads\/2026\/09\/la-unicameral-autorizo-un-nuevo-programa-de-la-provincia-para-facilitar-la-regularizacion-de-deudas-de-familias-9.jpg\" data-link=\"https:\/\/legislaturacba.gob.ar\/?attachment_id=138290\" class=\"wp-image-138290\"><\/figure>\n<\/li>\n<\/ul>\n<\/figure>\n<p><strong><a href=\"https:\/\/legislaturacba.gob.ar\/aval-de-comision-para-crear-el-programa-provincial-de-alivio-y-reordenamiento-del-endeudamiento-familiar\/\" target=\"_blank\" rel=\"noreferrer noopener\">M\u00e1s info sobre el Programa Provincial de Alivio y Reordenamiento del Endeudamiento Familiar.&nbsp;<\/a><\/strong><\/p>\n<h4><strong>Benepl\u00e1cito por la liberaci\u00f3n de Paola Ortiz<\/strong><\/h4>\n<p>Adem\u00e1s, en la 15\u00aa sesi\u00f3n ordinaria de la Unicameral, se aprob\u00f3 el <strong>benepl\u00e1cito de la Legislatura por la liberaci\u00f3n de Paola Ver\u00f3nica Ortiz<\/strong>.&nbsp;<\/p>\n<p>El benepl\u00e1cito fue posible tras el proyecto presentado por la legisladora <strong>Noelia Ag\u00fcero<\/strong> y se\u00f1ala que la libertad de Ortiz se logr\u00f3 <em>\u201ctras 13 a\u00f1os de injusta detenci\u00f3n, gracias a las acciones de sus abogadas Julia Luna y Roc\u00edo Garc\u00eda Garro. y al impulso colectivo del movimiento transfeminista\u201d<\/em>.<\/p>\n<figure class=\"wp-block-gallery columns-2 is-cropped\">\n<ul class=\"blocks-gallery-grid\">\n<li class=\"blocks-gallery-item\">\n<figure><img src=\"http:\/\/cordobapolitica.com\/wp-content\/uploads\/2026\/09\/la-unicameral-autorizo-un-nuevo-programa-de-la-provincia-para-facilitar-la-regularizacion-de-deudas-de-familias-10.jpg\" alt data-id=\"138315\" data-full-url=\"http:\/\/cordobapolitica.com\/wp-content\/uploads\/2026\/09\/la-unicameral-autorizo-un-nuevo-programa-de-la-provincia-para-facilitar-la-regularizacion-de-deudas-de-familias-10.jpg\" data-link=\"https:\/\/legislaturacba.gob.ar\/?attachment_id=138315\" class=\"wp-image-138315\"><\/figure>\n<\/li>\n<li class=\"blocks-gallery-item\">\n<figure><img src=\"http:\/\/cordobapolitica.com\/wp-content\/uploads\/2026\/09\/la-unicameral-autorizo-un-nuevo-programa-de-la-provincia-para-facilitar-la-regularizacion-de-deudas-de-familias-11.jpg\" alt data-id=\"138314\" data-full-url=\"http:\/\/cordobapolitica.com\/wp-content\/uploads\/2026\/09\/la-unicameral-autorizo-un-nuevo-programa-de-la-provincia-para-facilitar-la-regularizacion-de-deudas-de-familias-11.jpg\" data-link=\"https:\/\/legislaturacba.gob.ar\/?attachment_id=138314\" class=\"wp-image-138314\"><\/figure>\n<\/li>\n<\/ul>\n<\/figure>\n<h4><strong>Minuto de silencio<\/strong><\/h4>\n<p>Antes de finalizar la sesi\u00f3n, se hizo un <strong>minuto de silencio<\/strong> en homenaje a la memoria de la exdiputada provincial <strong>Thelma Angeloz de Ninci<\/strong>, recientemente fallecida y hermana del exgobernador de C\u00f3rdoba, Eduardo Angeloz.<\/p>\n","protected":false},"excerpt":{"rendered":"<p>La Legislatura de C\u00f3rdoba convirti\u00f3 en ley el Programa Provincial de Alivio y Reordenamiento del Endeudamiento Familiar, una iniciativa del Ejecutivo provincial destinada a facilitar la regularizaci\u00f3n de deudas de familias cordobesas que atraviesan dificultades econ\u00f3micas y financieras para afrontar sus obligaciones. La aprobaci\u00f3n de la ley se dio este mi\u00e9rcoles por la noche, durante [&hellip;]<\/p>\n","protected":false},"author":1,"featured_media":55305,"comment_status":"closed","ping_status":"closed","sticky":false,"template":"","format":"standard","meta":{"om_disable_all_campaigns":false,"_monsterinsights_skip_tracking":false,"_monsterinsights_sitenote_active":false,"_monsterinsights_sitenote_note":"","_monsterinsights_sitenote_category":0},"categories":[31],"tags":[],"aioseo_notices":[],"_links":{"self":[{"href":"https:\/\/cordobapolitica.com\/index.php?rest_route=\/wp\/v2\/posts\/55304"}],"collection":[{"href":"https:\/\/cordobapolitica.com\/index.php?rest_route=\/wp\/v2\/posts"}],"about":[{"href":"https:\/\/cordobapolitica.com\/index.php?rest_route=\/wp\/v2\/types\/post"}],"author":[{"embeddable":true,"href":"https:\/\/cordobapolitica.com\/index.php?rest_route=\/wp\/v2\/users\/1"}],"replies":[{"embeddable":true,"href":"https:\/\/cordobapolitica.com\/index.php?rest_route=%2Fwp%2Fv2%2Fcomments&post=55304"}],"version-history":[{"count":0,"href":"https:\/\/cordobapolitica.com\/index.php?rest_route=\/wp\/v2\/posts\/55304\/revisions"}],"wp:featuredmedia":[{"embeddable":true,"href":"https:\/\/cordobapolitica.com\/index.php?rest_route=\/wp\/v2\/media\/55305"}],"wp:attachment":[{"href":"https:\/\/cordobapolitica.com\/index.php?rest_route=%2Fwp%2Fv2%2Fmedia&parent=55304"}],"wp:term":[{"taxonomy":"category","embeddable":true,"href":"https:\/\/cordobapolitica.com\/index.php?rest_route=%2Fwp%2Fv2%2Fcategories&post=55304"},{"taxonomy":"post_tag","embeddable":true,"href":"https:\/\/cordobapolitica.com\/index.php?rest_route=%2Fwp%2Fv2%2Ftags&post=55304"}],"curies":[{"name":"wp","href":"https:\/\/api.w.org\/{rel}","templated":true}]}}