{"id":55297,"date":"2026-09-03T00:03:00","date_gmt":"2026-09-03T00:03:00","guid":{"rendered":"https:\/\/www.ambito.com\/ambito-nacional\/san-luis-aprobo-la-reforma-constitucional-prohibe-la-reeleccion-indefinida-y-suprime-los-comicios-medio-termino-n6317914"},"modified":"2026-09-03T00:03:00","modified_gmt":"2026-09-03T00:03:00","slug":"san-luis-aprobo-la-reforma-constitucional-prohibe-la-reeleccion-indefinida-y-suprime-los-comicios-de-medio-termino","status":"publish","type":"post","link":"https:\/\/cordobapolitica.com\/?p=55297","title":{"rendered":"San Luis aprob\u00f3 la reforma constitucional: proh\u00edbe la reelecci\u00f3n indefinida y suprime los comicios de medio t\u00e9rmino"},"content":{"rendered":"<p><img src=\"http:\/\/cordobapolitica.com\/wp-content\/uploads\/2026\/09\/san-luis-aprobo-la-reforma-constitucional-prohibe-la-reeleccion-indefinida-y-suprime-los-comicios-de-medio-termino.jpg\"><\/p>\n<div id>\n<p id=\"p-1788391323414-94423\">La C\u00e1mara de Diputados de <strong>San Luis <\/strong>le dio sanci\u00f3n definitiva al <strong>proyecto de reforma constitucional impulsado por el gobernador Claudio Poggi<\/strong> y la provincia elegir\u00e1 a <a href=\"https:\/\/www.ambito.com\/ambito-nacional\/el-gobernador-claudio-poggi-anuncio-que-impulsara-una-reforma-constitucional-san-luis-n6262335\" target=\"_blank\" rel=\"follow noopener\">52 convencionales para modificar la Carta Magna<\/a>. <strong>El fin de la reelecci\u00f3n indefinida es uno de los pasajes destacados de la iniciativa. <\/strong><\/p>\n<\/p><\/div>\n<div id>\n<p id=\"p-1788391323414-72920\">La propuesta obtuvo 30 votos a favor y 13 en contra y se convirti\u00f3 en ley, ya que llegaba con luz verde desde el Senado. La aprobaci\u00f3n legislativa no implica reformar directamente la Constituci\u00f3n, sino <strong>declarar la necesidad y conveniencia de hacerlo<\/strong> y delimitar los temas sobre los que podr\u00e1 pronunciarse la Convenci\u00f3n Constituyente.<\/p>\n<\/div>\n<div id>\n<h2 id=\"p-1788391673303-80909\"> Los cambios que introducir\u00e1 la reforma en San Luis<\/h2>\n<p id=\"p-1788391323414-46316\">El esquema aprobado contempla la modificaci\u00f3n de <strong>23 art\u00edculos de la Constituci\u00f3n<\/strong>, la incorporaci\u00f3n de otros 23 y la creaci\u00f3n de cuatro cap\u00edtulos nuevos; y la Convenci\u00f3n que lo analizar\u00e1 estar\u00e1 integrada por 52 convencionales elegidos por el pueblo en la pr\u00f3xima elecci\u00f3n provincial general.<\/p>\n<\/div>\n<div id>\n<p id=\"p-1788391323414-21307\">Uno de los principales cambios habilitados es la modificaci\u00f3n del art\u00edculo 147 para establecer la <strong>prohibici\u00f3n absoluta de reelecci\u00f3n despu\u00e9s de dos per\u00edodos consecutivos o alternados para quien ocupe la Gobernaci\u00f3n<\/strong>. Adem\u00e1s, el per\u00edodo constitucional 2023-2027 ser\u00e1 computado como primer mandato a los efectos de esta limitaci\u00f3n.<\/p>\n<\/div>\n<div id>\n<p id=\"p-1788391323414-77927\">La reforma propone tambi\u00e9n modificar el funcionamiento y el calendario electoral del Poder Legislativo. El per\u00edodo de sesiones ordinarias se extender\u00eda desde el 15 de marzo hasta el 31 de diciembre, mientras que las c\u00e1maras de Diputados y Senadores pasar\u00edan a renovarse en su totalidad cada cuatro a\u00f1os, en elecciones coincidentes con la de gobernador.<\/p>\n<\/div>\n<div id>\n<p id=\"p-1788391323414-49394\">Para implementar el nuevo esquema, se prev\u00e9 una <strong>cl\u00e1usula transitoria que prorroga hasta 2031 los mandatos de los legisladores elegidos en 2025 que originalmente vencen en 2029. <\/strong>Desde las elecciones de 2031, ambas c\u00e1maras se renovar\u00edan completamente cada cuatro a\u00f1os.<\/p>\n<div class=\"embed_cont type_freetext\" id=\"embed7774_wrap\" data-provider=\"Twitter\">\n<div id=\"embed7774_content\" class=\"embed_content\">\n<div id=\"embed7774_embed\">\n<blockquote data-td-script-src=\"https:\/\/platform.x.com\/widgets.js\" class=\"twitter-tweet\">\n<p id=\"p-1788391755600-32291\" dir=\"ltr\" lang=\"es\">Hoy se sancion\u00f3 la Ley Provincial que Declara la Necesidad de la Reforma Parcial de la Constituci\u00f3n Provincial. Se impulsa fortalecer la INSTITUCIONALIDAD en los tres Poderes del Estado. Felicitaciones a todos los que realizaron su aporte de ideas y felicitaciones a los\u2026<\/p>\n<p> \u2014 Claudio Javier Poggi (@claudiojpoggi) <a href=\"https:\/\/x.com\/claudiojpoggi\/status\/2095260412677705830?ref_src=twsrc%5Etfw\">September 2, 2026<\/a><\/p><\/blockquote>\n<\/div><\/div><\/div>\n<p id=\"p-1788391323414-14851\"><strong> El mismo criterio alcanzar\u00eda a los Concejos Deliberantes, cuya renovaci\u00f3n total se realizar\u00eda en la misma oportunidad que la de las autoridades provinciales.<\/strong><\/p>\n<p id=\"p-1788391323414-4446\">La unificaci\u00f3n del calendario permitir\u00e1 adem\u00e1s terminar con las <strong>elecciones legislativas de medio t\u00e9rmino<\/strong>, reducir los costos asociados a la realizaci\u00f3n de comicios cada dos a\u00f1os y evitar que las gestiones permanezcan atravesadas de manera constante por procesos electorales. Tambi\u00e9n apunta a facilitar la planificaci\u00f3n de pol\u00edticas a largo plazo y reducir la fatiga electoral que implica convocar a la ciudadan\u00eda a votar cada dos a\u00f1os.<\/p>\n<p id=\"p-1788391323414-77656\">Otro de los ejes centrales es la modificaci\u00f3n del sistema judicial. El proyecto busca garantizar la independencia del Ministerio P\u00fablico, separ\u00e1ndolo del Poder Judicial y estableciendo una estructura de doble direcci\u00f3n conformada por una Defensor\u00eda General y una Procuraci\u00f3n General.<\/p>\n<p id=\"p-1788391323414-68738\">Tambi\u00e9n se prev\u00e9 la creaci\u00f3n de un Consejo del Ministerio P\u00fablico, que intervendr\u00e1 en la selecci\u00f3n de los miembros inferiores del Ministerio P\u00fablico Fiscal y de la Defensa, y de un Jurado de Destituci\u00f3n propio.<\/p>\n<p id=\"p-1788391450486-16007\">La reforma <strong>tambi\u00e9n habilita modificaciones en la composici\u00f3n y el funcionamiento del Consejo de la Magistratura<\/strong>, con la incorporaci\u00f3n de representantes de la academia y del Senado. El organismo deber\u00e1 elaborar un orden de m\u00e9rito a partir de los concursos de antecedentes y la terna que eleve al Poder Ejecutivo tendr\u00e1 car\u00e1cter vinculante -s\u00f3lo podr\u00e1 apartarse del orden establecido por motivos fundados-.<\/p>\n<p id=\"p-1788391450486-14879\">Adem\u00e1s, se establece una permanencia m\u00ednima de cuatro a\u00f1os en el cargo para los magistrados del Poder Judicial y del Ministerio P\u00fablico como requisito para acceder a nuevas funciones y se eleva de tres a cinco a\u00f1os la exigencia de ejercicio profesional o desempe\u00f1o en determinadas funciones judiciales prevista para acceder a la magistratura.<\/p>\n<p id=\"p-1788391450486-84033\"><strong>La iniciativa tambi\u00e9n establece un l\u00edmite de 75 a\u00f1os para los miembros del Poder Judicial, del Ministerio P\u00fablico y del Tribunal de Cuentas. Al alcanzar esa edad podr\u00e1 analizarse su continuidad mediante una nueva designaci\u00f3n con acuerdo del Senado a propuesta del Poder Ejecutivo.<\/strong><\/p>\n<p id=\"p-1788391470413-30783\">Otro de los n\u00facleos es la incorporaci\u00f3n de una cl\u00e1usula federal destinada a reafirmar la autonom\u00eda provincial en consonancia con la reforma de la Constituci\u00f3n Nacional de 1994. La propuesta contempla el ejercicio pleno de los poderes y competencias no delegados al Gobierno federal, el poder de polic\u00eda y tributario de la Provincia sobre establecimientos de utilidad nacional radicados en su territorio y la participaci\u00f3n de San Luis en estudios, planes y decisiones de la Administraci\u00f3n federal, adem\u00e1s del debate de un nuevo r\u00e9gimen de coparticipaci\u00f3n.<\/p>\n<div class=\"embed_cont type_imagen\" id=\"8273257-Libre-654388489_wrap\">\n<div id=\"8273257-Libre-654388489_content\" class=\"embed_content\"><img src=\"http:\/\/cordobapolitica.com\/wp-content\/uploads\/2026\/09\/san-luis-aprobo-la-reforma-constitucional-prohibe-la-reeleccion-indefinida-y-suprime-los-comicios-de-medio-termino-2.jpg\" loading=\"lazy\" alt=\"La C\u00e1mara de Diputados de San Luis.\" title=\"La C\u00e1mara de Diputados de San Luis.\" width=\"730\" height=\"undefined\" id=\"8273257-Libre-654388489_embed\"><\/div>\n<div class=\"embed_wrapper-cont\" id=\"p-1788391692774-27575\">\n<div id=\"8273257-Libre-654388489_epigrafe\" class=\"embed_epigrafe\">\n<p id=\"p-1788392111577-61207\">La C\u00e1mara de Diputados de San Luis.<\/p>\n<\/div><\/div><\/div>\n<p id=\"p-1788391470413-35610\">Asimismo, <strong>se habilita la incorporaci\u00f3n de un cap\u00edtulo sobre relaciones intergubernamentales e internacionales, que contemple la facultad provincial para celebrar convenios de inversi\u00f3n y cooperaci\u00f3n directa<\/strong> y establezca principios generales para las relaciones con otros niveles de gobierno, tanto dentro del pa\u00eds como a nivel internacional.<\/p>\n<p id=\"p-1788391470413-17205\">Finalmente, el proyecto propone modificar el plazo constitucional para la presentaci\u00f3n del Presupuesto provincial. La fecha, actualmente establecida antes del 31 de agosto, pasar\u00e1 al 30 de septiembre inclusive.<\/p>\n<\/div>\n","protected":false},"excerpt":{"rendered":"<p>La C\u00e1mara de Diputados de San Luis le dio sanci\u00f3n definitiva al proyecto de reforma constitucional impulsado por el gobernador Claudio Poggi y la provincia elegir\u00e1 a 52 convencionales para modificar la Carta Magna. El fin de la reelecci\u00f3n indefinida es uno de los pasajes destacados de la iniciativa. La propuesta obtuvo 30 votos a [&hellip;]<\/p>\n","protected":false},"author":1,"featured_media":55298,"comment_status":"closed","ping_status":"closed","sticky":false,"template":"","format":"standard","meta":{"om_disable_all_campaigns":false,"_monsterinsights_skip_tracking":false,"_monsterinsights_sitenote_active":false,"_monsterinsights_sitenote_note":"","_monsterinsights_sitenote_category":0},"categories":[3],"tags":[],"aioseo_notices":[],"_links":{"self":[{"href":"https:\/\/cordobapolitica.com\/index.php?rest_route=\/wp\/v2\/posts\/55297"}],"collection":[{"href":"https:\/\/cordobapolitica.com\/index.php?rest_route=\/wp\/v2\/posts"}],"about":[{"href":"https:\/\/cordobapolitica.com\/index.php?rest_route=\/wp\/v2\/types\/post"}],"author":[{"embeddable":true,"href":"https:\/\/cordobapolitica.com\/index.php?rest_route=\/wp\/v2\/users\/1"}],"replies":[{"embeddable":true,"href":"https:\/\/cordobapolitica.com\/index.php?rest_route=%2Fwp%2Fv2%2Fcomments&post=55297"}],"version-history":[{"count":0,"href":"https:\/\/cordobapolitica.com\/index.php?rest_route=\/wp\/v2\/posts\/55297\/revisions"}],"wp:featuredmedia":[{"embeddable":true,"href":"https:\/\/cordobapolitica.com\/index.php?rest_route=\/wp\/v2\/media\/55298"}],"wp:attachment":[{"href":"https:\/\/cordobapolitica.com\/index.php?rest_route=%2Fwp%2Fv2%2Fmedia&parent=55297"}],"wp:term":[{"taxonomy":"category","embeddable":true,"href":"https:\/\/cordobapolitica.com\/index.php?rest_route=%2Fwp%2Fv2%2Fcategories&post=55297"},{"taxonomy":"post_tag","embeddable":true,"href":"https:\/\/cordobapolitica.com\/index.php?rest_route=%2Fwp%2Fv2%2Ftags&post=55297"}],"curies":[{"name":"wp","href":"https:\/\/api.w.org\/{rel}","templated":true}]}}