{"id":55295,"date":"2026-09-02T22:51:11","date_gmt":"2026-09-02T22:51:11","guid":{"rendered":"http:\/\/e41cce9f0d1a3e2381afa52bf199f3d3"},"modified":"2026-09-02T22:51:11","modified_gmt":"2026-09-02T22:51:11","slug":"denuncian-que-jalil-acordo-leyes-con-el-gobierno-a-cambio-de-rutas-para-el-lazaro-baez-catamarqueno","status":"publish","type":"post","link":"https:\/\/cordobapolitica.com\/?p=55295","title":{"rendered":"Denuncian que Jalil acord\u00f3 leyes con el Gobierno a cambio de rutas para &#8220;el L\u00e1zaro B\u00e1ez catamarque\u00f1o&#8221;"},"content":{"rendered":"<p><img src=\"http:\/\/cordobapolitica.com\/wp-content\/uploads\/2026\/09\/denuncian-que-jalil-acordo-leyes-con-el-gobierno-a-cambio-de-rutas-para-el-lazaro-baez-catamarqueno.jpg\"><\/p>\n<p>Hizo ruido en Catamarca la entrega de la concesi\u00f3n por 20 a\u00f1os de buena parte de la autopista Rosario-C\u00f3rdoba a la uni\u00f3n de empresas integrada por Guido Mogetta S.A., empresa que tiene el dominio absoluto de la obra p\u00fablica catamarque\u00f1a y que es sindicada como la &#8220;preferida&#8221; del gobernador Ra\u00fal Jalil.<\/p>\n<p>La empresa de la familia del ex secretario de Transporte de Milei, Franco Mogetta, se qued\u00f3 con los peajes del tramo Centro de la Red Federal de Concesiones promovida por Toto Caputo. Son 682 kil\u00f3metros que adem\u00e1s incluye tramos de las rutas 19 y 34.<\/p>\n<p>Fuentes al tanto de estas licitaciones advierten que la adjudicaci\u00f3n en cuesti\u00f3n fungi\u00f3 como prenda de negociaci\u00f3n de Jalil con el Gobierno para definir el voto de legisladores catamarque\u00f1os en pr\u00f3ximas leyes de inter\u00e9s de Milei, entre ellas la eliminaci\u00f3n de las PASO. <\/p>\n<figure class=\"vsmimage\" contenteditable=\"false\"><img loading=\"lazy\" alt=\"Jalil con Franco Mogetta cuando era el secretario de Transporte de Milei.\" data-vsmid=\"298479\" data-owidth=\"500\" data-oheight=\"362\" src=\"data:image\/png;base64,iVBORw0KGgoAAAANSUhEUgAAAfQAAAFqAQMAAADWdDr6AAAAA1BMVEUAAACnej3aAAAAAXRSTlMAQObYZgAAAC1JREFUeJztwQENAAAAwqD3T20PBxQAAAAAAAAAAAAAAAAAAAAAAAAAAAAATwZagAAB7S39mwAAAABJRU5ErkJggg==\" vsmidos=\"1\" vsmsrc=\"\/files\/image\/298\/298479\/6a98a9953a974.png\" width=\"500\" height=\"362\"><\/figure>\n<p>&#8220;Mogetta es el L\u00e1zaro B\u00e1ez catamarque\u00f1o&#8221;, sostuvo una fuente de esa provincia que enumer\u00f3 una serie de obras clave que el gobierno de Jalil otorg\u00f3 a Guido Mogetta S.A. La m\u00e1s significativa fue la Ruta Provincial N.\u00ba 43, por casi 1.500 millones.<\/p>\n<p>Luego, aparecen la Ruta 1 -por casi 878 millones y donde Mogetta fue el \u00fanico oferente-, el Paseo Religioso Virgen del Valle -por casi 250 millones- y hasta lo que se present\u00f3 como &#8220;el puente m\u00e1s largo de Catamarca&#8221;, inaugurado la semana pasada sobre el r\u00edo Santa Mar\u00eda. <\/p>\n<p class=\"authorquote\">Los c\u00e1lculos de las obras m\u00e1s recientes exponen que el gobierno de Jalil adjudic\u00f3 a Mogetta obras por m\u00e1s de 3.500 millones.<\/p>\n<p>Hay casos, como la remodelaci\u00f3n del Dique Jumeal (por m\u00e1s de 160 millones) donde la licitaci\u00f3n qued\u00f3 desierta y la gesti\u00f3n Jalil recurri\u00f3 a contratar directamente a Mogetta.<\/p>\n<p>Los c\u00e1lculos de las obras m\u00e1s recientes exponen que el gobierno de Jalil adjudic\u00f3 a Mogetta obras por m\u00e1s de 3.500 millones. <\/p>\n<p>Como cont\u00f3 LPO, el grupo Mogetta tambi\u00e9n est\u00e1 asociado con la poderosa empresa cordobesa Boeto y Buttigliengo Constructora (BBC) como contratistas en la explotaci\u00f3n de Galaxy Lithium, en la puna catamarque\u00f1a.<\/p>\n<p><a href=\"https:\/\/www.lapoliticaonline.com\/tools\/redirect.php?t=3&amp;i=299041&amp;s=7eee660560df4f3d833574bd5ad39170\" class=\"link-type-content content-type-noticia-ar\">Crisis del litio en Catamarca: la empresa de Mogetta se sum\u00f3 a la ola de despidos&nbsp;<\/a><\/p>\n<p>Un dato que ponen en Catamarca para ilustrar el estrecho lazo que une a Jalil con la contratista es que, a trav\u00e9s de un &#8220;convenio de colaboraci\u00f3n&#8221; entre el Ministerio de Educaci\u00f3n y Mogetta se lanz\u00f3 un &#8220;Campus de Entrenamiento Laboral&#8221; para formar a operadores de maquinaria vial.&nbsp;<\/p>\n<p>&#8220;La provincia pone recursos para formar a los empleados de Mogetta&#8221;, cuestionan en Catamarca.<\/p>\n<p>Para la concesi\u00f3n otorgada por Caputo d\u00edas atr\u00e1s, Guido Mogetta se impuso sobre otras seis ofertas proponiendo una tarifa de 1.399 + IVA para el peaje. <\/p>\n<p>A la semana siguiente de la entrega de la concesi\u00f3n de la autopista Rosario-C\u00f3rdoba a Mogetta, el Gobierno logr\u00f3 aprobar en Diputados la reforma de la carta org\u00e1nica del Banco Central. Ah\u00ed, los diputados de Jalil no mostraron resistencia y se abstuvieron.&nbsp;<\/p>\n","protected":false},"excerpt":{"rendered":"<p>Hizo ruido en Catamarca la entrega de la concesi\u00f3n por 20 a\u00f1os de buena parte de la autopista Rosario-C\u00f3rdoba a la uni\u00f3n de empresas integrada por Guido Mogetta S.A., empresa que tiene el dominio absoluto de la obra p\u00fablica catamarque\u00f1a y que es sindicada como la &#8220;preferida&#8221; del gobernador Ra\u00fal Jalil. La empresa de la [&hellip;]<\/p>\n","protected":false},"author":1,"featured_media":55296,"comment_status":"closed","ping_status":"closed","sticky":false,"template":"","format":"standard","meta":{"om_disable_all_campaigns":false,"_monsterinsights_skip_tracking":false,"_monsterinsights_sitenote_active":false,"_monsterinsights_sitenote_note":"","_monsterinsights_sitenote_category":0},"categories":[30],"tags":[],"aioseo_notices":[],"_links":{"self":[{"href":"https:\/\/cordobapolitica.com\/index.php?rest_route=\/wp\/v2\/posts\/55295"}],"collection":[{"href":"https:\/\/cordobapolitica.com\/index.php?rest_route=\/wp\/v2\/posts"}],"about":[{"href":"https:\/\/cordobapolitica.com\/index.php?rest_route=\/wp\/v2\/types\/post"}],"author":[{"embeddable":true,"href":"https:\/\/cordobapolitica.com\/index.php?rest_route=\/wp\/v2\/users\/1"}],"replies":[{"embeddable":true,"href":"https:\/\/cordobapolitica.com\/index.php?rest_route=%2Fwp%2Fv2%2Fcomments&post=55295"}],"version-history":[{"count":0,"href":"https:\/\/cordobapolitica.com\/index.php?rest_route=\/wp\/v2\/posts\/55295\/revisions"}],"wp:featuredmedia":[{"embeddable":true,"href":"https:\/\/cordobapolitica.com\/index.php?rest_route=\/wp\/v2\/media\/55296"}],"wp:attachment":[{"href":"https:\/\/cordobapolitica.com\/index.php?rest_route=%2Fwp%2Fv2%2Fmedia&parent=55295"}],"wp:term":[{"taxonomy":"category","embeddable":true,"href":"https:\/\/cordobapolitica.com\/index.php?rest_route=%2Fwp%2Fv2%2Fcategories&post=55295"},{"taxonomy":"post_tag","embeddable":true,"href":"https:\/\/cordobapolitica.com\/index.php?rest_route=%2Fwp%2Fv2%2Ftags&post=55295"}],"curies":[{"name":"wp","href":"https:\/\/api.w.org\/{rel}","templated":true}]}}