{"id":55293,"date":"2026-09-02T22:59:35","date_gmt":"2026-09-02T22:59:35","guid":{"rendered":"http:\/\/ef45f2a8cbf6a40ce046e30db9f762d6"},"modified":"2026-09-02T22:59:35","modified_gmt":"2026-09-02T22:59:35","slug":"milei-yo-ya-tengo-mi-futuro-asegurado-si-no-ganamos-la-sociedad-se-esta-suicidando","status":"publish","type":"post","link":"https:\/\/cordobapolitica.com\/?p=55293","title":{"rendered":"Milei: &#8220;Yo ya tengo mi futuro asegurado, si no ganamos, la sociedad se est\u00e1 suicidando&#8221;"},"content":{"rendered":"<p><img src=\"http:\/\/cordobapolitica.com\/wp-content\/uploads\/2026\/09\/milei-yo-ya-tengo-mi-futuro-asegurado-si-no-ganamos-la-sociedad-se-esta-suicidando.jpg\"><\/p>\n<div><img src=\"http:\/\/cordobapolitica.com\/wp-content\/uploads\/2026\/09\/milei-yo-ya-tengo-mi-futuro-asegurado-si-no-ganamos-la-sociedad-se-esta-suicidando-2.jpg\" class=\"ff-og-image-inserted\"><\/div>\n<p>Javier Milei dijo que \u00e9l tiene su futuro asegurado dando conferencias y que si los argentinos no lo votan el a\u00f1o que viene se estar\u00e1n &#8220;suicidando&#8221; como sociedad.<\/p>\n<p>El presidente lanz\u00f3 esa mirada apocal\u00edptica en el cierre del evento &#8220;Vientos de cambio&#8221;, organizado por la Fundaci\u00f3n Libertad y Progreso en el hotel Sheraton de Retiro.<\/p>\n<p>&#8220;No puede ser que nos traguemos todas las mentiras de este conjunto de delincuentes&#8221;, dijo en otro ataque a los periodistas. &#8220;Digo, no porque afecten a mi persona, miren, yo les digo algo: yo voy a seguir haciendo lo que me compromet\u00ed, yo ya tengo mi futuro asegurado, es decir, yo haciendo lo que corresponde, estoy asegurando mi futuro. Voy a vivir de dar conferencias, ya no es un problema m\u00edo, lo estoy diciendo por los propios argentinos&#8221;, dijo el presidente. <\/p>\n<figure class=\"vsmwidget widget-wrapper iframehidden widget-type-youtube youtube \" vsmtype=\"youtube\" contenteditable=\"false\" hiturl=\"\/tools\/hit.php?d=39dad6c21a8dbd1e4ef08a22cce6a50b;;&amp;a=210\"><iframe loading=\"lazy\" width=\"560\" height=\"315\" src=\"https:\/\/www.youtube.com\/embed\/bM6yLJ3np0w?si=UOfGC9Js5juIXV4p\" title=\"YouTube video player\" frameborder=\"0\" allow=\"accelerometer; autoplay; clipboard-write; encrypted-media; gyroscope; picture-in-picture; web-share\" referrerpolicy=\"strict-origin-when-cross-origin\" allowfullscreen>[embedded content]<\/iframe><\/figure>\n<p>&#8220;Esta vez, ustedes van a tener las ideas de la libertad, las ideas del progreso, las ideas de la prosperidad. Del otro lado, van a tener el modelo decadente. Y esta vez no solo les vamos a tirar las ideas por la cabeza, sino que adem\u00e1s les vamos a tirar los datos. Si no ganamos, es porque como sociedad estamos decidiendo suicidarnos. Ahora, todo lo que estaba a mi alcance y de mi equipo lo estamos haciendo&#8221;, dijo Milei. <\/p>\n<p>&#8220;Si nosotros no mostramos resultados se hace dif\u00edcil acompa\u00f1ar&#8221;, dijo el jefe de Estado, en otro tramo de la conferencia en la que se contradijo de manera atroz. <\/p>\n<p>En esa l\u00ednea, Milei remarc\u00f3 que la ciudadan\u00eda necesita constatar mejoras reales para volver a acompa\u00f1arlo en las urnas, y pidi\u00f3 dar la &#8220;batalla cultural&#8221;.<\/p>\n<p>&#8220;Se necesita la batalla cultural, se necesita el m\u00fasculo pol\u00edtico y la gesti\u00f3n al momento de llegar al poder, porque si no tenemos resultados, tambi\u00e9n estamos en problemas&#8221;, dijo.<\/p>\n","protected":false},"excerpt":{"rendered":"<p>Javier Milei dijo que \u00e9l tiene su futuro asegurado dando conferencias y que si los argentinos no lo votan el a\u00f1o que viene se estar\u00e1n &#8220;suicidando&#8221; como sociedad. El presidente lanz\u00f3 esa mirada apocal\u00edptica en el cierre del evento &#8220;Vientos de cambio&#8221;, organizado por la Fundaci\u00f3n Libertad y Progreso en el hotel Sheraton de Retiro. [&hellip;]<\/p>\n","protected":false},"author":1,"featured_media":55294,"comment_status":"closed","ping_status":"closed","sticky":false,"template":"","format":"standard","meta":{"om_disable_all_campaigns":false,"_monsterinsights_skip_tracking":false,"_monsterinsights_sitenote_active":false,"_monsterinsights_sitenote_note":"","_monsterinsights_sitenote_category":0},"categories":[30],"tags":[],"aioseo_notices":[],"_links":{"self":[{"href":"https:\/\/cordobapolitica.com\/index.php?rest_route=\/wp\/v2\/posts\/55293"}],"collection":[{"href":"https:\/\/cordobapolitica.com\/index.php?rest_route=\/wp\/v2\/posts"}],"about":[{"href":"https:\/\/cordobapolitica.com\/index.php?rest_route=\/wp\/v2\/types\/post"}],"author":[{"embeddable":true,"href":"https:\/\/cordobapolitica.com\/index.php?rest_route=\/wp\/v2\/users\/1"}],"replies":[{"embeddable":true,"href":"https:\/\/cordobapolitica.com\/index.php?rest_route=%2Fwp%2Fv2%2Fcomments&post=55293"}],"version-history":[{"count":0,"href":"https:\/\/cordobapolitica.com\/index.php?rest_route=\/wp\/v2\/posts\/55293\/revisions"}],"wp:featuredmedia":[{"embeddable":true,"href":"https:\/\/cordobapolitica.com\/index.php?rest_route=\/wp\/v2\/media\/55294"}],"wp:attachment":[{"href":"https:\/\/cordobapolitica.com\/index.php?rest_route=%2Fwp%2Fv2%2Fmedia&parent=55293"}],"wp:term":[{"taxonomy":"category","embeddable":true,"href":"https:\/\/cordobapolitica.com\/index.php?rest_route=%2Fwp%2Fv2%2Fcategories&post=55293"},{"taxonomy":"post_tag","embeddable":true,"href":"https:\/\/cordobapolitica.com\/index.php?rest_route=%2Fwp%2Fv2%2Ftags&post=55293"}],"curies":[{"name":"wp","href":"https:\/\/api.w.org\/{rel}","templated":true}]}}