{"id":55273,"date":"2026-09-02T01:39:51","date_gmt":"2026-09-02T01:39:51","guid":{"rendered":"https:\/\/cordobapolitica.com\/?p=55273"},"modified":"2026-09-02T01:39:51","modified_gmt":"2026-09-02T01:39:51","slug":"milei-defendio-la-cadena-nacional-por-malvinas-y-volvio-a-cruzar-al-periodismo","status":"publish","type":"post","link":"https:\/\/cordobapolitica.com\/?p=55273","title":{"rendered":"Milei defendi\u00f3 la cadena nacional por Malvinas y volvi\u00f3 a cruzar al periodismo"},"content":{"rendered":"<div class=\"media_block\"><\/div>\n<p>El presidente <a target=\"_blank\" href=\"https:\/\/www.perfil.com\/noticias\/politica\/malvinas-la-carta-de-trump-para-presionar-al-reino-unido-que-milei-busca-capitalizar-en-argentina.phtml\" rel=\"noopener\"><strong>Javier Milei<\/strong><\/a> defendi\u00f3 este martes la decisi\u00f3n de realizar una <strong>cadena nacional este jueves a las 21<\/strong> para hablar sobre la <strong>causa <a target=\"_blank\" href=\"https:\/\/www.perfil.com\/noticias\/internacional\/gran-bretana-salio-a-defender-su-posicion-sobre-las-malvinas-tras-las-declaraciones-de-trump-nuestro-compromiso-es-inquebrantable.phtml\" rel=\"noopener\">Malvinas<\/a><\/strong>y volvi\u00f3 a cuestionar a periodistas que se manifestaron en contra de la medida. El Presidente sostuvo que se trata de un <strong>tema de importancia estrat\u00e9gica para el pa\u00eds<\/strong> y calific\u00f3 de \u201cverg\u00fcenza\u201d las cr\u00edticas recibidas.<\/p>\n<p>\u201cAnunciamos una cadena nacional para el jueves a las 21:00 hs. sobre un tema <strong>SAGRADO para los argentinos como es la causa de Malvinas<\/strong>, un reclamo hist\u00f3rico del pueblo argentino que al d\u00eda de hoy sigue viendo violentada su <strong>soberan\u00eda nacional<\/strong>\u201d, escribi\u00f3 el mandatario en un posteo publicado en su cuenta de X.<\/p>\n<p><img alt=\"Javier Milei X 01092026\" src=\"http:\/\/cordobapolitica.com\/wp-content\/uploads\/2026\/09\/milei-defendio-la-cadena-nacional-por-malvinas-y-volvio-a-cruzar-al-periodismo.webp\" loading=\"lazy\"><\/p>\n<div class=\"subscription\">\n<p> Esto no les gusta a los autoritarios <\/p>\n<div class=\"subscription__container\">\n<div class=\"subscription__text-wrapper\">\n<p> El ejercicio del periodismo profesional y cr\u00edtico es un pilar fundamental de la democracia. Por eso molesta a quienes creen ser los due\u00f1os de la verdad. <\/p>\n<\/p><\/div><\/div><\/div>\n<p>En el mismo mensaje, Milei apunt\u00f3 contra un <strong>sector de la prensa<\/strong> por las cr\u00edticas al uso de la cadena nacional. \u201cSiempre salen a llorar por el uso de la cadena nacional\u201d, sostuvo, antes de plantear la importancia que, a su entender, tiene la cuesti\u00f3n Malvinas para justificar una transmisi\u00f3n de alcance nacional.<\/p>\n<p>\u201c\u00bfQu\u00e9 causa m\u00e1s importante y estrat\u00e9gica para los <strong>intereses vitales de la Naci\u00f3n<\/strong> puede haber m\u00e1s importante que la causa Malvinas?\u201d, se pregunt\u00f3 el Presidente. Y agreg\u00f3: \u201c\u00bfSi este tema, que desconocen absolutamente, no amerita una cadena nacional, qu\u00e9 tema lo ameritar\u00eda?\u201d.<\/p>\n<p class=\"destacadoNota\"><a target=\"_blank\" href=\"https:\/\/www.perfil.com\/noticias\/politica\/malvinas-la-carta-de-trump-para-presionar-al-reino-unido-que-milei-busca-capitalizar-en-argentina.phtml\" rel=\"noopener\">Malvinas: la carta de Trump para presionar al Reino Unido que Milei busca capitalizar en Argentina<\/a><\/p>\n<p>El mandatario profundiz\u00f3 luego su cuestionamiento contra los periodistas y comunicadores <strong>que rechazaron la decisi\u00f3n<\/strong> y volvi\u00f3 a utilizar un tono confrontativo. \u201c\u00bfO ser\u00e1 que simplemente hay un conjunto de <strong>MIERDAS HUMANAS (95%)<\/strong> que van a atacar al Gobierno incluso si implica defender intereses extranjeros?\u201d, escribi\u00f3.<\/p>\n<p>\u201cVerg\u00fcenza les deber\u00eda dar. Nosotros seguiremos defendiendo los <strong>intereses de la Naci\u00f3n Argentina<\/strong> con u\u00f1as y dientes pese a quien le pese\u201d, concluy\u00f3 Milei.<\/p>\n<p>La cadena nacional fue anunciada para este jueves a las 21 y estar\u00e1 centrada en la <strong>causa Malvinas<\/strong>. La decisi\u00f3n gener\u00f3 cuestionamientos vinculados con el <strong>uso de ese recurso de comunicaci\u00f3n presidencial<\/strong>, que el mandatario defendi\u00f3 p\u00fablicamente al considerar que la cuesti\u00f3n de las islas constituye un asunto prioritario para los intereses nacionales.<\/p>\n","protected":false},"excerpt":{"rendered":"<p>El presidente Javier Milei defendi\u00f3 este martes la decisi\u00f3n de realizar una cadena nacional este jueves a las 21 para hablar sobre la causa Malvinasy volvi\u00f3 a cuestionar a periodistas que se manifestaron en contra de la medida. El Presidente sostuvo que se trata de un tema de importancia estrat\u00e9gica para el pa\u00eds y calific\u00f3 [&hellip;]<\/p>\n","protected":false},"author":1,"featured_media":55274,"comment_status":"closed","ping_status":"closed","sticky":false,"template":"","format":"standard","meta":{"om_disable_all_campaigns":false,"_monsterinsights_skip_tracking":false,"_monsterinsights_sitenote_active":false,"_monsterinsights_sitenote_note":"","_monsterinsights_sitenote_category":0},"categories":[30],"tags":[],"aioseo_notices":[],"_links":{"self":[{"href":"https:\/\/cordobapolitica.com\/index.php?rest_route=\/wp\/v2\/posts\/55273"}],"collection":[{"href":"https:\/\/cordobapolitica.com\/index.php?rest_route=\/wp\/v2\/posts"}],"about":[{"href":"https:\/\/cordobapolitica.com\/index.php?rest_route=\/wp\/v2\/types\/post"}],"author":[{"embeddable":true,"href":"https:\/\/cordobapolitica.com\/index.php?rest_route=\/wp\/v2\/users\/1"}],"replies":[{"embeddable":true,"href":"https:\/\/cordobapolitica.com\/index.php?rest_route=%2Fwp%2Fv2%2Fcomments&post=55273"}],"version-history":[{"count":0,"href":"https:\/\/cordobapolitica.com\/index.php?rest_route=\/wp\/v2\/posts\/55273\/revisions"}],"wp:featuredmedia":[{"embeddable":true,"href":"https:\/\/cordobapolitica.com\/index.php?rest_route=\/wp\/v2\/media\/55274"}],"wp:attachment":[{"href":"https:\/\/cordobapolitica.com\/index.php?rest_route=%2Fwp%2Fv2%2Fmedia&parent=55273"}],"wp:term":[{"taxonomy":"category","embeddable":true,"href":"https:\/\/cordobapolitica.com\/index.php?rest_route=%2Fwp%2Fv2%2Fcategories&post=55273"},{"taxonomy":"post_tag","embeddable":true,"href":"https:\/\/cordobapolitica.com\/index.php?rest_route=%2Fwp%2Fv2%2Ftags&post=55273"}],"curies":[{"name":"wp","href":"https:\/\/api.w.org\/{rel}","templated":true}]}}