{"id":55269,"date":"2026-09-02T01:04:22","date_gmt":"2026-09-02T01:04:22","guid":{"rendered":"http:\/\/86de7743371bad226f6c056b8e5786fb"},"modified":"2026-09-02T01:04:22","modified_gmt":"2026-09-02T01:04:22","slug":"se-complica-la-situacion-del-vice-de-juez-en-la-causa-por-estafa-al-pami-rio-cuarto","status":"publish","type":"post","link":"https:\/\/cordobapolitica.com\/?p=55269","title":{"rendered":"Se complica la situaci\u00f3n del vice de Juez en la causa por estafa al Pami R\u00edo Cuarto"},"content":{"rendered":"<p><img src=\"http:\/\/cordobapolitica.com\/wp-content\/uploads\/2026\/09\/se-complica-la-situacion-del-vice-de-juez-en-la-causa-por-estafa-al-pami-rio-cuarto.jpg\"><\/p>\n<p>A pesar de los intentos de Luis Juez y Gabriel Bornoroni por correrlo del centro de las sospechas, cada vez m\u00e1s comprometida es la situaci\u00f3n judicial de Marcos Carasso en la causa que investiga una sobrefacturaci\u00f3n por hasta 1.400 millones en perjuicio del Pami R\u00edo Cuarto.<\/p>\n<p>Imputado por tr\u00e1fico de influencias, el ex compa\u00f1ero de f\u00f3rmula de Juez es investigado a partir de llamados que pueden llegar a sugerir un rol de intermediario entre la empresa prestadora de servicios que infl\u00f3 los n\u00fameros y un tercer actor en el Estado a\u00fan no identificado.<\/p>\n<p>Seg\u00fan detall\u00f3 el portal Jornada Pol\u00edtica, registros de comunicaciones telef\u00f3nicas demostrar\u00edan que Carasso atendi\u00f3 y canaliz\u00f3 pedidos de los empresarios procesados en la causa, Pablo Adzich y Gonzalo Lima.<\/p>\n<p class=\"authorquote\">Juez dijo que su testimonial ser\u00eda &#8220;absolutamente esclarecedora&#8221;. Sin embargo, en la Justicia relativizaron su incidencia y ven a Carasso cada vez m\u00e1s complicado<\/p>\n<p>Concretamente, la causa investiga sobrefacturaciones de la firma Ethical Salud, prestadora de servicios de rehabilitaci\u00f3n, desde mediados de 2024 a septiembre de 2025.<\/p>\n<p>Lo curioso es que, mientras la Justicia Federal avanza con la investigaci\u00f3n, la delegaci\u00f3n de Pami R\u00edo Cuarto que controla el hombre de Karina Milei en C\u00f3rdoba, el diputado nacional Gabriel Bornoroni, no se present\u00f3 como querellante, a pesar de ser damnificada directa.<\/p>\n<figure class=\"vsmimage\" contenteditable=\"false\"><img loading=\"lazy\" alt=\"El Pami R\u00edo Cuarto que controla Bornoroni no se present\u00f3 como querellante a pesar de ser la principal damnificada.\" data-vsmid=\"277577\" data-owidth=\"3000\" data-oheight=\"2000\" src=\"data:image\/png;base64,iVBORw0KGgoAAAANSUhEUgAAAx4AAAIOAQMAAAAMVUlSAAAAA1BMVEUAAACnej3aAAAAAXRSTlMAQObYZgAAAElJREFUeJztwQEBAAAAgiD\/r25IQAEAAAAAAAAAAAAAAAAAAAAAAAAAAAAAAAAAAAAAAAAAAAAAAAAAAAAAAAAAAAAAAAAAAPBjz4YAAXoxaWgAAAAASUVORK5CYII=\" vsmidos=\"1\" vsmsrc=\"\/files\/image\/277\/277577\/6974b7bf627fc_798_526!.jpg?s=c66d7b765bc9d02bcb8ac44d2c741eeb&amp;d=1787053281\" width=\"798\" height=\"526\"><\/figure>\n<p>En paralelo, d\u00edas atr\u00e1s Luis Juez se present\u00f3 como testigo en la causa buscando correrlo de escena a su ex compa\u00f1ero de f\u00f3rmula. &#8220;Carasso es un tipo honorable, decente&#8221;, sostuvo el senador nacional, que dijo que su testimonial ser\u00eda &#8220;absolutamente esclarecedora&#8221;.<\/p>\n<p>Sin embargo, en los pasillos judiciales minimizaron al extremo la incidencia de la declaraci\u00f3n de Juez sobre el futuro de la causa en la que est\u00e1n imputados por asociaci\u00f3n il\u00edcita y defraudaci\u00f3n al Estado Pablo Adzich, presidente de la C\u00e1mara de Internaci\u00f3n Domiciliaria de C\u00f3rdoba; Gonzalo Lima, gerente de Ethical Salud y Lucas Kurilkowich, responsable de rehabilitaci\u00f3n de Ethical en R\u00edo Cuarto.<\/p>\n<p><a href=\"https:\/\/www.lapoliticaonline.com\/tools\/redirect.php?t=3&amp;i=348187&amp;s=4119e3b0670bdbb1899e203b2b89686d\" class=\"link-type-content content-type-noticia-ar\">Imputan al vice de Juez por sobrefacturar 1400 millones en el Pami&nbsp;<\/a><\/p>\n<p>Fuentes judiciales se\u00f1alaron que, a futuro, la investigaci\u00f3n buscar\u00e1 dilucidar el rol que tuvo Carasso y si tuvo una participaci\u00f3n activa en el fraude. En ese punto, hay quienes no descartan que aparezcan nuevos elementos en su contra.<\/p>\n","protected":false},"excerpt":{"rendered":"<p>A pesar de los intentos de Luis Juez y Gabriel Bornoroni por correrlo del centro de las sospechas, cada vez m\u00e1s comprometida es la situaci\u00f3n judicial de Marcos Carasso en la causa que investiga una sobrefacturaci\u00f3n por hasta 1.400 millones en perjuicio del Pami R\u00edo Cuarto. Imputado por tr\u00e1fico de influencias, el ex compa\u00f1ero de [&hellip;]<\/p>\n","protected":false},"author":1,"featured_media":55270,"comment_status":"closed","ping_status":"closed","sticky":false,"template":"","format":"standard","meta":{"om_disable_all_campaigns":false,"_monsterinsights_skip_tracking":false,"_monsterinsights_sitenote_active":false,"_monsterinsights_sitenote_note":"","_monsterinsights_sitenote_category":0},"categories":[30],"tags":[],"aioseo_notices":[],"_links":{"self":[{"href":"https:\/\/cordobapolitica.com\/index.php?rest_route=\/wp\/v2\/posts\/55269"}],"collection":[{"href":"https:\/\/cordobapolitica.com\/index.php?rest_route=\/wp\/v2\/posts"}],"about":[{"href":"https:\/\/cordobapolitica.com\/index.php?rest_route=\/wp\/v2\/types\/post"}],"author":[{"embeddable":true,"href":"https:\/\/cordobapolitica.com\/index.php?rest_route=\/wp\/v2\/users\/1"}],"replies":[{"embeddable":true,"href":"https:\/\/cordobapolitica.com\/index.php?rest_route=%2Fwp%2Fv2%2Fcomments&post=55269"}],"version-history":[{"count":0,"href":"https:\/\/cordobapolitica.com\/index.php?rest_route=\/wp\/v2\/posts\/55269\/revisions"}],"wp:featuredmedia":[{"embeddable":true,"href":"https:\/\/cordobapolitica.com\/index.php?rest_route=\/wp\/v2\/media\/55270"}],"wp:attachment":[{"href":"https:\/\/cordobapolitica.com\/index.php?rest_route=%2Fwp%2Fv2%2Fmedia&parent=55269"}],"wp:term":[{"taxonomy":"category","embeddable":true,"href":"https:\/\/cordobapolitica.com\/index.php?rest_route=%2Fwp%2Fv2%2Fcategories&post=55269"},{"taxonomy":"post_tag","embeddable":true,"href":"https:\/\/cordobapolitica.com\/index.php?rest_route=%2Fwp%2Fv2%2Ftags&post=55269"}],"curies":[{"name":"wp","href":"https:\/\/api.w.org\/{rel}","templated":true}]}}