{"id":55267,"date":"2026-09-01T23:54:21","date_gmt":"2026-09-01T23:54:21","guid":{"rendered":"https:\/\/legislaturacba.gob.ar\/?p=138034"},"modified":"2026-09-01T23:54:21","modified_gmt":"2026-09-01T23:54:21","slug":"la-legislatura-entrego-un-beneplacito-al-festival-monumental-sierras","status":"publish","type":"post","link":"https:\/\/cordobapolitica.com\/?p=55267","title":{"rendered":"La Legislatura entreg\u00f3 un benepl\u00e1cito al Festival Monumental Sierras"},"content":{"rendered":"<p>La Legislatura de C\u00f3rdoba entreg\u00f3 este martes un <strong>benepl\u00e1cito al Festival Monumental Sierras (FMS)<\/strong>, en reconocimiento a su quinta edici\u00f3n y a su aporte al desarrollo de la cultura audiovisual y la integraci\u00f3n de nuevas juventudes a la actividad cultural.<\/p>\n<figure class=\"wp-block-gallery columns-2 is-cropped\">\n<ul class=\"blocks-gallery-grid\">\n<li class=\"blocks-gallery-item\">\n<figure><img src=\"http:\/\/cordobapolitica.com\/wp-content\/uploads\/2026\/09\/la-legislatura-entrego-un-beneplacito-al-festival-monumental-sierras.jpg\" alt data-id=\"138146\" data-full-url=\"https:\/\/legislaturacba.gob.ar\/wp-content\/uploads\/2026\/09\/Adhesi\u00f3n-a-la-5a-edici\u00f3n-del-Festival-Monumental-Sierras-FMS_4-scaled.jpg\" data-link=\"https:\/\/legislaturacba.gob.ar\/?attachment_id=138146\" class=\"wp-image-138146\"><\/figure>\n<\/li>\n<li class=\"blocks-gallery-item\">\n<figure><img src=\"http:\/\/cordobapolitica.com\/wp-content\/uploads\/2026\/09\/la-legislatura-entrego-un-beneplacito-al-festival-monumental-sierras-1.jpg\" alt data-id=\"138145\" data-full-url=\"http:\/\/cordobapolitica.com\/wp-content\/uploads\/2026\/09\/la-legislatura-entrego-un-beneplacito-al-festival-monumental-sierras-1.jpg\" data-link=\"https:\/\/legislaturacba.gob.ar\/?attachment_id=138145\" class=\"wp-image-138145\"><\/figure>\n<\/li>\n<\/ul>\n<\/figure>\n<p>La declaraci\u00f3n \u201cde inter\u00e9s legislativo\u201d corresponde al <strong>decreto 31472<\/strong>, que destaca la realizaci\u00f3n del festival en el <strong>Cine Teatro Monumental Sierras de la ciudad de Alta Gracia<\/strong>, as\u00ed como su contribuci\u00f3n a la promoci\u00f3n de nuevos realizadores, la formaci\u00f3n art\u00edstica y la participaci\u00f3n de j\u00f3venes en el \u00e1mbito cultural.<\/p>\n<p>La entrega del benepl\u00e1cito estuvo a cargo del legislador<strong> Facundo Torres Lima<\/strong> y la legisladora<strong> Karen Acu\u00f1a<\/strong>. Tambi\u00e9n particip\u00f3 <strong>Marcos Griffa<\/strong>, subdirector de Participaci\u00f3n, Derechos y Comunidad del Ministerio de Educaci\u00f3n provincial.<\/p>\n<figure class=\"wp-block-gallery columns-2 is-cropped\">\n<ul class=\"blocks-gallery-grid\">\n<li class=\"blocks-gallery-item\">\n<figure><img src=\"http:\/\/cordobapolitica.com\/wp-content\/uploads\/2026\/09\/la-legislatura-entrego-un-beneplacito-al-festival-monumental-sierras-2.jpg\" alt data-id=\"138143\" data-full-url=\"http:\/\/cordobapolitica.com\/wp-content\/uploads\/2026\/09\/la-legislatura-entrego-un-beneplacito-al-festival-monumental-sierras-2.jpg\" data-link=\"https:\/\/legislaturacba.gob.ar\/?attachment_id=138143\" class=\"wp-image-138143\"><\/figure>\n<\/li>\n<li class=\"blocks-gallery-item\">\n<figure><img src=\"http:\/\/cordobapolitica.com\/wp-content\/uploads\/2026\/09\/la-legislatura-entrego-un-beneplacito-al-festival-monumental-sierras-3.jpg\" alt data-id=\"138158\" data-full-url=\"http:\/\/cordobapolitica.com\/wp-content\/uploads\/2026\/09\/la-legislatura-entrego-un-beneplacito-al-festival-monumental-sierras-3.jpg\" data-link=\"https:\/\/legislaturacba.gob.ar\/?attachment_id=138158\" class=\"wp-image-138158\"><\/figure>\n<\/li>\n<\/ul>\n<\/figure>\n<p>En representaci\u00f3n del equipo de producci\u00f3n del Festival Monumental Sierras, recibieron el reconocimiento <strong>Ema Brian Hails, Mart\u00edn Dar\u00edo Makarewicz, Marco Depetris, Daniel Horacio Brian, Martina Sat y Victoria Fraticelli<\/strong>.<\/p>\n<p><em>\u201cEntendemos que la industria del cine y del audiovisual es algo que tenemos que apoyar. Por eso, en este acto ponemos en relieve este festival y lo celebramos, aun en medio de esta crisis que estamos atravesando\u201d<\/em>, expres\u00f3 Torres Lima.<\/p>\n<p>Por su parte, Acu\u00f1a destac\u00f3: <em>\u201cEste acto es simb\u00f3lico. Queremos destacar su trabajo y la mirada puesta en la participaci\u00f3n de las juventudes a trav\u00e9s de las actividades culturales\u201d<\/em>.<\/p>\n<figure class=\"wp-block-gallery columns-2 is-cropped\">\n<ul class=\"blocks-gallery-grid\">\n<li class=\"blocks-gallery-item\">\n<figure><img src=\"http:\/\/cordobapolitica.com\/wp-content\/uploads\/2026\/09\/la-legislatura-entrego-un-beneplacito-al-festival-monumental-sierras-4.jpg\" alt data-id=\"138151\" data-full-url=\"http:\/\/cordobapolitica.com\/wp-content\/uploads\/2026\/09\/la-legislatura-entrego-un-beneplacito-al-festival-monumental-sierras-4.jpg\" data-link=\"https:\/\/legislaturacba.gob.ar\/?attachment_id=138151\" class=\"wp-image-138151\"><\/figure>\n<\/li>\n<li class=\"blocks-gallery-item\">\n<figure><img src=\"http:\/\/cordobapolitica.com\/wp-content\/uploads\/2026\/09\/la-legislatura-entrego-un-beneplacito-al-festival-monumental-sierras-5.jpg\" alt data-id=\"138149\" data-link=\"https:\/\/legislaturacba.gob.ar\/?attachment_id=138149\" class=\"wp-image-138149\"><\/figure>\n<\/li>\n<\/ul>\n<\/figure>\n<p>El equipo de producci\u00f3n del festival agradeci\u00f3 el reconocimiento y puso en valor el origen de la propuesta y el acompa\u00f1amiento institucional. Adem\u00e1s, destac\u00f3 el significado de que la Legislatura acompa\u00f1e la iniciativa y expresaron su deseo de seguir llenando de historias estos espacios.<\/p>\n<h3><strong>Una celebraci\u00f3n del cine y las nuevas miradas<\/strong><\/h3>\n<p><strong>La quinta edici\u00f3n del Festival Monumental Sierras se desarroll\u00f3 del<\/strong> <strong>13 al 16 de agosto<\/strong> en el Cine Teatro Monumental Sierras de Alta Gracia, con una programaci\u00f3n que reuni\u00f3 producciones audiovisuales, proyecciones, funciones especiales, muestras, charlas y espacios de intercambio.<\/p>\n<figure class=\"wp-block-gallery columns-2 is-cropped\">\n<ul class=\"blocks-gallery-grid\">\n<li class=\"blocks-gallery-item\">\n<figure><img src=\"http:\/\/cordobapolitica.com\/wp-content\/uploads\/2026\/09\/la-legislatura-entrego-un-beneplacito-al-festival-monumental-sierras-6.jpg\" alt data-id=\"138141\" data-full-url=\"http:\/\/cordobapolitica.com\/wp-content\/uploads\/2026\/09\/la-legislatura-entrego-un-beneplacito-al-festival-monumental-sierras-6.jpg\" data-link=\"https:\/\/legislaturacba.gob.ar\/?attachment_id=138141\" class=\"wp-image-138141\"><\/figure>\n<\/li>\n<li class=\"blocks-gallery-item\">\n<figure><img src=\"http:\/\/cordobapolitica.com\/wp-content\/uploads\/2026\/09\/la-legislatura-entrego-un-beneplacito-al-festival-monumental-sierras-7.jpg\" alt data-id=\"138140\" data-full-url=\"http:\/\/cordobapolitica.com\/wp-content\/uploads\/2026\/09\/la-legislatura-entrego-un-beneplacito-al-festival-monumental-sierras-7.jpg\" data-link=\"https:\/\/legislaturacba.gob.ar\/?attachment_id=138140\" class=\"wp-image-138140\"><\/figure>\n<\/li>\n<\/ul>\n<\/figure>\n<p>En esta edici\u00f3n fueron seleccionados cortometrajes entre <strong>m\u00e1s de 900 postulaciones provenientes del Cono Sur<\/strong>, junto con producciones realizadas por estudiantes y propuestas vinculadas a la formaci\u00f3n y el desarrollo de nuevos realizadores.<\/p>\n<p>El festival tambi\u00e9n cont\u00f3 con la participaci\u00f3n especial de <strong>Lucrecia Martel<\/strong>, una de las referentes del cine argentino contempor\u00e1neo, quien present\u00f3 su documental \u201cNuestra tierra\u201d y particip\u00f3 en una conversaci\u00f3n abierta con el p\u00fablico.<\/p>\n","protected":false},"excerpt":{"rendered":"<p>La Legislatura de C\u00f3rdoba entreg\u00f3 este martes un benepl\u00e1cito al Festival Monumental Sierras (FMS), en reconocimiento a su quinta edici\u00f3n y a su aporte al desarrollo de la cultura audiovisual y la integraci\u00f3n de nuevas juventudes a la actividad cultural. La declaraci\u00f3n \u201cde inter\u00e9s legislativo\u201d corresponde al decreto 31472, que destaca la realizaci\u00f3n del festival [&hellip;]<\/p>\n","protected":false},"author":1,"featured_media":55268,"comment_status":"closed","ping_status":"closed","sticky":false,"template":"","format":"standard","meta":{"om_disable_all_campaigns":false,"_monsterinsights_skip_tracking":false,"_monsterinsights_sitenote_active":false,"_monsterinsights_sitenote_note":"","_monsterinsights_sitenote_category":0},"categories":[31],"tags":[],"aioseo_notices":[],"_links":{"self":[{"href":"https:\/\/cordobapolitica.com\/index.php?rest_route=\/wp\/v2\/posts\/55267"}],"collection":[{"href":"https:\/\/cordobapolitica.com\/index.php?rest_route=\/wp\/v2\/posts"}],"about":[{"href":"https:\/\/cordobapolitica.com\/index.php?rest_route=\/wp\/v2\/types\/post"}],"author":[{"embeddable":true,"href":"https:\/\/cordobapolitica.com\/index.php?rest_route=\/wp\/v2\/users\/1"}],"replies":[{"embeddable":true,"href":"https:\/\/cordobapolitica.com\/index.php?rest_route=%2Fwp%2Fv2%2Fcomments&post=55267"}],"version-history":[{"count":0,"href":"https:\/\/cordobapolitica.com\/index.php?rest_route=\/wp\/v2\/posts\/55267\/revisions"}],"wp:featuredmedia":[{"embeddable":true,"href":"https:\/\/cordobapolitica.com\/index.php?rest_route=\/wp\/v2\/media\/55268"}],"wp:attachment":[{"href":"https:\/\/cordobapolitica.com\/index.php?rest_route=%2Fwp%2Fv2%2Fmedia&parent=55267"}],"wp:term":[{"taxonomy":"category","embeddable":true,"href":"https:\/\/cordobapolitica.com\/index.php?rest_route=%2Fwp%2Fv2%2Fcategories&post=55267"},{"taxonomy":"post_tag","embeddable":true,"href":"https:\/\/cordobapolitica.com\/index.php?rest_route=%2Fwp%2Fv2%2Ftags&post=55267"}],"curies":[{"name":"wp","href":"https:\/\/api.w.org\/{rel}","templated":true}]}}