{"id":55265,"date":"2026-09-02T00:37:53","date_gmt":"2026-09-02T00:37:53","guid":{"rendered":"https:\/\/legislaturacba.gob.ar\/?p=138161"},"modified":"2026-09-02T00:37:53","modified_gmt":"2026-09-02T00:37:53","slug":"presentaron-un-libro-sobre-la-historia-de-una-reconocida-biblioteca-de-oncativo","status":"publish","type":"post","link":"https:\/\/cordobapolitica.com\/?p=55265","title":{"rendered":"Presentaron un libro sobre la historia de una reconocida biblioteca de Oncativo"},"content":{"rendered":"<p>Por impulso del legislador <strong>Lucas Valiente<\/strong>, se present\u00f3 este martes a la tarde en la Legislatura de C\u00f3rdoba el <strong>libro \u201cBiblioteca Popular y Centro Cultural General San Mart\u00edn. Su historia\u201d<\/strong>, obra de la profesora <strong>Alicia Abate Daga<\/strong>. La publicaci\u00f3n <strong>conmemora los 75 a\u00f1os de vida de esta reconocida instituci\u00f3n cultural de la ciudad de Oncativo<\/strong>.<\/p>\n<figure class=\"wp-block-gallery columns-2 is-cropped\">\n<ul class=\"blocks-gallery-grid\">\n<li class=\"blocks-gallery-item\">\n<figure><img src=\"http:\/\/cordobapolitica.com\/wp-content\/uploads\/2026\/09\/presentaron-un-libro-sobre-la-historia-de-una-reconocida-biblioteca-de-oncativo.jpg\" alt data-id=\"138188\" data-full-url=\"http:\/\/cordobapolitica.com\/wp-content\/uploads\/2026\/09\/presentaron-un-libro-sobre-la-historia-de-una-reconocida-biblioteca-de-oncativo.jpg\" data-link=\"https:\/\/legislaturacba.gob.ar\/?attachment_id=138188\" class=\"wp-image-138188\"><\/figure>\n<\/li>\n<li class=\"blocks-gallery-item\">\n<figure><img src=\"http:\/\/cordobapolitica.com\/wp-content\/uploads\/2026\/09\/presentaron-un-libro-sobre-la-historia-de-una-reconocida-biblioteca-de-oncativo-1.jpg\" alt data-id=\"138183\" data-full-url=\"http:\/\/cordobapolitica.com\/wp-content\/uploads\/2026\/09\/presentaron-un-libro-sobre-la-historia-de-una-reconocida-biblioteca-de-oncativo-1.jpg\" data-link=\"https:\/\/legislaturacba.gob.ar\/?attachment_id=138183\" class=\"wp-image-138183\"><\/figure>\n<\/li>\n<\/ul>\n<\/figure>\n<p>Participaron tambi\u00e9n en la actividad, concretada en el Auditorio de la Democracia de la Unicameral cordobesa, los legisladores <strong>Carlos Carignano, Jos\u00e9 Br\u00eda, V\u00edctor Molina, Alfredo Nigro y Gustavo Bottasso<\/strong>, y las legisladoras <strong>In\u00e9s Contrera y Viviana Pomiglio<\/strong>.<\/p>\n<figure class=\"wp-block-gallery columns-2 is-cropped\">\n<ul class=\"blocks-gallery-grid\">\n<li class=\"blocks-gallery-item\">\n<figure><img src=\"http:\/\/cordobapolitica.com\/wp-content\/uploads\/2026\/09\/presentaron-un-libro-sobre-la-historia-de-una-reconocida-biblioteca-de-oncativo-2.jpg\" alt data-id=\"138184\" data-full-url=\"http:\/\/cordobapolitica.com\/wp-content\/uploads\/2026\/09\/presentaron-un-libro-sobre-la-historia-de-una-reconocida-biblioteca-de-oncativo-2.jpg\" data-link=\"https:\/\/legislaturacba.gob.ar\/?attachment_id=138184\" class=\"wp-image-138184\"><\/figure>\n<\/li>\n<li class=\"blocks-gallery-item\">\n<figure><img src=\"http:\/\/cordobapolitica.com\/wp-content\/uploads\/2026\/09\/presentaron-un-libro-sobre-la-historia-de-una-reconocida-biblioteca-de-oncativo-3.jpg\" alt data-id=\"138177\" data-full-url=\"http:\/\/cordobapolitica.com\/wp-content\/uploads\/2026\/09\/presentaron-un-libro-sobre-la-historia-de-una-reconocida-biblioteca-de-oncativo-3.jpg\" data-link=\"https:\/\/legislaturacba.gob.ar\/?attachment_id=138177\" class=\"wp-image-138177\"><\/figure>\n<\/li>\n<\/ul>\n<\/figure>\n<p>La presentaci\u00f3n fue moderada por la periodista <strong>Mar\u00eda Eugenia Pasquali<\/strong> y, adem\u00e1s, particip\u00f3 la coordinadora de Informaci\u00f3n, Estad\u00edsticas y Gobierno Abierto de la Municipalidad de Oncativo, <strong>Alejandra Villal\u00f3n<\/strong>. Asimismo, estuvieron presentes familiares y amigos de Abate Daga.<\/p>\n<p>Alicia Abate Daga es profesora de historia, investigadora y escritora. El libro que present\u00f3 en la Unicameral provincial fue editado por Quo Vadis Ediciones.<\/p>\n<figure class=\"wp-block-gallery columns-2 is-cropped\">\n<ul class=\"blocks-gallery-grid\">\n<li class=\"blocks-gallery-item\">\n<figure><img src=\"http:\/\/cordobapolitica.com\/wp-content\/uploads\/2026\/09\/presentaron-un-libro-sobre-la-historia-de-una-reconocida-biblioteca-de-oncativo-4.jpg\" alt data-id=\"138187\" data-full-url=\"http:\/\/cordobapolitica.com\/wp-content\/uploads\/2026\/09\/presentaron-un-libro-sobre-la-historia-de-una-reconocida-biblioteca-de-oncativo-4.jpg\" data-link=\"https:\/\/legislaturacba.gob.ar\/?attachment_id=138187\" class=\"wp-image-138187\"><\/figure>\n<\/li>\n<li class=\"blocks-gallery-item\">\n<figure><img src=\"http:\/\/cordobapolitica.com\/wp-content\/uploads\/2026\/09\/presentaron-un-libro-sobre-la-historia-de-una-reconocida-biblioteca-de-oncativo-5.jpg\" alt data-id=\"138178\" data-full-url=\"http:\/\/cordobapolitica.com\/wp-content\/uploads\/2026\/09\/presentaron-un-libro-sobre-la-historia-de-una-reconocida-biblioteca-de-oncativo-5.jpg\" data-link=\"https:\/\/legislaturacba.gob.ar\/?attachment_id=138178\" class=\"wp-image-138178\"><\/figure>\n<\/li>\n<\/ul>\n<\/figure>\n<h4><strong>Espacio de encuentro, formaci\u00f3n y conocimiento<\/strong><\/h4>\n<p>La <strong>Biblioteca Popular y Centro Cultural General San Mart\u00edn<\/strong>, fundada el 17 de agosto de 1950 (en el marco del A\u00f1o del Libertador), constituye desde entonces un <strong>espacio de encuentro, formaci\u00f3n y acceso al conocimiento<\/strong>.<\/p>\n<figure class=\"wp-block-gallery columns-2 is-cropped\">\n<ul class=\"blocks-gallery-grid\">\n<li class=\"blocks-gallery-item\">\n<figure><img src=\"http:\/\/cordobapolitica.com\/wp-content\/uploads\/2026\/09\/presentaron-un-libro-sobre-la-historia-de-una-reconocida-biblioteca-de-oncativo-6.jpg\" alt data-id=\"138186\" data-full-url=\"http:\/\/cordobapolitica.com\/wp-content\/uploads\/2026\/09\/presentaron-un-libro-sobre-la-historia-de-una-reconocida-biblioteca-de-oncativo-6.jpg\" data-link=\"https:\/\/legislaturacba.gob.ar\/?attachment_id=138186\" class=\"wp-image-138186\"><\/figure>\n<\/li>\n<li class=\"blocks-gallery-item\">\n<figure><img src=\"http:\/\/cordobapolitica.com\/wp-content\/uploads\/2026\/09\/presentaron-un-libro-sobre-la-historia-de-una-reconocida-biblioteca-de-oncativo-7.jpg\" alt data-id=\"138185\" data-full-url=\"http:\/\/cordobapolitica.com\/wp-content\/uploads\/2026\/09\/presentaron-un-libro-sobre-la-historia-de-una-reconocida-biblioteca-de-oncativo-7.jpg\" data-link=\"https:\/\/legislaturacba.gob.ar\/?attachment_id=138185\" class=\"wp-image-138185\"><\/figure>\n<\/li>\n<\/ul>\n<\/figure>\n<p>En sus 76 a\u00f1os de existencia, la biblioteca se sostuvo de manera ejemplar por el esfuerzo voluntario de vecinos y colaboradores que, generaci\u00f3n tras generaci\u00f3n, mantuvieron viva su misi\u00f3n comunitaria.<\/p>\n<p>El libro describe el trayecto recorrido por la biblioteca, rescata la memoria de quienes impulsaron la creaci\u00f3n de la biblioteca y documenta el trabajo constante de directivos, docentes, estudiantes y ciudadanos comprometidos con la cultura y la educaci\u00f3n. Tambi\u00e9n detalla las estructuras sociales de la \u00e9poca, en las que los roles por g\u00e9nero estaban diferenciados.<\/p>\n<figure class=\"wp-block-gallery columns-2 is-cropped\">\n<ul class=\"blocks-gallery-grid\">\n<li class=\"blocks-gallery-item\">\n<figure><img src=\"http:\/\/cordobapolitica.com\/wp-content\/uploads\/2026\/09\/presentaron-un-libro-sobre-la-historia-de-una-reconocida-biblioteca-de-oncativo-8.jpg\" alt data-id=\"138179\" data-full-url=\"http:\/\/cordobapolitica.com\/wp-content\/uploads\/2026\/09\/presentaron-un-libro-sobre-la-historia-de-una-reconocida-biblioteca-de-oncativo-8.jpg\" data-link=\"https:\/\/legislaturacba.gob.ar\/?attachment_id=138179\" class=\"wp-image-138179\"><\/figure>\n<\/li>\n<li class=\"blocks-gallery-item\">\n<figure><img src=\"http:\/\/cordobapolitica.com\/wp-content\/uploads\/2026\/09\/presentaron-un-libro-sobre-la-historia-de-una-reconocida-biblioteca-de-oncativo-9.jpg\" alt data-id=\"138189\" data-full-url=\"http:\/\/cordobapolitica.com\/wp-content\/uploads\/2026\/09\/presentaron-un-libro-sobre-la-historia-de-una-reconocida-biblioteca-de-oncativo-9.jpg\" data-link=\"https:\/\/legislaturacba.gob.ar\/?attachment_id=138189\" class=\"wp-image-138189\"><\/figure>\n<\/li>\n<\/ul>\n<\/figure>\n<p>El voluntariado que sostiene esta instituci\u00f3n es un testimonio de solidaridad y compromiso social, garantizando que el acceso a los libros, la informaci\u00f3n y las actividades culturales sea posible para toda la comunidad, sin distinci\u00f3n de edad ni condici\u00f3n.<\/p>\n","protected":false},"excerpt":{"rendered":"<p>Por impulso del legislador Lucas Valiente, se present\u00f3 este martes a la tarde en la Legislatura de C\u00f3rdoba el libro \u201cBiblioteca Popular y Centro Cultural General San Mart\u00edn. Su historia\u201d, obra de la profesora Alicia Abate Daga. La publicaci\u00f3n conmemora los 75 a\u00f1os de vida de esta reconocida instituci\u00f3n cultural de la ciudad de Oncativo. [&hellip;]<\/p>\n","protected":false},"author":1,"featured_media":55266,"comment_status":"closed","ping_status":"closed","sticky":false,"template":"","format":"standard","meta":{"om_disable_all_campaigns":false,"_monsterinsights_skip_tracking":false,"_monsterinsights_sitenote_active":false,"_monsterinsights_sitenote_note":"","_monsterinsights_sitenote_category":0},"categories":[31],"tags":[],"aioseo_notices":[],"_links":{"self":[{"href":"https:\/\/cordobapolitica.com\/index.php?rest_route=\/wp\/v2\/posts\/55265"}],"collection":[{"href":"https:\/\/cordobapolitica.com\/index.php?rest_route=\/wp\/v2\/posts"}],"about":[{"href":"https:\/\/cordobapolitica.com\/index.php?rest_route=\/wp\/v2\/types\/post"}],"author":[{"embeddable":true,"href":"https:\/\/cordobapolitica.com\/index.php?rest_route=\/wp\/v2\/users\/1"}],"replies":[{"embeddable":true,"href":"https:\/\/cordobapolitica.com\/index.php?rest_route=%2Fwp%2Fv2%2Fcomments&post=55265"}],"version-history":[{"count":0,"href":"https:\/\/cordobapolitica.com\/index.php?rest_route=\/wp\/v2\/posts\/55265\/revisions"}],"wp:featuredmedia":[{"embeddable":true,"href":"https:\/\/cordobapolitica.com\/index.php?rest_route=\/wp\/v2\/media\/55266"}],"wp:attachment":[{"href":"https:\/\/cordobapolitica.com\/index.php?rest_route=%2Fwp%2Fv2%2Fmedia&parent=55265"}],"wp:term":[{"taxonomy":"category","embeddable":true,"href":"https:\/\/cordobapolitica.com\/index.php?rest_route=%2Fwp%2Fv2%2Fcategories&post=55265"},{"taxonomy":"post_tag","embeddable":true,"href":"https:\/\/cordobapolitica.com\/index.php?rest_route=%2Fwp%2Fv2%2Ftags&post=55265"}],"curies":[{"name":"wp","href":"https:\/\/api.w.org\/{rel}","templated":true}]}}