{"id":55258,"date":"2026-09-01T21:29:00","date_gmt":"2026-09-01T21:29:00","guid":{"rendered":"https:\/\/www.ambito.com\/ambito-nacional\/una-amplia-mayoria-los-catamarquenos-reprueba-la-gestion-raul-jalil-n6317368"},"modified":"2026-09-01T21:29:00","modified_gmt":"2026-09-01T21:29:00","slug":"una-amplia-mayoria-de-los-catamarquenos-reprueba-la-gestion-de-raul-jalil","status":"publish","type":"post","link":"https:\/\/cordobapolitica.com\/?p=55258","title":{"rendered":"Una amplia mayor\u00eda de los catamarque\u00f1os reprueba la gesti\u00f3n de Ra\u00fal Jalil"},"content":{"rendered":"<p><img src=\"http:\/\/cordobapolitica.com\/wp-content\/uploads\/2026\/09\/una-amplia-mayoria-de-los-catamarquenos-reprueba-la-gestion-de-raul-jalil.png\"><\/p>\n<div><img src=\"http:\/\/cordobapolitica.com\/wp-content\/uploads\/2026\/09\/una-amplia-mayoria-de-los-catamarquenos-reprueba-la-gestion-de-raul-jalil.png\" class=\"ff-og-image-inserted\"><\/div>\n<div id>\n<p id=\"p-1788294413449-65362\">Una amplia mayor\u00eda de los catamarque\u00f1os reprueba la gesti\u00f3n del gobernador <strong>Ra\u00fal Jalil<\/strong>, mientras que el presidente <strong>Javier Milei condensa una reprobaci\u00f3n del 65% en esa provincia norte\u00f1a.<\/strong><\/p>\n<\/p><\/div>\n<div id>\n<p id=\"p-1788294413449-11552\">De acuerdo a una encuesta realizada por Zuban C\u00f3rdoba y Asociados, el <strong>66,5% de los consultados le baja el pulgar a la gesti\u00f3n de Jalil<\/strong>, mientras que el 32,4% la aprueba. El 1,1% restante respondi\u00f3 que no sabe.<\/p>\n<\/div>\n<div id>\n<p id=\"p-1788294413449-7883\"> El nivel de rechazo se divide entre <strong>un 33,1% que desaprueba totalmente la administraci\u00f3n provincial<\/strong> y otro <strong>33,4% que la desaprueba en parte<\/strong>. Del otro lado, apenas el 5,2% la aprueba totalmente, mientras que el 27,2% la aprueba algo.<\/p>\n<\/div>\n<div id>\n<p id=\"p-1788294413449-46676\">El dato representa un deterioro respecto de las mediciones anteriores. En marzo, <strong>la desaprobaci\u00f3n de Jalil era del 62,6%, pas\u00f3 al 63,4% en abril y se ubic\u00f3 en 62,2% en mayo. <\/strong><\/p>\n<\/p><\/div>\n<div id>\n<p id=\"p-1788294413449-50334\"> En agosto alcanz\u00f3 el 66,5%, el registro m\u00e1s alto de la serie. En paralelo, la aprobaci\u00f3n cay\u00f3 del 36,3% de marzo al 32,4% actual.<\/p>\n<\/div>\n<div id>\n<p id=\"p-1788294413449-7653\">La encuesta fue realizada entre el 13 y el 16 de agosto de 2026, sobre 640 casos de la poblaci\u00f3n general mayor de 16 a\u00f1os de la provincia de Catamarca, con un margen de error de \u00b13,87% y un nivel de confianza del 95%.<\/p>\n<p id=\"p-1788294413449-92153\">Por el contrario, la exgobernadora y actual senadora <strong>Luc\u00eda Corpacci registr\u00f3 en agosto una imagen positiva del 49,4%,<\/strong> frente a un 40,4% de imagen negativa. <strong>El 7,7% dijo no conocerla y el 2,6% no supo responder.<\/strong><\/p>\n<p id=\"p-1788294413449-91362\">Su imagen positiva, adem\u00e1s, se mantiene relativamente estable a lo largo del a\u00f1o: fue del 50,1% en marzo, 49,9% en abril, 50,9% en mayo y 49,4% en agosto. En paralelo, la imagen negativa pas\u00f3 del 38,1% en marzo al 40,4% actual.<\/p>\n<p id=\"p-1788294413449-468\">En la comparaci\u00f3n con otros dirigentes provinciales, Corpacci queda segunda en imagen positiva, detr\u00e1s de Gustavo Saadi, que alcanza el 50,3%. Ra\u00fal Jalil, en cambio, aparece bastante m\u00e1s abajo: tiene 38,2% de imagen positiva y 60,8% de negativa.<\/p>\n<p id=\"p-1788294413449-28867\">El dato m\u00e1s interesante es que Corpacci tiene un diferencial de imagen positivo de 9 puntos (49,4% contra 40,4%), mientras que Jalil presenta un diferencial negativo de 22,6 puntos (38,2% contra 60,8%).<\/p>\n<p id=\"p-1788294413449-31713\">Los datos llegan en momentos en que Jalil debe tomar una definici\u00f3n. Aunque la <strong>Constituci\u00f3n local lo habilita a buscar un nuevo mandato<\/strong> -el tercero-, el mandatario anticipa que no tiene intenci\u00f3n de competir.<\/p>\n<p id=\"p-1788294413449-15587\">En su lugar ir\u00eda el intendente de San Fernando del Valle de Catamarca, <strong>Gustavo Saadi<\/strong>, quien cosech\u00f3 un perfil m\u00e1s opositor a la gesti\u00f3n de Milei, mucho m\u00e1s que el del actual l\u00edder, uno de los m\u00e1s cercanos a la Casa Rosada.<\/p>\n<p id=\"p-1788294413449-40404\">De todos modos, se especula con que el gobernador podr\u00eda competir por una banca en el Senado. Actualmente, dos de los tres esca\u00f1os le pertenecen al PJ<strong>: Luc\u00eda Corpacci, m\u00e1s cercana al Instituto Patria, y Guillermo Andrada, alfil del jefe provincial. <\/strong><\/p>\n<\/p><\/div>\n","protected":false},"excerpt":{"rendered":"<p>Una amplia mayor\u00eda de los catamarque\u00f1os reprueba la gesti\u00f3n del gobernador Ra\u00fal Jalil, mientras que el presidente Javier Milei condensa una reprobaci\u00f3n del 65% en esa provincia norte\u00f1a. De acuerdo a una encuesta realizada por Zuban C\u00f3rdoba y Asociados, el 66,5% de los consultados le baja el pulgar a la gesti\u00f3n de Jalil, mientras que [&hellip;]<\/p>\n","protected":false},"author":1,"featured_media":55259,"comment_status":"closed","ping_status":"closed","sticky":false,"template":"","format":"standard","meta":{"om_disable_all_campaigns":false,"_monsterinsights_skip_tracking":false,"_monsterinsights_sitenote_active":false,"_monsterinsights_sitenote_note":"","_monsterinsights_sitenote_category":0},"categories":[3],"tags":[],"aioseo_notices":[],"_links":{"self":[{"href":"https:\/\/cordobapolitica.com\/index.php?rest_route=\/wp\/v2\/posts\/55258"}],"collection":[{"href":"https:\/\/cordobapolitica.com\/index.php?rest_route=\/wp\/v2\/posts"}],"about":[{"href":"https:\/\/cordobapolitica.com\/index.php?rest_route=\/wp\/v2\/types\/post"}],"author":[{"embeddable":true,"href":"https:\/\/cordobapolitica.com\/index.php?rest_route=\/wp\/v2\/users\/1"}],"replies":[{"embeddable":true,"href":"https:\/\/cordobapolitica.com\/index.php?rest_route=%2Fwp%2Fv2%2Fcomments&post=55258"}],"version-history":[{"count":0,"href":"https:\/\/cordobapolitica.com\/index.php?rest_route=\/wp\/v2\/posts\/55258\/revisions"}],"wp:featuredmedia":[{"embeddable":true,"href":"https:\/\/cordobapolitica.com\/index.php?rest_route=\/wp\/v2\/media\/55259"}],"wp:attachment":[{"href":"https:\/\/cordobapolitica.com\/index.php?rest_route=%2Fwp%2Fv2%2Fmedia&parent=55258"}],"wp:term":[{"taxonomy":"category","embeddable":true,"href":"https:\/\/cordobapolitica.com\/index.php?rest_route=%2Fwp%2Fv2%2Fcategories&post=55258"},{"taxonomy":"post_tag","embeddable":true,"href":"https:\/\/cordobapolitica.com\/index.php?rest_route=%2Fwp%2Fv2%2Ftags&post=55258"}],"curies":[{"name":"wp","href":"https:\/\/api.w.org\/{rel}","templated":true}]}}