{"id":55244,"date":"2026-09-01T14:14:03","date_gmt":"2026-09-01T14:14:03","guid":{"rendered":"http:\/\/12830d0315fa93d6a32f1b1c2f450f25"},"modified":"2026-09-01T14:14:03","modified_gmt":"2026-09-01T14:14:03","slug":"la-cercania-a-milei-hunde-a-jalil-en-catamarca","status":"publish","type":"post","link":"https:\/\/cordobapolitica.com\/?p=55244","title":{"rendered":"La cercan\u00eda a Milei hunde a Jalil en Catamarca"},"content":{"rendered":"<p><img src=\"http:\/\/cordobapolitica.com\/wp-content\/uploads\/2026\/09\/la-cercania-a-milei-hunde-a-jalil-en-catamarca.jpg\"><\/p>\n<div><img src=\"http:\/\/cordobapolitica.com\/wp-content\/uploads\/2026\/09\/la-cercania-a-milei-hunde-a-jalil-en-catamarca-2.jpg\" class=\"ff-og-image-inserted\"><\/div>\n<p>Una encuesta revel\u00f3 que la alianza de Ra\u00fal Jalil con Javier Milei tuvo resultados catastr\u00f3ficas para el gobernador de Catamarca en t\u00e9rminos de opini\u00f3n p\u00fablica: su imagen negativa ya supera&nbsp;el 60 por ciento y m\u00e1s de un 85% rechaza un tercer mandato.<\/p>\n<p>LPO accedi\u00f3 en exclusiva a un muy minucioso sondeo de la consultora Zuban-C\u00f3rdoba que muestra un deterioro muy fuerte de los n\u00fameros de la gesti\u00f3n de Jalil y un rechazo pleno a la posibilidad de que vaya por un nuevo mandato.<\/p>\n<p>Como explic\u00f3 este medio, Jalil est\u00e1 habilitado constitucionalmente para ir por la re-reelecci\u00f3n, pero el peronismo catamarque\u00f1o hab\u00eda acordado que&nbsp;cumpla dos mandatos y luego lo suceda el intendente de la capital provincial, Gustavo Saadi. El acuerdo inclu\u00eda que Jalil y su antecesora Luc\u00eda Corpacci vayan por las bancas en el Senado y que el hermano del actual mandatario sea candidato en la intendencia.<\/p>\n<p>En principio Jalil no tendr\u00eda intenciones de <a href=\"https:\/\/www.lapoliticaonline.com\/politica\/jalil-sugiere-que-saadi-sera-su-sucesor-y-catamarca-volveria-al-peronismo-opositor\/\" target=\"_blank\" rel=\"noopener\">romper ese acuerdo<\/a>, pero desde la Casa Rosada lo est\u00e1n tironeando para que <a href=\"https:\/\/www.lapoliticaonline.com\/politica\/jalil-tantea-la-posibilidad-de-postularse-a-la-reeleccion-y-apuesta-al-apoyo-libertario-1802\/\" target=\"_blank\" rel=\"noopener\">vaya por un tercer mandato<\/a> y se rompa el peronismo catamarque\u00f1o. En el gobierno nacional no quieren a Saadi, que tiene un perfil opositor a la gesti\u00f3n de Milei a diferencia de Jalil que acompa\u00f1\u00f3 sistem\u00e1ticamente a los libertarios. Incluso le habr\u00edan ofrecido ser candidato filo libertario.<\/p>\n<p><a href=\"https:\/\/www.lapoliticaonline.com\/tools\/redirect.php?t=3&amp;i=355141&amp;s=546d52195fa8b21eb8d415b87d2123e2\" target=\"_blank\" class=\"link-type-content content-type-noticia-ar\" rel=\"noopener\">Corpacci le marca la cancha a Jalil para que no intente otra reelecci\u00f3n<\/a><\/p>\n<p>Pero m\u00e1s all\u00e1 del acuerdo, Jalil parece tener una traba en los n\u00fameros. De acuerdo a los datos de la encuesta de Zuban-C\u00f3rdoba, la gesti\u00f3n del gobernador tiene un rechazo del 66,5 por ciento y una aprobaci\u00f3n del 32,4 por ciento. N\u00fameros similares a los de Milei: 65.8 de rechazo y 33,5 de aprobaci\u00f3n.<\/p>\n<p>Los datos son muy malos en preguntas espec\u00edficas sobre las gestiones de Milei y Jalil. Un 76.3 por ciento dice que la provincia est\u00e1 peor desde que gobierna el libertario y 72,9 por ciento considera que el gobernador no escucha a los catamarque\u00f1os.<\/p>\n<p>En t\u00e9rminos electorales, un 64,8 por ciento dice que no votar\u00eda a un candidato de Milei en la provincia y el 85,8 por ciento est\u00e1 en desacuerdo con la posibilidad de que Jalil vaya por un tercer mandato.&nbsp;Tampoco tiene cabida la posibilidad de un acuerdo entre el PJ y los libertarios, idea rechazada por el 68 por ciento.&nbsp;<\/p>\n<p> El 81,2 por ciento de los catamarque\u00f1os se muestra a favor de un cambio de cara a las elecciones, pero el peronismo sigue siendo la fuerza que lidera con el 37 por ciento de intenci\u00f3n de voto contra un 17,2 por ciento de La Libertad Avanza.<\/p>\n<p>En cuanto a los posibles candidatos del peronismo, un 56.4 por ciento dice que seguro votar\u00e1 o podr\u00eda votar a Saadi, mientras que ese n\u00famero baja al 17,9 por ciento para Jalil.<\/p>\n","protected":false},"excerpt":{"rendered":"<p>Una encuesta revel\u00f3 que la alianza de Ra\u00fal Jalil con Javier Milei tuvo resultados catastr\u00f3ficas para el gobernador de Catamarca en t\u00e9rminos de opini\u00f3n p\u00fablica: su imagen negativa ya supera&nbsp;el 60 por ciento y m\u00e1s de un 85% rechaza un tercer mandato. LPO accedi\u00f3 en exclusiva a un muy minucioso sondeo de la consultora Zuban-C\u00f3rdoba [&hellip;]<\/p>\n","protected":false},"author":1,"featured_media":55245,"comment_status":"closed","ping_status":"closed","sticky":false,"template":"","format":"standard","meta":{"om_disable_all_campaigns":false,"_monsterinsights_skip_tracking":false,"_monsterinsights_sitenote_active":false,"_monsterinsights_sitenote_note":"","_monsterinsights_sitenote_category":0},"categories":[30],"tags":[],"aioseo_notices":[],"_links":{"self":[{"href":"https:\/\/cordobapolitica.com\/index.php?rest_route=\/wp\/v2\/posts\/55244"}],"collection":[{"href":"https:\/\/cordobapolitica.com\/index.php?rest_route=\/wp\/v2\/posts"}],"about":[{"href":"https:\/\/cordobapolitica.com\/index.php?rest_route=\/wp\/v2\/types\/post"}],"author":[{"embeddable":true,"href":"https:\/\/cordobapolitica.com\/index.php?rest_route=\/wp\/v2\/users\/1"}],"replies":[{"embeddable":true,"href":"https:\/\/cordobapolitica.com\/index.php?rest_route=%2Fwp%2Fv2%2Fcomments&post=55244"}],"version-history":[{"count":0,"href":"https:\/\/cordobapolitica.com\/index.php?rest_route=\/wp\/v2\/posts\/55244\/revisions"}],"wp:featuredmedia":[{"embeddable":true,"href":"https:\/\/cordobapolitica.com\/index.php?rest_route=\/wp\/v2\/media\/55245"}],"wp:attachment":[{"href":"https:\/\/cordobapolitica.com\/index.php?rest_route=%2Fwp%2Fv2%2Fmedia&parent=55244"}],"wp:term":[{"taxonomy":"category","embeddable":true,"href":"https:\/\/cordobapolitica.com\/index.php?rest_route=%2Fwp%2Fv2%2Fcategories&post=55244"},{"taxonomy":"post_tag","embeddable":true,"href":"https:\/\/cordobapolitica.com\/index.php?rest_route=%2Fwp%2Fv2%2Ftags&post=55244"}],"curies":[{"name":"wp","href":"https:\/\/api.w.org\/{rel}","templated":true}]}}