{"id":55230,"date":"2026-09-01T02:20:38","date_gmt":"2026-09-01T02:20:38","guid":{"rendered":"http:\/\/748b8fc66d58af6f1cc32f4e3b0985ef"},"modified":"2026-09-01T02:20:38","modified_gmt":"2026-09-01T02:20:38","slug":"parlasurenos-del-pro-la-ucr-y-ex-libertarios-votaron-el-repudio-a-milei-por-sus-agravios-contra-lula","status":"publish","type":"post","link":"https:\/\/cordobapolitica.com\/?p=55230","title":{"rendered":"Parlasure\u00f1os del PRO, la UCR y ex libertarios votaron el repudio a Milei por sus agravios contra Lula"},"content":{"rendered":"<p><img src=\"http:\/\/cordobapolitica.com\/wp-content\/uploads\/2026\/09\/parlasurenos-del-pro-la-ucr-y-ex-libertarios-votaron-el-repudio-a-milei-por-sus-agravios-contra-lula.jpg\"><\/p>\n<div><img src=\"http:\/\/cordobapolitica.com\/wp-content\/uploads\/2026\/09\/parlasurenos-del-pro-la-ucr-y-ex-libertarios-votaron-el-repudio-a-milei-por-sus-agravios-contra-lula-2.jpg\" class=\"ff-og-image-inserted\"><\/div>\n<p>Treinta diputados parlasure\u00f1os de Argentina, Brasil, Paraguay y Uruguay aprobaron este lunes una declaraci\u00f3n de repudio contra Javier Milei por <a href=\"https:\/\/www.lapoliticaonline.com\/internacionales\/milei-apoyo-a-bolsonaro-en-brasil-llamo-presidiario-a-lula-y-el-pt-le-contesto-que-no-esta-al-altura-de-su-cargo-8146\/\" target=\"_blank\" rel=\"noopener\">sus declaraciones<\/a> contra su par de Brasil, Luiz In\u00e1cio Lula Da Silva, y el titular del Supremo Tribunal de Justicia del vecino pa\u00eds, Alexandre de Moraes.<\/p>\n<p>Pero el dato llamativo es que dentro de la delegaci\u00f3n argentina votaron a favor del repudio a Milei siete parlasure\u00f1os del PRO, la UCR y LLA. Por el PRO, se pronunci\u00f3 Lucas Incicco y por la UCR lo hicieron Liliana Puig de Stubrin y Camila L\u00f3pez Badra, mientras que por el sello libertario adhirieron a la iniciativa los cuatro renegados del oficialismo argentino, Rodolfo Eiben, Julio Guti\u00e9rrez, Fabricio &#8220;Faber&#8221; Cascino y Fabiana Mart\u00edn.<\/p>\n<p>Los ex libertarios vienen marcando sus diferencias con la pol\u00edtica exterior del Palacio San Mart\u00edn desde principios de a\u00f1o. De hecho, LPO inform\u00f3 que ese grupo de parlasure\u00f1os se rebel\u00f3 contra la decisi\u00f3n de Pablo Quirno cuando pretendi\u00f3 que se rechace la incorporaci\u00f3n de Venezuela al Mercosur.<\/p>\n<p>Ahora, la iniciativa del cuerpo legislativo regional reuni\u00f3 el respaldo de las cuatro delegaciones, con un saldo de 30 voluntades por la positiva, 10 por la negativa y cinco abstenciones.<\/p>\n<p><a href=\"https:\/\/www.lapoliticaonline.com\/tools\/redirect.php?t=3&amp;i=344263&amp;s=81d5cbb9c8aee5a04cc70b8d5fad9302\" target=\"_blank\" class=\"link-type-content content-type-noticia-ar\" rel=\"noopener\">Rebeli\u00f3n de los libertarios contra la orden de Quirno para que rechacen el regreso de Venezuela al Parlasur<\/a><\/p>\n<p>El ex libertario Eiben declar\u00f3 24 horas despu\u00e9s de los ataques de Milei contra Lula, a quien acus\u00f3 de &#8220;ladr\u00f3n&#8221;, que hab\u00eda enviado &#8220;un pedido de disculpas&#8221; al gobierno de Brasil por los insultos del Jefe de Estado argentino. En tanto que L\u00f3pez Badra asumi\u00f3 este lunes y ya vot\u00f3 contra el gobierno nacional.<\/p>\n<p>La declaraci\u00f3n considera que las expresiones de Milei son contrarias a los principios de &#8220;respeto institucional, convivencia democr\u00e1tica y cooperaci\u00f3n&#8221; sobre los que se sustenta el proceso de integraci\u00f3n regional. &#8220;El texto aprobado tambi\u00e9n reafirma el compromiso del PARLASUR con la soberan\u00eda, la democracia, el Estado de Derecho, la independencia de los poderes p\u00fablicos y la no intervenci\u00f3n o injerencia de autoridades extranjeras en los procesos electorales, pol\u00edticos y judiciales internos de los Estados miembros&#8221;, indic\u00f3 una fuente del parlamento.<\/p>\n<p>Seg\u00fan sus impulsores, &#8220;el pronunciamiento surge a partir de las expresiones realizadas por Milei en San Pablo contra Lula y Alexandre de Moraes y cuestiona, adem\u00e1s, la participaci\u00f3n de autoridades del Gobierno argentino y representantes del servicio exterior en una actividad de naturaleza pol\u00edtico-partidaria desarrollada en Brasil&#8221;.&nbsp;<\/p>\n","protected":false},"excerpt":{"rendered":"<p>Treinta diputados parlasure\u00f1os de Argentina, Brasil, Paraguay y Uruguay aprobaron este lunes una declaraci\u00f3n de repudio contra Javier Milei por sus declaraciones contra su par de Brasil, Luiz In\u00e1cio Lula Da Silva, y el titular del Supremo Tribunal de Justicia del vecino pa\u00eds, Alexandre de Moraes. Pero el dato llamativo es que dentro de la [&hellip;]<\/p>\n","protected":false},"author":1,"featured_media":55231,"comment_status":"closed","ping_status":"closed","sticky":false,"template":"","format":"standard","meta":{"om_disable_all_campaigns":false,"_monsterinsights_skip_tracking":false,"_monsterinsights_sitenote_active":false,"_monsterinsights_sitenote_note":"","_monsterinsights_sitenote_category":0},"categories":[30],"tags":[],"aioseo_notices":[],"_links":{"self":[{"href":"https:\/\/cordobapolitica.com\/index.php?rest_route=\/wp\/v2\/posts\/55230"}],"collection":[{"href":"https:\/\/cordobapolitica.com\/index.php?rest_route=\/wp\/v2\/posts"}],"about":[{"href":"https:\/\/cordobapolitica.com\/index.php?rest_route=\/wp\/v2\/types\/post"}],"author":[{"embeddable":true,"href":"https:\/\/cordobapolitica.com\/index.php?rest_route=\/wp\/v2\/users\/1"}],"replies":[{"embeddable":true,"href":"https:\/\/cordobapolitica.com\/index.php?rest_route=%2Fwp%2Fv2%2Fcomments&post=55230"}],"version-history":[{"count":0,"href":"https:\/\/cordobapolitica.com\/index.php?rest_route=\/wp\/v2\/posts\/55230\/revisions"}],"wp:featuredmedia":[{"embeddable":true,"href":"https:\/\/cordobapolitica.com\/index.php?rest_route=\/wp\/v2\/media\/55231"}],"wp:attachment":[{"href":"https:\/\/cordobapolitica.com\/index.php?rest_route=%2Fwp%2Fv2%2Fmedia&parent=55230"}],"wp:term":[{"taxonomy":"category","embeddable":true,"href":"https:\/\/cordobapolitica.com\/index.php?rest_route=%2Fwp%2Fv2%2Fcategories&post=55230"},{"taxonomy":"post_tag","embeddable":true,"href":"https:\/\/cordobapolitica.com\/index.php?rest_route=%2Fwp%2Fv2%2Ftags&post=55230"}],"curies":[{"name":"wp","href":"https:\/\/api.w.org\/{rel}","templated":true}]}}