{"id":55226,"date":"2026-08-31T16:40:35","date_gmt":"2026-08-31T16:40:35","guid":{"rendered":"https:\/\/www.diariocronica.com.ar\/noticias\/2026\/08\/31\/163961-merino-entre-nuevos-desafios-marco-distancia-de-una-alianza-con-la-libertad-avanza"},"modified":"2026-08-31T16:40:35","modified_gmt":"2026-08-31T16:40:35","slug":"merino-entre-nuevos-desafios-marco-distancia-de-una-alianza-con-la-libertad-avanza","status":"publish","type":"post","link":"https:\/\/cordobapolitica.com\/?p=55226","title":{"rendered":"Merino, entre nuevos desaf\u00edos, marc\u00f3 distancia de una alianza con La Libertad Avanza\u00a0"},"content":{"rendered":"<div class=\"media_block\"><\/div>\n<div><img src=\"http:\/\/cordobapolitica.com\/wp-content\/uploads\/2026\/09\/merino-entre-nuevos-desafios-marco-distancia-de-una-alianza-con-la-libertad-avanza.webp\" class=\"ff-og-image-inserted\"><\/div>\n<p>El intendente de Trelew y flamante presidente de la Uni\u00f3n C\u00edvica Radical de Chubut qued\u00f3 al mando de una conducci\u00f3n que tendr\u00e1 como principales desaf\u00edos ordenar al partido, avanzar en la construcci\u00f3n de alianzas y preparar el escenario electoral de 2027, momento en que buscar\u00e1 su reelecci\u00f3n.<\/p>\n<div>\n<p>Merino remarc\u00f3 la participaci\u00f3n que tuvo el plenario realizado en Esquel, donde estuvieron representadas 33 localidades y participaron 65 de los 66 delegados. &#8220;Fue una gran jornada democr\u00e1tica donde se vio que hay un radicalismo activo, participativo y con ganas de construir\u201d, sostuvo el nuevo presidente de la UCR provincial.<\/p>\n<p class=\"noticia-relacionada noEditable\" data-id=\"163640\"> <b>Lee tambi\u00e9n: Gerardo Merino confirm\u00f3 que va por la reelecci\u00f3n en Trelew<\/b> <\/p>\n<h3>Gaiman, un desaf\u00edo electoral que se avecina<\/h3>\n<p>La nueva conducci\u00f3n radical tendr\u00e1 una primera prueba de fuego antes de las elecciones generales de 2027. Se trata de Gaiman, donde deber\u00e1n realizarse elecciones para elegir al intendente luego del fallecimiento de Dar\u00edo James.<\/p>\n<p>En ese orden, Merino adelant\u00f3 que<strong> en los pr\u00f3ximos d\u00edas comenzar\u00e1n las conversaciones con dirigentes y referentes de esa localidad para definir la estrategia electoral<\/strong>. \u201cUn gran desaf\u00edo, que es el primero que tenemos a fin de a\u00f1o, es Gaiman, por la lamentable p\u00e9rdida de nuestro correligionario e intendente Dar\u00edo James\u201d, afirm\u00f3.<\/p>\n<p>En ese orden, la Convenci\u00f3n Provincial habilit\u00f3 al partido a avanzar en la conformaci\u00f3n de \u201calianzas estrat\u00e9gicas\u201d de cara a los pr\u00f3ximos escenarios electorales.<\/p>\n<h3>Distancia con La Libertad Avanza<\/h3>\n<p>El intendente de Trelew tambi\u00e9n puso \u00e9nfasis en la diagramaci\u00f3n pol\u00edtica para el 2027 y confirm\u00f3 que la UCR mantiene di\u00e1logo con el PRO y otros espacios. <strong>\u201cNosotros estamos con el PRO y con algunos partidos ya teniendo conversaciones, pero no veo un escenario de alianza con La Libertad Avanza\u201d<\/strong>, puntualizo.<\/p>\n<p>Sin embargo, dej\u00f3 abierta la &nbsp;posibilidad que dirigentes o referentes de ese espacio puedan acompa\u00f1ar el proyecto radical. <strong>\u201cPuede haber algunas personas de La Libertad Avanza que se sumen a apoyar nuestro proyecto, que no necesariamente tenga que ser por la firma de un acuerdo electoral\u201d<\/strong>, apunt\u00f3.<\/p>\n<h3>Desdoblar elecciones<\/h3>\n<p>Merino asegur\u00f3 que se trata de una conversaci\u00f3n que ya mantuvieron con el gobernador Ignacio Torres y sostuvo que <strong>todav\u00eda no existe una fecha definida<\/strong>.<\/p>\n<blockquote>\n<p>\u201cSeguramente habr\u00e1 que cuadrar la fecha, que las cosas se discutan ac\u00e1 en Chubut\u201d, sentenci\u00f3 el mandatario.<\/p>\n<\/blockquote>\n<p>Para el intendente de Trelew separar la discusi\u00f3n provincial de la nacional permitir\u00eda poner el foco en los problemas propios &#8220;Entendemos que debe haber una discusi\u00f3n de lo que est\u00e1 sucediendo y lo que estamos realmente haciendo los municipios y a nivel provincial\u201d, se\u00f1al\u00f3&nbsp;<\/p>\n<h3>Camino de construcci\u00f3n<\/h3>\n<p>Merino defendi\u00f3 su gesti\u00f3n y cuestion\u00f3 a quienes buscan volver al foco. \u201cHay muchos candidatos, todos en Trelew saben qui\u00e9n es cada uno y qu\u00e9 han hecho a lo largo de su trayectoria pol\u00edtica, y tambi\u00e9n saben lo que nosotros estamos haciendo\u201d, sentenci\u00f3.<\/p>\n<p>El intendente aseguro que su objetivo es \u201cseguir este camino de construcci\u00f3n, recomponer la ciudad y continuar con el crecimiento de Trelew&#8221;, concluy\u00f3.<\/p>\n<\/p><\/div>\n","protected":false},"excerpt":{"rendered":"<p>El intendente de Trelew y flamante presidente de la Uni\u00f3n C\u00edvica Radical de Chubut qued\u00f3 al mando de una conducci\u00f3n que tendr\u00e1 como principales desaf\u00edos ordenar al partido, avanzar en la construcci\u00f3n de alianzas y preparar el escenario electoral de 2027, momento en que buscar\u00e1 su reelecci\u00f3n. Merino remarc\u00f3 la participaci\u00f3n que tuvo el plenario [&hellip;]<\/p>\n","protected":false},"author":1,"featured_media":55227,"comment_status":"closed","ping_status":"closed","sticky":false,"template":"","format":"standard","meta":{"om_disable_all_campaigns":false,"_monsterinsights_skip_tracking":false,"_monsterinsights_sitenote_active":false,"_monsterinsights_sitenote_note":"","_monsterinsights_sitenote_category":0},"categories":[30],"tags":[],"aioseo_notices":[],"_links":{"self":[{"href":"https:\/\/cordobapolitica.com\/index.php?rest_route=\/wp\/v2\/posts\/55226"}],"collection":[{"href":"https:\/\/cordobapolitica.com\/index.php?rest_route=\/wp\/v2\/posts"}],"about":[{"href":"https:\/\/cordobapolitica.com\/index.php?rest_route=\/wp\/v2\/types\/post"}],"author":[{"embeddable":true,"href":"https:\/\/cordobapolitica.com\/index.php?rest_route=\/wp\/v2\/users\/1"}],"replies":[{"embeddable":true,"href":"https:\/\/cordobapolitica.com\/index.php?rest_route=%2Fwp%2Fv2%2Fcomments&post=55226"}],"version-history":[{"count":0,"href":"https:\/\/cordobapolitica.com\/index.php?rest_route=\/wp\/v2\/posts\/55226\/revisions"}],"wp:featuredmedia":[{"embeddable":true,"href":"https:\/\/cordobapolitica.com\/index.php?rest_route=\/wp\/v2\/media\/55227"}],"wp:attachment":[{"href":"https:\/\/cordobapolitica.com\/index.php?rest_route=%2Fwp%2Fv2%2Fmedia&parent=55226"}],"wp:term":[{"taxonomy":"category","embeddable":true,"href":"https:\/\/cordobapolitica.com\/index.php?rest_route=%2Fwp%2Fv2%2Fcategories&post=55226"},{"taxonomy":"post_tag","embeddable":true,"href":"https:\/\/cordobapolitica.com\/index.php?rest_route=%2Fwp%2Fv2%2Ftags&post=55226"}],"curies":[{"name":"wp","href":"https:\/\/api.w.org\/{rel}","templated":true}]}}