{"id":55224,"date":"2026-09-01T01:12:32","date_gmt":"2026-09-01T01:12:32","guid":{"rendered":"https:\/\/cordobapolitica.com\/?p=55224"},"modified":"2026-09-01T01:12:32","modified_gmt":"2026-09-01T01:12:32","slug":"los-senadores-cobraran-mas-de-13-millones-mientras-el-sueldo-minimo-no-alcanza-la-canasta-basica","status":"publish","type":"post","link":"https:\/\/cordobapolitica.com\/?p=55224","title":{"rendered":"Los senadores cobrar\u00e1n m\u00e1s de $13 millones mientras el sueldo m\u00ednimo no alcanza la canasta b\u00e1sica"},"content":{"rendered":"<div class=\"media_block\"><\/div>\n<p>Mientras en una de las alas del <strong>Congreso <\/strong>se discute c\u00f3mo hacer para que un <strong>sueldo m\u00ednimo<\/strong><a target=\"_blank\" href=\"https:\/\/www.perfil.com\/noticias\/economia\/paritaria-administracion-publica-sueldos-basicos-vigentes-decreto-209808-desde-este-mes-a35.phtml\" rel=\"noopener\"> alcance para comer<\/a>, en el Senado la realidad corre por una v\u00eda completamente paralela. Un nuevo acuerdo sellado entre las autoridades parlamentarias y los gremios legislativos dispar\u00f3<strong> un ajuste autom\u00e1tico<\/strong> que llevar\u00e1 las dietas de los miembros de la C\u00e1mara Alta a <strong>superar los 13.100.000 pesos<\/strong> brutos a partir de enero de 2027. Una cifra que marca un abismo gigante con los <a target=\"_blank\" href=\"https:\/\/www.perfil.com\/noticias\/economia\/sueldos-fuerzas-armadas-seguridad-grillas-haberes-adicionales-personal-civil-septiembre-a35.phtml\" rel=\"noopener\">ingresos <\/a>del ciudadano com\u00fan.<\/p>\n<p>Este salto multimillonario <strong>no requiere un nuevo debate en el recinto<\/strong>, sino que se justifica directamente por el pacto que el <strong>Gobierno <\/strong>cerr\u00f3 con los empleados estatales. La f\u00f3rmula traslada al bolsillo de los senadores los mismos incrementos acordados para los <a target=\"_blank\" href=\"https:\/\/www.perfil.com\/noticias\/economia\/empleo-publico-de-cuanto-son-los-sueldos-del-personal-de-planta-permanente-en-junio-a35.phtml\" rel=\"noopener\">trabajadores del sector p\u00fablico<\/a>, aunque sin contemplar los bonos extra: se trata de un esquema escalonado que <strong>suma 1,9% en septiembre, 1,8% en octubre, 1,6% en noviembre y 1,5% en diciembre<\/strong>, acumulando <strong>un alza cercana al 7% <\/strong>para el \u00faltimo cuatrimestre del a\u00f1o.<\/p>\n<div>\n<figure class=\"image\"><img alt=\"La C\u00e1mara de Senadores aprob\u00f3 este jueves el proyecto de reforma de la Ley de Glaciares\" src=\"http:\/\/cordobapolitica.com\/wp-content\/uploads\/2026\/09\/los-senadores-cobraran-mas-de-13-millones-mientras-el-sueldo-minimo-no-alcanza-la-canasta-basica.webp\" loading=\"lazy\"><figcaption>El incremento se totalizar\u00e1 en enero de 2027<\/figcaption><\/figure>\n<\/p><\/div>\n<p>Cada legislador percibe 2.500 m\u00f3dulos de base, a los<strong> que se le suman 1.000 m\u00e1s por gastos de representaci\u00f3n <\/strong>y<strong> otros 500 por desarraigo<\/strong>, coronados por la reciente incorporaci\u00f3n de una decimotercera dieta para equiparar el aguinaldo. La \u00fanica dirigente que qued\u00f3 fuera de este esquema es <strong>Alicia Kirchner,<\/strong> quien al asumir su banca opt\u00f3 por <strong>renunciar a este ingreso parlamentario para mantener su jubilaci\u00f3n<\/strong> como ex gobernadora de Santa Cruz.<\/p>\n<div class=\"subscription\">\n<p> Esto no les gusta a los autoritarios <\/p>\n<div class=\"subscription__container\">\n<div class=\"subscription__text-wrapper\">\n<p> El ejercicio del periodismo profesional y cr\u00edtico es un pilar fundamental de la democracia. Por eso molesta a quienes creen ser los due\u00f1os de la verdad. <\/p>\n<\/p><\/div><\/div><\/div>\n<p>La maniobra reaviva el fantasma del <strong>esc\u00e1ndalo de 2024<\/strong>, cuando los legisladores votaron a mano alzada atar sus propios ingresos a la paritaria de los empleados del Congreso. Si bien el revuelo de aquel momento los oblig\u00f3 a retroceder, a frenar una suba conjunta promovida por <strong>Victoria Villarruel y Mart\u00edn Menem<\/strong>, y a votar por unanimidad el congelamiento de sus dietas hasta finales de 2025, ese freno legislativo finalmente qued\u00f3 en la nada y el mecanismo de actualizaci\u00f3n volvi\u00f3 a encenderse.<\/p>\n<p>Para intentar amortiguar el impacto pol\u00edtico de esta nueva escalada, algunos sectores del oficialismo <strong>salieron a despegarse del cobro<\/strong>. Desde la bancada referenciada en <strong>Patricia Bullrich<\/strong> anunciaron que mantendr\u00e1n la tesitura de donar la diferencia del aumento a <strong>entidades ben\u00e9ficas o instituciones p\u00fablicas provinciales<\/strong>, una iniciativa en sinton\u00eda con la propuesta de la propia <strong>Villarruel<\/strong>, quien tiempo atr\u00e1s hab\u00eda sugerido <strong>derivar esos fondos a centros de salud como el Hospital Guti\u00e9rrez.<\/strong><\/p>\n<p class=\"destacadoNota\"><a target=\"_blank\" href=\"https:\/\/www.perfil.com\/noticias\/politica\/los-dolares-de-los-hermanos-milei-cuanto-declaro-javier-y-como-evoluciono-el-patrimonio-de-karina.phtml\" rel=\"noopener\">Los d\u00f3lares de los hermanos Milei: cu\u00e1nto declar\u00f3 Javier y c\u00f3mo evolucion\u00f3 el patrimonio de Karina<\/a><\/p>\n<h2><strong>El otro extremo: la pelea por el piso salarial<\/strong><\/h2>\n<p>A pocos metros de donde se validan las dietas de 13 millones de pesos, la C\u00e1mara de <a target=\"_blank\" href=\"https:\/\/www.perfil.com\/noticias\/politica\/diputados-el-gobierno-va-por-la-inocencia-fiscal-ii-tras-la-reforma-de-la-carta-organica-del-bcra.phtml\" rel=\"noopener\">Diputados <\/a>recibi\u00f3 un proyecto que expone la crudeza de la crisis econ\u00f3mica en la calle. Un grupo de legisladores encabezado por <strong>Varinia Lis Mar\u00edn <\/strong>present\u00f3 una iniciativa para modificar la legislaci\u00f3n laboral y garantizar que ning\u00fan sueldo m\u00ednimo de jornada completa quede por debajo de la <strong>Canasta B\u00e1sica Total (CBT) <\/strong>estipulada por el <strong>INDEC <\/strong>para una familia tipo del Gran Buenos Aires.<\/p>\n<p>Los n\u00fameros que motivaron la redacci\u00f3n de este expediente reflejan una brecha alarmante. Mientras el esquema actual dej\u00f3 el Salario M\u00ednimo, Vital y M\u00f3vil (SMVM) de agosto de 2026 estancado en <a target=\"_blank\" href=\"https:\/\/www.perfil.com\/noticias\/economia\/salario-minimo-llego-376600-agosto-volvio-quedar-debajo-inflacion-mensual-a40.phtml\" rel=\"noopener\"><strong>376.600 pesos<\/strong><\/a> (lo que equivale a 1.883 pesos la hora), el costo de vida para que un hogar de cuatro integrantes no caiga en la pobreza<strong> escal\u00f3 a 1.531.472 pesos<\/strong>. Es decir, en la Argentina de hoy se necesitan m\u00e1s de cuatro sueldos b\u00e1sicos para cubrir las necesidades fundamentales.<\/p>\n<p>El texto, que ya fue girado a la comisi\u00f3n de Legislaci\u00f3n del Trabajo, <strong>no exige un aumento porcentual fijo <\/strong>ni establece un monto arbitrario sacado de la galera. Lo que busca es <strong>modificar de ra\u00edz el art\u00edculo 140 de la Ley 24.013<\/strong> para cambiar la regla de juego: atar el piso salarial directamente a la evoluci\u00f3n del costo de vida oficial, fijando un l\u00edmite legal para que los trabajadores formales puedan, al menos, empatarle a la canasta b\u00e1sica.<\/p>\n<p>TC\/MSS<\/p>\n","protected":false},"excerpt":{"rendered":"<p>Mientras en una de las alas del Congreso se discute c\u00f3mo hacer para que un sueldo m\u00ednimo alcance para comer, en el Senado la realidad corre por una v\u00eda completamente paralela. Un nuevo acuerdo sellado entre las autoridades parlamentarias y los gremios legislativos dispar\u00f3 un ajuste autom\u00e1tico que llevar\u00e1 las dietas de los miembros de [&hellip;]<\/p>\n","protected":false},"author":1,"featured_media":55225,"comment_status":"closed","ping_status":"closed","sticky":false,"template":"","format":"standard","meta":{"om_disable_all_campaigns":false,"_monsterinsights_skip_tracking":false,"_monsterinsights_sitenote_active":false,"_monsterinsights_sitenote_note":"","_monsterinsights_sitenote_category":0},"categories":[30],"tags":[],"aioseo_notices":[],"_links":{"self":[{"href":"https:\/\/cordobapolitica.com\/index.php?rest_route=\/wp\/v2\/posts\/55224"}],"collection":[{"href":"https:\/\/cordobapolitica.com\/index.php?rest_route=\/wp\/v2\/posts"}],"about":[{"href":"https:\/\/cordobapolitica.com\/index.php?rest_route=\/wp\/v2\/types\/post"}],"author":[{"embeddable":true,"href":"https:\/\/cordobapolitica.com\/index.php?rest_route=\/wp\/v2\/users\/1"}],"replies":[{"embeddable":true,"href":"https:\/\/cordobapolitica.com\/index.php?rest_route=%2Fwp%2Fv2%2Fcomments&post=55224"}],"version-history":[{"count":0,"href":"https:\/\/cordobapolitica.com\/index.php?rest_route=\/wp\/v2\/posts\/55224\/revisions"}],"wp:featuredmedia":[{"embeddable":true,"href":"https:\/\/cordobapolitica.com\/index.php?rest_route=\/wp\/v2\/media\/55225"}],"wp:attachment":[{"href":"https:\/\/cordobapolitica.com\/index.php?rest_route=%2Fwp%2Fv2%2Fmedia&parent=55224"}],"wp:term":[{"taxonomy":"category","embeddable":true,"href":"https:\/\/cordobapolitica.com\/index.php?rest_route=%2Fwp%2Fv2%2Fcategories&post=55224"},{"taxonomy":"post_tag","embeddable":true,"href":"https:\/\/cordobapolitica.com\/index.php?rest_route=%2Fwp%2Fv2%2Ftags&post=55224"}],"curies":[{"name":"wp","href":"https:\/\/api.w.org\/{rel}","templated":true}]}}