{"id":55221,"date":"2026-08-31T16:51:07","date_gmt":"2026-08-31T16:51:07","guid":{"rendered":"https:\/\/legislaturacba.gob.ar\/?p=137963"},"modified":"2026-08-31T16:51:07","modified_gmt":"2026-08-31T16:51:07","slug":"la-provincia-presento-nuevas-medidas-para-impulsar-el-consumo-y-fortalecer-la-actividad-comercial","status":"publish","type":"post","link":"https:\/\/cordobapolitica.com\/?p=55221","title":{"rendered":"La Provincia present\u00f3 nuevas medidas para impulsar el consumo y fortalecer la actividad comercial"},"content":{"rendered":"<p>La vicegobernadora <strong>Myrian Prunotto<\/strong> acompa\u00f1\u00f3 al gobernador<strong> Mart\u00edn Llaryo<\/strong>ra en la presentaci\u00f3n de <strong>\u201cC\u00f3rdoba Impulsa\u201d<\/strong>, un programa provincial que combina herramientas para <strong>financiar el consumo<\/strong> y apoyar a comercios y pymes, con el objetivo de <strong>fortalecer la actividad econ\u00f3mica<\/strong>.<\/p>\n<p>La iniciativa contempla <strong>promociones con tarjeta Cordobesa<\/strong> y una <strong>l\u00ednea crediticia de Bancor <\/strong>por $20.000 millones que estar\u00e1 destinado a capital de trabajo, con una tasa final del 33% TNA, luego del subsidio de cuatro puntos porcentuales aportado por la Provincia.<\/p>\n<div class=\"wp-block-image\">\n<figure class=\"aligncenter size-large\"><img src=\"http:\/\/cordobapolitica.com\/wp-content\/uploads\/2026\/09\/la-provincia-presento-nuevas-medidas-para-impulsar-el-consumo-y-fortalecer-la-actividad-comercial.jpg\" alt class=\"wp-image-137971\"><\/figure>\n<\/div>\n<p>La vicegobernadora <strong>Myrian Prunotto <\/strong>destac\u00f3 el trabajo conjunto entre el Gobierno provincial, Bancor y las entidades que representan al sector comercial.<br \/><em>\u201cEn este contexto dif\u00edcil que vive la Argentina, es importante tener empat\u00eda para seguir reuni\u00e9ndose y tratando de buscar soluciones para cada uno de los comerciantes\u201d<\/em>, expres\u00f3.<\/p>\n<p>Se\u00f1al\u00f3, adem\u00e1s, que C\u00f3rdoba Impulsa se suma al proyecto de ley<strong> Alivio Cordob\u00e9s,<\/strong> anunciado d\u00edas atr\u00e1s por el Gobierno provincial, destinado a mejorar las condiciones de refinanciamiento de deudas en mora de miles de familias cordobesas y que tendr\u00e1 tratamiento parlamentario en la pr\u00f3xima sesi\u00f3n de la Legislatura provincial.<\/p>\n<p>Finalmente, se dirigi\u00f3 especialmente a los titulares de las c\u00e1maras empresarias presentes en el acto, a quienes les agradeci\u00f3<em> \u201cel compromiso para cada uno de sus asociados, por representarlos y sobre todo fortalecer y llevar programas que lleguen a cada uno de ellos\u201d.<\/em><\/p>\n<figure class=\"wp-block-gallery columns-2 is-cropped\">\n<ul class=\"blocks-gallery-grid\">\n<li class=\"blocks-gallery-item\">\n<figure><img src=\"http:\/\/cordobapolitica.com\/wp-content\/uploads\/2026\/09\/la-provincia-presento-nuevas-medidas-para-impulsar-el-consumo-y-fortalecer-la-actividad-comercial-1.jpg\" alt data-id=\"137966\" data-link=\"https:\/\/legislaturacba.gob.ar\/?attachment_id=137966\" class=\"wp-image-137966\"><\/figure>\n<\/li>\n<li class=\"blocks-gallery-item\">\n<figure><img src=\"http:\/\/cordobapolitica.com\/wp-content\/uploads\/2026\/09\/la-provincia-presento-nuevas-medidas-para-impulsar-el-consumo-y-fortalecer-la-actividad-comercial-2.jpg\" alt data-id=\"137974\" data-full-url=\"http:\/\/cordobapolitica.com\/wp-content\/uploads\/2026\/09\/la-provincia-presento-nuevas-medidas-para-impulsar-el-consumo-y-fortalecer-la-actividad-comercial-2.jpg\" data-link=\"https:\/\/legislaturacba.gob.ar\/?attachment_id=137974\" class=\"wp-image-137974\"><\/figure>\n<\/li>\n<\/ul>\n<\/figure>\n<p>Por su parte, el gobernador <strong>Mart\u00edn Llaryora<\/strong> destac\u00f3 que las medidas buscan ofrecer respuestas concretas ante las dificultades que atraviesan las familias y el sector comercial. <em>\u201cHemos aliviado a los deudores, hemos potenciado a los cumplidores con cuotas a cero inter\u00e9s y hemos ayudado a nuestras pymes con un cr\u00e9dito que no existe en el mercado, a tasas totalmente convenientes\u201d,<\/em> sostuvo.<\/p>\n<p>Asimismo, el mandatario destac\u00f3 que las nuevas herramientas son resultado del trabajo conjunto entre el Estado provincial, el sector privado y el Banco de C\u00f3rdoba. \u201cFrente a un marco de situaci\u00f3n complejo, nosotros tenemos que actuar. Y actuamos a la cordobesa, todos juntos poniendo un granito de arena. Porque gobernar implica hacer lo posible y lo imposible para impulsar el desarrollo de sus vecinos y cuidar el trabajo de su gente\u201d, expres\u00f3.<\/p>\n<figure class=\"wp-block-gallery columns-2 is-cropped\">\n<ul class=\"blocks-gallery-grid\">\n<li class=\"blocks-gallery-item\">\n<figure><img src=\"http:\/\/cordobapolitica.com\/wp-content\/uploads\/2026\/09\/la-provincia-presento-nuevas-medidas-para-impulsar-el-consumo-y-fortalecer-la-actividad-comercial-3.jpg\" alt data-id=\"137969\" data-full-url=\"http:\/\/cordobapolitica.com\/wp-content\/uploads\/2026\/09\/la-provincia-presento-nuevas-medidas-para-impulsar-el-consumo-y-fortalecer-la-actividad-comercial-3.jpg\" data-link=\"https:\/\/legislaturacba.gob.ar\/?attachment_id=137969\" class=\"wp-image-137969\"><\/figure>\n<\/li>\n<li class=\"blocks-gallery-item\">\n<figure><img src=\"http:\/\/cordobapolitica.com\/wp-content\/uploads\/2026\/09\/la-provincia-presento-nuevas-medidas-para-impulsar-el-consumo-y-fortalecer-la-actividad-comercial-4.jpg\" alt data-id=\"137964\" data-full-url=\"http:\/\/cordobapolitica.com\/wp-content\/uploads\/2026\/09\/la-provincia-presento-nuevas-medidas-para-impulsar-el-consumo-y-fortalecer-la-actividad-comercial-4.jpg\" data-link=\"https:\/\/legislaturacba.gob.ar\/?attachment_id=137964\" class=\"wp-image-137964\"><\/figure>\n<\/li>\n<\/ul>\n<\/figure>\n<p>A su turno, el ministro de Producci\u00f3n, Ciencia e Innovaci\u00f3n Tecnol\u00f3gica, Fernando Sibilla, sostuvo: <em>\u201cEstamos convencidos de que hay que incentivar las pol\u00edticas de desarrollo productivo. Es decir, respetamos todo lo que est\u00e1 sucediendo en t\u00e9rminos macroecon\u00f3micos, pero al mismo tiempo hay que estar cerca de quienes producen, generan empleo y generan desarrollo<\/em>.\u201d<\/p>\n<figure class=\"wp-block-gallery columns-2 is-cropped\">\n<ul class=\"blocks-gallery-grid\">\n<li class=\"blocks-gallery-item\">\n<figure><img src=\"http:\/\/cordobapolitica.com\/wp-content\/uploads\/2026\/09\/la-provincia-presento-nuevas-medidas-para-impulsar-el-consumo-y-fortalecer-la-actividad-comercial-5.jpg\" alt data-id=\"137968\" data-full-url=\"http:\/\/cordobapolitica.com\/wp-content\/uploads\/2026\/09\/la-provincia-presento-nuevas-medidas-para-impulsar-el-consumo-y-fortalecer-la-actividad-comercial-5.jpg\" data-link=\"https:\/\/legislaturacba.gob.ar\/?attachment_id=137968\" class=\"wp-image-137968\"><\/figure>\n<\/li>\n<li class=\"blocks-gallery-item\">\n<figure><img src=\"http:\/\/cordobapolitica.com\/wp-content\/uploads\/2026\/09\/la-provincia-presento-nuevas-medidas-para-impulsar-el-consumo-y-fortalecer-la-actividad-comercial-6.jpg\" alt data-id=\"137965\" data-full-url=\"http:\/\/cordobapolitica.com\/wp-content\/uploads\/2026\/09\/la-provincia-presento-nuevas-medidas-para-impulsar-el-consumo-y-fortalecer-la-actividad-comercial-6.jpg\" data-link=\"https:\/\/legislaturacba.gob.ar\/?attachment_id=137965\" class=\"wp-image-137965\"><\/figure>\n<\/li>\n<\/ul>\n<\/figure>\n<p>Participaron tambi\u00e9n de la presentaci\u00f3n el jefe de Gabinete, Manuel Calvo; autoridades provinciales y representantes de c\u00e1maras y entidades empresariales.<\/p>\n<h4>Cuotas sin inter\u00e9s con Cordobesa<\/h4>\n<p>Una de las principales herramientas de C\u00f3rdoba Impulsa es \u201cCuotazas\u201d, una promoci\u00f3n que permitir\u00e1 a los comercios adheridos ofrecer compras en cuotas sin inter\u00e9s con tarjeta Cordobesa.<\/p>\n<p>En una primera etapa, estar\u00e1n <strong>disponibles 6 cuotas sin inter\u00e9s en supermercados y farmacias, con m\u00e1s de 400 sucursales adheridas.<\/strong><\/p>\n<p>La herramienta apunta a facilitar las compras de las familias y, al mismo tiempo, generar nuevas oportunidades de venta para los comercios.<\/p>\n<p>Para adherirse, los establecimientos deber\u00e1n contar con una cuenta en Bancor y acreditar sus ventas a trav\u00e9s del banco. El tr\u00e1mite podr\u00e1 realizarse de manera digital.<\/p>\n<p><strong>La promoci\u00f3n estar\u00e1 vigente desde el 1\u00b0 de septiembre de 2026 hasta el 31 de enero de 2027.<\/strong><\/p>\n<p>El presidente del Banco de C\u00f3rdoba, Ra\u00fal Jos\u00e9 Paolasso, destac\u00f3 el trabajo articulado entre la Provincia, el sector productivo y la entidad financiera. <em>\u201cEl Gobierno provincial detecta una necesidad concreta, el Ministerio de Producci\u00f3n coordina con las entidades del sector y todo ese impulso llega a su banco p\u00fablico para transformarse en iniciativas de financiamiento\u201d,<\/em> se\u00f1al\u00f3.<\/p>\n<figure class=\"wp-block-gallery columns-2 is-cropped\">\n<ul class=\"blocks-gallery-grid\">\n<li class=\"blocks-gallery-item\">\n<figure><img src=\"http:\/\/cordobapolitica.com\/wp-content\/uploads\/2026\/09\/la-provincia-presento-nuevas-medidas-para-impulsar-el-consumo-y-fortalecer-la-actividad-comercial-7.jpg\" alt data-id=\"137970\" data-full-url=\"http:\/\/cordobapolitica.com\/wp-content\/uploads\/2026\/09\/la-provincia-presento-nuevas-medidas-para-impulsar-el-consumo-y-fortalecer-la-actividad-comercial-7.jpg\" data-link=\"https:\/\/legislaturacba.gob.ar\/?attachment_id=137970\" class=\"wp-image-137970\"><\/figure>\n<\/li>\n<li class=\"blocks-gallery-item\">\n<figure><img src=\"http:\/\/cordobapolitica.com\/wp-content\/uploads\/2026\/09\/la-provincia-presento-nuevas-medidas-para-impulsar-el-consumo-y-fortalecer-la-actividad-comercial-8.jpg\" alt data-id=\"137967\" data-full-url=\"http:\/\/cordobapolitica.com\/wp-content\/uploads\/2026\/09\/la-provincia-presento-nuevas-medidas-para-impulsar-el-consumo-y-fortalecer-la-actividad-comercial-8.jpg\" data-link=\"https:\/\/legislaturacba.gob.ar\/?attachment_id=137967\" class=\"wp-image-137967\"><\/figure>\n<\/li>\n<\/ul>\n<\/figure>\n<h4>Cr\u00e9ditos por $20.000 millones para capital de trabajo<\/h4>\n<p>La segunda herramienta consiste en una <strong>l\u00ednea de cr\u00e9ditos de Bancor por un cupo total de $20.000 millone<\/strong>s, destinada a financiar capital de trabajo de comercios.<\/p>\n<p>Cada comercio podr\u00e1 solicitar hasta $10 millones por operaci\u00f3n, con un plazo de devoluci\u00f3n de hasta 36 meses.<\/p>\n<p>La l\u00ednea tendr\u00e1 una tasa del 37% TNA, sobre la cual la Provincia subsidiar\u00e1 cuatro puntos porcentuales. De esta manera, la tasa final a cargo del comercio ser\u00e1 del 33% TNA.<\/p>\n<p>Para acceder al financiamiento, los comercios deber\u00e1n estar adheridos a la C\u00e1mara de Comercio de C\u00f3rdoba o a la Federaci\u00f3n Comercial de C\u00f3rdoba (FEDECOM), contar con una cuenta corriente en Bancor y acreditar una antig\u00fcedad m\u00ednima de tres a\u00f1os en AFIP.<\/p>\n<p>Adem\u00e1s, deber\u00e1n declarar como actividad principal un rubro vinculado con los productos que comercializan, contar con reciprocidad comercial con Bancor y no registrar cheques rechazados, oficios judiciales u otras observaciones crediticias relevantes.<\/p>\n<p>La l\u00ednea estar\u00e1 <strong>disponible hasta el 31 de diciembre de 2026 o hasta agotar el cupo total,<\/strong> lo que ocurra primero.<\/p>\n","protected":false},"excerpt":{"rendered":"<p>La vicegobernadora Myrian Prunotto acompa\u00f1\u00f3 al gobernador Mart\u00edn Llaryora en la presentaci\u00f3n de \u201cC\u00f3rdoba Impulsa\u201d, un programa provincial que combina herramientas para financiar el consumo y apoyar a comercios y pymes, con el objetivo de fortalecer la actividad econ\u00f3mica. La iniciativa contempla promociones con tarjeta Cordobesa y una l\u00ednea crediticia de Bancor por $20.000 millones [&hellip;]<\/p>\n","protected":false},"author":1,"featured_media":55222,"comment_status":"closed","ping_status":"closed","sticky":false,"template":"","format":"standard","meta":{"om_disable_all_campaigns":false,"_monsterinsights_skip_tracking":false,"_monsterinsights_sitenote_active":false,"_monsterinsights_sitenote_note":"","_monsterinsights_sitenote_category":0},"categories":[31],"tags":[],"aioseo_notices":[],"_links":{"self":[{"href":"https:\/\/cordobapolitica.com\/index.php?rest_route=\/wp\/v2\/posts\/55221"}],"collection":[{"href":"https:\/\/cordobapolitica.com\/index.php?rest_route=\/wp\/v2\/posts"}],"about":[{"href":"https:\/\/cordobapolitica.com\/index.php?rest_route=\/wp\/v2\/types\/post"}],"author":[{"embeddable":true,"href":"https:\/\/cordobapolitica.com\/index.php?rest_route=\/wp\/v2\/users\/1"}],"replies":[{"embeddable":true,"href":"https:\/\/cordobapolitica.com\/index.php?rest_route=%2Fwp%2Fv2%2Fcomments&post=55221"}],"version-history":[{"count":0,"href":"https:\/\/cordobapolitica.com\/index.php?rest_route=\/wp\/v2\/posts\/55221\/revisions"}],"wp:featuredmedia":[{"embeddable":true,"href":"https:\/\/cordobapolitica.com\/index.php?rest_route=\/wp\/v2\/media\/55222"}],"wp:attachment":[{"href":"https:\/\/cordobapolitica.com\/index.php?rest_route=%2Fwp%2Fv2%2Fmedia&parent=55221"}],"wp:term":[{"taxonomy":"category","embeddable":true,"href":"https:\/\/cordobapolitica.com\/index.php?rest_route=%2Fwp%2Fv2%2Fcategories&post=55221"},{"taxonomy":"post_tag","embeddable":true,"href":"https:\/\/cordobapolitica.com\/index.php?rest_route=%2Fwp%2Fv2%2Ftags&post=55221"}],"curies":[{"name":"wp","href":"https:\/\/api.w.org\/{rel}","templated":true}]}}