{"id":55219,"date":"2026-08-31T23:28:15","date_gmt":"2026-08-31T23:28:15","guid":{"rendered":"https:\/\/legislaturacba.gob.ar\/?p=137978"},"modified":"2026-08-31T23:28:15","modified_gmt":"2026-08-31T23:28:15","slug":"legisladores-aprobaron-la-designacion-de-guillermo-arias-como-nuevo-juez-electoral-de-la-provincia-de-cordoba","status":"publish","type":"post","link":"https:\/\/cordobapolitica.com\/?p=55219","title":{"rendered":"Legisladores aprobaron la designaci\u00f3n de Guillermo Arias como nuevo juez electoral de la provincia de C\u00f3rdoba"},"content":{"rendered":"<div><img src=\"http:\/\/cordobapolitica.com\/wp-content\/uploads\/2026\/09\/legisladores-aprobaron-la-designacion-de-guillermo-arias-como-nuevo-juez-electoral-de-la-provincia-de-cordoba.jpg\" class=\"ff-og-image-inserted\"><\/div>\n<p> Fue este lunes durante la reuni\u00f3n de la Comisi\u00f3n de Asuntos Constitucionales, Justicia y Acuerdos de la Unicameral cordobesa, que autoriz\u00f3 el pliego respectivo remitido por el Ejecutivo provincial. Para la funci\u00f3n que cumplir\u00e1, Arias obtuvo el primer lugar en el orden de m\u00e9rito por parte del Consejo de la Magistratura de C\u00f3rdoba. <\/p>\n","protected":false},"excerpt":{"rendered":"<p>Fue este lunes durante la reuni\u00f3n de la Comisi\u00f3n de Asuntos Constitucionales, Justicia y Acuerdos de la Unicameral cordobesa, que autoriz\u00f3 el pliego respectivo remitido por el Ejecutivo provincial. Para la funci\u00f3n que cumplir\u00e1, Arias obtuvo el primer lugar en el orden de m\u00e9rito por parte del Consejo de la Magistratura de C\u00f3rdoba.<\/p>\n","protected":false},"author":1,"featured_media":55220,"comment_status":"closed","ping_status":"closed","sticky":false,"template":"","format":"standard","meta":{"om_disable_all_campaigns":false,"_monsterinsights_skip_tracking":false,"_monsterinsights_sitenote_active":false,"_monsterinsights_sitenote_note":"","_monsterinsights_sitenote_category":0},"categories":[31],"tags":[],"aioseo_notices":[],"_links":{"self":[{"href":"https:\/\/cordobapolitica.com\/index.php?rest_route=\/wp\/v2\/posts\/55219"}],"collection":[{"href":"https:\/\/cordobapolitica.com\/index.php?rest_route=\/wp\/v2\/posts"}],"about":[{"href":"https:\/\/cordobapolitica.com\/index.php?rest_route=\/wp\/v2\/types\/post"}],"author":[{"embeddable":true,"href":"https:\/\/cordobapolitica.com\/index.php?rest_route=\/wp\/v2\/users\/1"}],"replies":[{"embeddable":true,"href":"https:\/\/cordobapolitica.com\/index.php?rest_route=%2Fwp%2Fv2%2Fcomments&post=55219"}],"version-history":[{"count":0,"href":"https:\/\/cordobapolitica.com\/index.php?rest_route=\/wp\/v2\/posts\/55219\/revisions"}],"wp:featuredmedia":[{"embeddable":true,"href":"https:\/\/cordobapolitica.com\/index.php?rest_route=\/wp\/v2\/media\/55220"}],"wp:attachment":[{"href":"https:\/\/cordobapolitica.com\/index.php?rest_route=%2Fwp%2Fv2%2Fmedia&parent=55219"}],"wp:term":[{"taxonomy":"category","embeddable":true,"href":"https:\/\/cordobapolitica.com\/index.php?rest_route=%2Fwp%2Fv2%2Fcategories&post=55219"},{"taxonomy":"post_tag","embeddable":true,"href":"https:\/\/cordobapolitica.com\/index.php?rest_route=%2Fwp%2Fv2%2Ftags&post=55219"}],"curies":[{"name":"wp","href":"https:\/\/api.w.org\/{rel}","templated":true}]}}