{"id":55212,"date":"2026-09-01T00:11:00","date_gmt":"2026-09-01T00:11:00","guid":{"rendered":"https:\/\/www.ambito.com\/ambito-nacional\/primer-candidato-confirmado-lla-milei-pone-prueba-relacion-un-dialoguista-n6316913"},"modified":"2026-09-01T00:11:00","modified_gmt":"2026-09-01T00:11:00","slug":"primer-candidato-confirmado-en-lla-milei-pone-a-prueba-relacion-con-un-dialoguista","status":"publish","type":"post","link":"https:\/\/cordobapolitica.com\/?p=55212","title":{"rendered":"Primer candidato confirmado en LLA: Milei pone a prueba relaci\u00f3n con un dialoguista"},"content":{"rendered":"<p><img src=\"http:\/\/cordobapolitica.com\/wp-content\/uploads\/2026\/09\/primer-candidato-confirmado-en-lla-milei-pone-a-prueba-relacion-con-un-dialoguista.jpg\"><\/p>\n<div><img src=\"http:\/\/cordobapolitica.com\/wp-content\/uploads\/2026\/09\/primer-candidato-confirmado-en-lla-milei-pone-a-prueba-relacion-con-un-dialoguista.jpg\" class=\"ff-og-image-inserted\"><\/div>\n<div id>\n<p id=\"p-1788209331791-29972\"><strong> El abogado Lisandro Catal\u00e1n formaliz\u00f3 su candidatura a gobernador de Tucum\u00e1n para 2027, en un acto que se realiz\u00f3 en un hotel frente al Parque 9 de Julio ante unas 900 personas.<\/strong> El presidente de La Libertad Avanza en la provincia y exministro del Interior aprovech\u00f3 la ocasi\u00f3n para presentar un boceto de su plan de gobierno &#8220;Punto de partida para la libertad de los tucumanos&#8221;, con anuncios de reducci\u00f3n de impuestos, reforma del Estado, cambios en salud y educaci\u00f3n, autonom\u00eda municipal y una reforma electoral que incluye la eliminaci\u00f3n de los acoples y la incorporaci\u00f3n de la Boleta \u00danica de Papel.<\/p>\n<\/div>\n<div id>\n<p id=\"p-1788209331791-79386\">Un dato que no pas\u00f3 desapercibido fue que en los \u00faltimos actos de peso en Tucum\u00e1n, LLA hab\u00eda elegido escenarios como el Club Villa Luj\u00e1n -con capacidad para una convocatoria m\u00e1s masiva y de impronta m\u00e1s partidaria-, <a href=\"https:\/\/www.ambito.com\/politica\/tras-la-derrota-pba-karina-milei-lanzo-la-campana-la-libertad-avanza-tucuman-n6189546\" target=\"_blank\" rel=\"follow noopener\">como lo cont\u00f3 \u00c1mbito<\/a>, pero esta vez opt\u00f3 por un hotel. Una elecci\u00f3n de escenario que, para parte de la lectura pol\u00edtica local, anticip\u00f3 que se quiso evitar el riesgo de no contar con capacidad para llenar un estadio de b\u00e1squet.<\/p>\n<\/div>\n<div id>\n<h2 id=\"p-1788209331791-3051\"> Ausencias que se notaron<\/h2>\n<p id=\"p-1788209331791-91804\">Del acto participaron dirigentes del armado tucumano y algunos diputados nacionales, adem\u00e1s de influencers libertarios afines al espacio, como <strong>I\u00f1aki Guti\u00e9rrez<\/strong> y <strong>Eugenia Rol\u00f3n<\/strong>, pero sin presencias de peso pol\u00edtico nacional. <strong>Ni Karina Milei, ni Mart\u00edn Menem, ni Eduardo &#8220;Lule&#8221; Menem -los tres nombres que meses atr\u00e1s hab\u00edan estado codo a codo con Catal\u00e1n en Tucum\u00e1n, incluso reuni\u00e9ndose con \u00e9l para diagramar la estrategia electoral rumbo a 2027- participaron del mitin o enviaron alg\u00fan tipo de respaldo significativo.<\/strong><\/p>\n<\/p><\/div>\n<div id>\n<p id=\"p-1788209331791-26907\"> La ausencia llam\u00f3 la atenci\u00f3n porque Catal\u00e1n es un hombre construido puertas adentro del &#8220;tri\u00e1ngulo de hierro libertario&#8221; y porque semanas atr\u00e1s trascendi\u00f3 que la Casa Rosada evaluaba darle &#8220;mayor volumen pol\u00edtico&#8221; al lanzamiento, con la posibilidad de que Karina Milei viajara a la provincia, hasta sin descartar una eventual presencia del propio presidente Javier Milei. Nada de eso ocurri\u00f3. <strong>El resultado fue un acto de impronta m\u00e1s provincial que nacional, en contraste con la centralidad que la conducci\u00f3n libertaria le hab\u00eda dado, meses atr\u00e1s, a otros desembarcos en Tucum\u00e1n.<\/strong><\/p>\n<\/p><\/div>\n<div id>\n<p id=\"p-1788209331791-18276\"> Con este acto, Catal\u00e1n se convirti\u00f3, adem\u00e1s, en el primer candidato a gobernador que LLA formaliza a nivel nacional de cara a 2027, un dato que el propio armado tucumano busc\u00f3 capitalizar pero que se desinfl\u00f3 por el faltazo de referencias de Balcarce 50.<\/p>\n<\/div>\n<div id>\n<h2 id=\"p-1788209331791-49727\">Dos lecturas<\/h2>\n<p id=\"p-1788209331791-80068\">Sobre las ausencias y por consultas de este medio, se desprenden dos hip\u00f3tesis que circulan en los pasillos de la pol\u00edtica tucumana. <strong>La primera lectura sostiene que el propio Lisandro Catal\u00e1n decidi\u00f3 no esperar el desenlace de las conversaciones que la Casa Rosada mantiene con el PRO y con sectores de la UCR de cara a 2027.<\/strong> Bajo esta premisa, el miembro del Directorio de YPF prefiri\u00f3 instalar su candidatura como un hecho consumado, antes de que esas negociaciones nacionales terminaran empujando a otro nombre o que debiera someterse a una PASO.<\/p>\n<p id=\"p-1788209331791-47628\"><strong>La segunda lectura asevera que desde la Casa Rosada se decidi\u00f3 no darle mayor volumen pol\u00edtico al acto por una doble raz\u00f3n.<\/strong> Por un lado, el Gobierno necesita los votos del bloque del gobernador Osvaldo Jaldo en el Congreso, y un espaldarazo demasiado visible podr\u00eda tensionar el v\u00ednculo con el mandatario peronista antes de tiempo. Por otro, empieza a tomar forma la idea de que, de cara a 2027, La Libertad Avanza presentar\u00eda candidaturas &#8220;de baja intensidad&#8221; en provincias en donde mandan gobernadores dialoguistas, para no forzar una ruptura y sostener puentes de gobernabilidad. Un esquema que, seg\u00fan esta lectura, podr\u00eda repetirse en Salta frente a Gustavo S\u00e1enz.<\/p>\n<h2 id=\"p-1788209331791-26865\">Un activo con nombre y apellido<\/h2>\n<p id=\"p-1788209331791-39026\"><strong>Hubo un respaldo que s\u00ed jug\u00f3 a favor de Catal\u00e1n y fue la presencia de Alejandro Molinuevo, intendente de Concepci\u00f3n y hermano de la diputada nacional libertaria Soledad Molinuevo, electa en octubre de 2025.<\/strong> Su acompa\u00f1amiento no es un dato menor puertas adentro del armado en el sur tucumano, en donde LLA busca consolidar territorio propio.<\/p>\n<div class=\"embed_cont type_freetext\" id=\"embed3675_wrap\" data-provider=\"Twitter\">\n<div id=\"embed3675_content\" class=\"embed_content\">\n<div id=\"embed3675_embed\">\n<blockquote data-td-script-src=\"https:\/\/platform.x.com\/widgets.js\" class=\"twitter-tweet\">\n<p id=\"p-1788209826425-17808\" dir=\"ltr\" lang=\"es\">Con Lisandro Catal\u00e1n compartimos una misma convicci\u00f3n: Tucum\u00e1n merece mucho m\u00e1s. Es tiempo de recuperar una provincia con trabajo, producci\u00f3n, oportunidades y futuro. Cada vez somos m\u00e1s los que creemos que el cambio es posible. <a href=\"https:\/\/x.com\/hashtag\/RecuperemosTucum%C3%A1n?src=hash&amp;ref_src=twsrc%5Etfw\">#RecuperemosTucum\u00e1n<\/a> <a href=\"https:\/\/x.com\/hashtag\/Tucum%C3%A1n?src=hash&amp;ref_src=twsrc%5Etfw\">#Tucum\u00e1n<\/a> <a href=\"https:\/\/t.co\/TMw2iR5D7b\">pic.twitter.com\/TMw2iR5D7b<\/a><\/p>\n<p> \u2014 Alejandro Molinuevo (@CacoMolinuevo2) <a href=\"https:\/\/x.com\/CacoMolinuevo2\/status\/2080812581258698983?ref_src=twsrc%5Etfw\">July 25, 2026<\/a><\/p><\/blockquote>\n<\/div><\/div><\/div>\n<p id=\"p-1788209331791-7880\">La foto, sin embargo, abre un frente de tensi\u00f3n hacia adelante porque pone en una encrucijada al dirigente radical <strong>Roberto S\u00e1nchez<\/strong>, exintendente de Concepci\u00f3n y exdiputado nacional, que tuvo al propio Molinuevo como parte de su gabinete cuando gobernaba el municipio. S\u00e1nchez, conocido tambi\u00e9n por su carrera como corredor de Turismo Nacional y quien goza de una buena imagen, aspirar\u00eda a recuperar la intendencia, de la mano del radicalismo, mientras que Molinuevo ir\u00eda por la reelecci\u00f3n con el sello de LLA. El resultado ser\u00eda un choque directo entre dos dirigentes que supieron compartir gesti\u00f3n y que en 2027 podr\u00edan disputarse el mismo sill\u00f3n desde veredas partidarias opuestas.<\/p>\n<h2 id=\"p-1788209331791-60201\">La sombra de Campero<\/h2>\n<p id=\"p-1788209331791-2260\">A esas lecturas se le suma una tercera, que empieza a circular puertas adentro del propio espacio libertario en Tucum\u00e1n. <strong>Dos fuentes de LLA provincial, consultadas por \u00c1mbito, deslizaron que el propio armado de Catal\u00e1n cometi\u00f3 un error de c\u00e1lculo al no haber cerrado, en su momento, alg\u00fan tipo de entendimiento con el diputado nacional Mariano Campero<\/strong>, el radical peluca que hoy conduce su partido Cambia Tucum\u00e1n y de buena relaci\u00f3n con la senadora nacional <strong>Patricia Bullrich<\/strong>.<\/p>\n<p id=\"p-1788209331791-47786\">La relaci\u00f3n con Campero no es un dato menor porque fue desde su espacio, <a href=\"https:\/\/www.ambito.com\/ambito-nacional\/tucuman-las-denuncias-contra-lisandro-catalan-y-federico-pelli-falsificacion-domicilios-sacuden-la-oposicion-n6315192\" target=\"_blank\" rel=\"follow noopener\">como lo cont\u00f3 este medio<\/a>, que se impuls\u00f3 la denuncia judicial que cuestiona el domicilio electoral de Catal\u00e1n -tambi\u00e9n el del diputado nacional Federico Pelli, candidato libertario a intendente de Yerba Buena\u2014, se\u00f1alando que ninguno de los dos reside efectivamente en donde dicen residir para poder competir.<\/p>\n<p id=\"p-1788209331791-17879\"><strong>Esta pelea a cielo abierto con Campero no solo le sum\u00f3 un frente judicial a Catal\u00e1n, sino que tambi\u00e9n habr\u00eda jugado en contra a la hora de conseguir un espaldarazo nacional m\u00e1s visible<\/strong>, porque si dirigentes del &#8220;tri\u00e1ngulo de hierro&#8221; -empezando por Karina Milei- se hubieran mostrado en el lanzamiento, cualquier posibilidad de tender puentes con Campero habr\u00eda quedado dinamitada. Y al Gobierno, sostienen estas fuentes, ese di\u00e1logo le resulta funcional, dado que el diputado forma parte del bloque de LLA en el Congreso y su voto es un activo que la Casa Rosada no est\u00e1 dispuesta a resignar por una foto de campa\u00f1a provincial.<\/p>\n<\/p><\/div>\n","protected":false},"excerpt":{"rendered":"<p>El abogado Lisandro Catal\u00e1n formaliz\u00f3 su candidatura a gobernador de Tucum\u00e1n para 2027, en un acto que se realiz\u00f3 en un hotel frente al Parque 9 de Julio ante unas 900 personas. El presidente de La Libertad Avanza en la provincia y exministro del Interior aprovech\u00f3 la ocasi\u00f3n para presentar un boceto de su plan [&hellip;]<\/p>\n","protected":false},"author":1,"featured_media":55213,"comment_status":"closed","ping_status":"closed","sticky":false,"template":"","format":"standard","meta":{"om_disable_all_campaigns":false,"_monsterinsights_skip_tracking":false,"_monsterinsights_sitenote_active":false,"_monsterinsights_sitenote_note":"","_monsterinsights_sitenote_category":0},"categories":[3],"tags":[],"aioseo_notices":[],"_links":{"self":[{"href":"https:\/\/cordobapolitica.com\/index.php?rest_route=\/wp\/v2\/posts\/55212"}],"collection":[{"href":"https:\/\/cordobapolitica.com\/index.php?rest_route=\/wp\/v2\/posts"}],"about":[{"href":"https:\/\/cordobapolitica.com\/index.php?rest_route=\/wp\/v2\/types\/post"}],"author":[{"embeddable":true,"href":"https:\/\/cordobapolitica.com\/index.php?rest_route=\/wp\/v2\/users\/1"}],"replies":[{"embeddable":true,"href":"https:\/\/cordobapolitica.com\/index.php?rest_route=%2Fwp%2Fv2%2Fcomments&post=55212"}],"version-history":[{"count":0,"href":"https:\/\/cordobapolitica.com\/index.php?rest_route=\/wp\/v2\/posts\/55212\/revisions"}],"wp:featuredmedia":[{"embeddable":true,"href":"https:\/\/cordobapolitica.com\/index.php?rest_route=\/wp\/v2\/media\/55213"}],"wp:attachment":[{"href":"https:\/\/cordobapolitica.com\/index.php?rest_route=%2Fwp%2Fv2%2Fmedia&parent=55212"}],"wp:term":[{"taxonomy":"category","embeddable":true,"href":"https:\/\/cordobapolitica.com\/index.php?rest_route=%2Fwp%2Fv2%2Fcategories&post=55212"},{"taxonomy":"post_tag","embeddable":true,"href":"https:\/\/cordobapolitica.com\/index.php?rest_route=%2Fwp%2Fv2%2Ftags&post=55212"}],"curies":[{"name":"wp","href":"https:\/\/api.w.org\/{rel}","templated":true}]}}