{"id":55198,"date":"2026-08-31T14:30:46","date_gmt":"2026-08-31T14:30:46","guid":{"rendered":"http:\/\/fa4ee3dee621153874095f24ab59a5bf"},"modified":"2026-08-31T14:30:46","modified_gmt":"2026-08-31T14:30:46","slug":"la-morosidad-volvio-a-subir-en-julio-pero-el-gobierno-dice-que-es-insignificante","status":"publish","type":"post","link":"https:\/\/cordobapolitica.com\/?p=55198","title":{"rendered":"La morosidad volvi\u00f3 a subir en julio, pero el gobierno dice que es &#8220;insignificante&#8221;"},"content":{"rendered":"<p><img src=\"http:\/\/cordobapolitica.com\/wp-content\/uploads\/2026\/08\/la-morosidad-volvio-a-subir-en-julio-pero-el-gobierno-dice-que-es-insignificante.jpg\"><\/p>\n<div><img src=\"http:\/\/cordobapolitica.com\/wp-content\/uploads\/2026\/08\/la-morosidad-volvio-a-subir-en-julio-pero-el-gobierno-dice-que-es-insignificante-2.jpg\" class=\"ff-og-image-inserted\"><\/div>\n<p>El endeudamiento de las familias argentinas volvi\u00f3 a crecer en julio, pero el oficialismo sigue diciendo que es algo &#8220;insignificante&#8221; y <a href=\"https:\/\/www.lapoliticaonline.com\/congreso\/maniobra-de-menem-para-desbaratar-la-sesion-opositora-de-endeudamiento-con-billeteras-virtuales-2430\/\" target=\"_blank\" rel=\"noopener\">boicotea<\/a> los proyectos de la oposici\u00f3n para establecer alg\u00fan tipo de salvataje. Mientras tanto, la Iglesia Cat\u00f3lica lanz\u00f3 un fuerte reclamo para que&nbsp;el gobierno de los Milei d\u00e9 alguna respuesta a esta problem\u00e1tica de millones de personas.<\/p>\n<p>Un informe de la consultora 1816,&nbsp;en base a datos de la Central de Deudores del Banco Central (CENDEU), revel\u00f3 que despu\u00e9s de un leve retroceso en junio la morosidad total del sector privado trep\u00f3&nbsp;a 7,73% en julio (desde 7,63%). Entre las empresas la mora&nbsp;subi\u00f3 del 3,50% al 3,61%.<\/p>\n<p>Pero el problema m\u00e1s serio es el aumento del nivel de endeudamiento de las familias. En junio, la mora afectaba al 12,77% y ahora salt\u00f3 al 12,94%. Las deudas de las familias aumentaron&nbsp;en 23 de las 30 principales entidades.&nbsp;<\/p>\n<p>Se estima que hay casi 6 millones de personas con atrasos de m\u00e1s de 90 d\u00edas sobre un padr\u00f3n de 20,8 millones de deudores. Hace menos de dos a\u00f1os, en octubre del 2024, la tasa de morosidad era de 2,5%.<\/p>\n<p>El problema es mucho m\u00e1s serio en billeteras virtuales como Mercado Pago y entidades no tradicionales, donde la&nbsp;tasa de morosidad trep\u00f3 al 33,69%.<\/p>\n<p><a href=\"https:\/\/www.lapoliticaonline.com\/tools\/redirect.php?t=3&amp;i=355045&amp;s=a6ed8f310f3dcc3b210fcce1d4f4892d\" target=\"_blank\" class=\"link-type-content content-type-noticia-ar\" rel=\"noopener\">Menem sale al rescate de Galper\u00edn y busca boicotear la sesi\u00f3n contra la usura de la Mercado Pago<\/a><\/p>\n<p>La noticia sale a la luz mientras el oficialismo se esfuerza en bloquear los proyectos de la oposici\u00f3n para aliviar a los endeudados. Como explic\u00f3 LPO, Mart\u00edn Menem hizo una jugada para demorar el debate despu\u00e9s de que la oposici\u00f3n reuniera la semana pasada a 133 diputados dispuestos a avanzar con las iniciativas.<\/p>\n<p>El propio Menem le rest\u00f3 importancia este lunes al tema al decir que existe &#8220;un poco de mora&#8221; debido a la suba de tasas. &#8220;En t\u00e9rminos de PBI es insignificante, la mayor\u00eda son montos peque\u00f1os&#8221;, dijo el riojano en una entrevista con Ignacio Ortelli en radio Rivadavia.<\/p>\n<p>Menem dijo que la morosidad&nbsp;&#8220;ya empez\u00f3 a bajar&#8221;, un dato que contrasta con el informe de la consultora que mostr\u00f3 un crecimiento en julio.&nbsp;&#8220;No creemos que sea necesario que el Estado intervenga&#8221;, reiter\u00f3 el presidente de la C\u00e1mara de Diputados.<\/p>\n<p class=\"authorquote\">En junio, el endeudamiento de las familias afectaba al 12,77% y ahora salt\u00f3 al 12,94%&nbsp;El problema es mucho m\u00e1s serio en billeteras virtuales como Mercado Pago y entidades no tradicionales, donde la tasa de morosidad trep\u00f3 al 33,69%<\/p>\n<p>La negativa del gobierno a hacer algo frente a esta problem\u00e1tica gener\u00f3 un fuerte reclamo de la Iglesia Cat\u00f3lica, justo en momentos en que se prepara la visita del Papa a la Argentina.<\/p>\n<p>El titular de la Conferencia Episcopal Argentina, monse\u00f1or Marcelo Colombo,&nbsp;reclam\u00f3 alg\u00fan tipo de intervenci\u00f3n frente a &#8220;deudas leoninas&#8221;.&nbsp;&#8220;Alguna soluci\u00f3n tiene que haber en cuanto al menos poner criterios en la contracci\u00f3n de las deudas o buscar la forma de discutir cu\u00e1nto del monto del sueldo de alguien se puede gastar&#8221;, sostuvo Colombo.<\/p>\n<p>&#8220;Lo que no se puede es tener una mirada superficial, ni menos decir: \u2018No nos interesa o que se arreglen'&#8221;, agreg\u00f3 el titular de la CEA en una referencia directa a las declaraciones del propio Milei, que dijo que es un problema entre privados.<\/p>\n","protected":false},"excerpt":{"rendered":"<p>El endeudamiento de las familias argentinas volvi\u00f3 a crecer en julio, pero el oficialismo sigue diciendo que es algo &#8220;insignificante&#8221; y boicotea los proyectos de la oposici\u00f3n para establecer alg\u00fan tipo de salvataje. Mientras tanto, la Iglesia Cat\u00f3lica lanz\u00f3 un fuerte reclamo para que&nbsp;el gobierno de los Milei d\u00e9 alguna respuesta a esta problem\u00e1tica de [&hellip;]<\/p>\n","protected":false},"author":1,"featured_media":55199,"comment_status":"closed","ping_status":"closed","sticky":false,"template":"","format":"standard","meta":{"om_disable_all_campaigns":false,"_monsterinsights_skip_tracking":false,"_monsterinsights_sitenote_active":false,"_monsterinsights_sitenote_note":"","_monsterinsights_sitenote_category":0},"categories":[30],"tags":[],"aioseo_notices":[],"_links":{"self":[{"href":"https:\/\/cordobapolitica.com\/index.php?rest_route=\/wp\/v2\/posts\/55198"}],"collection":[{"href":"https:\/\/cordobapolitica.com\/index.php?rest_route=\/wp\/v2\/posts"}],"about":[{"href":"https:\/\/cordobapolitica.com\/index.php?rest_route=\/wp\/v2\/types\/post"}],"author":[{"embeddable":true,"href":"https:\/\/cordobapolitica.com\/index.php?rest_route=\/wp\/v2\/users\/1"}],"replies":[{"embeddable":true,"href":"https:\/\/cordobapolitica.com\/index.php?rest_route=%2Fwp%2Fv2%2Fcomments&post=55198"}],"version-history":[{"count":0,"href":"https:\/\/cordobapolitica.com\/index.php?rest_route=\/wp\/v2\/posts\/55198\/revisions"}],"wp:featuredmedia":[{"embeddable":true,"href":"https:\/\/cordobapolitica.com\/index.php?rest_route=\/wp\/v2\/media\/55199"}],"wp:attachment":[{"href":"https:\/\/cordobapolitica.com\/index.php?rest_route=%2Fwp%2Fv2%2Fmedia&parent=55198"}],"wp:term":[{"taxonomy":"category","embeddable":true,"href":"https:\/\/cordobapolitica.com\/index.php?rest_route=%2Fwp%2Fv2%2Fcategories&post=55198"},{"taxonomy":"post_tag","embeddable":true,"href":"https:\/\/cordobapolitica.com\/index.php?rest_route=%2Fwp%2Fv2%2Ftags&post=55198"}],"curies":[{"name":"wp","href":"https:\/\/api.w.org\/{rel}","templated":true}]}}