{"id":55149,"date":"2026-08-29T22:39:46","date_gmt":"2026-08-29T22:39:46","guid":{"rendered":"http:\/\/cdec2d2afc65648466d556f064b38f87"},"modified":"2026-08-29T22:39:46","modified_gmt":"2026-08-29T22:39:46","slug":"milei-ya-es-el-presidente-con-mas-pliegos-de-jueces-aprobados-en-un-ano","status":"publish","type":"post","link":"https:\/\/cordobapolitica.com\/?p=55149","title":{"rendered":"Milei ya es el presidente con m\u00e1s pliegos de jueces aprobados en un a\u00f1o"},"content":{"rendered":"<p><img src=\"http:\/\/cordobapolitica.com\/wp-content\/uploads\/2026\/08\/milei-ya-es-el-presidente-con-mas-pliegos-de-jueces-aprobados-en-un-ano.jpg\"><\/p>\n<div><img src=\"http:\/\/cordobapolitica.com\/wp-content\/uploads\/2026\/08\/milei-ya-es-el-presidente-con-mas-pliegos-de-jueces-aprobados-en-un-ano-2.jpg\" class=\"ff-og-image-inserted\"><\/div>\n<p>Javier Milei puede convertirse en el presidente con mayor cantidad de jueces nombrados por a\u00f1o en los \u00faltimos 40 a\u00f1os. En 2026 ya logr\u00f3 aprobar 81 pliegos y podr\u00eda llegar a los 150.<\/p>\n<p>Juan Bautista Mahiques asumi\u00f3 en marzo de 2026 en el pico de tensi\u00f3n entre Karina y Santiago Caputo, que promov\u00eda a Guillermo Montenegro. Los avances de la causa por las coimas en Discapacidad y el frente que se abri\u00f3 contra Adorni por sus gastos injustificables dejaron al ministro de Justicia contra las cuerdas.<\/p>\n<p>Sin embargo, Mahiques se convirti\u00f3 en el ministro con m\u00e1s nombramientos de jueces tras la vuelta de la democracia. Y con solo cinco meses de gesti\u00f3n, podr\u00eda convertir a Milei en el presidente que m\u00e1s jueces nacionales y federales nombr\u00f3 en promedio anual.<\/p>\n<p>Entre los nombres m\u00e1s importantes est\u00e1n los de Pablo Bertuzzi y Pablo Yadarola para la Sala I de la C\u00e1mara Federal y la extensi\u00f3n por cinco a\u00f1os del nombramiento de su padre Carlos Alberto en C\u00e1mara Federal de Casaci\u00f3n.<\/p>\n<p><a href=\"https:\/\/www.lapoliticaonline.com\/tools\/redirect.php?t=3&amp;i=354903&amp;s=1f517e3de3fab772954bc14c1d414dd9\" target=\"_blank\" class=\"link-type-content content-type-noticia-ar\" rel=\"noopener\">Los senadores peronistas votaron al juez de Lago Escondido: &#8220;no nos queremos pelear m\u00e1s con los jueces&#8221;<\/a><\/p>\n<p>Menem con 37,8, Kirchner con 44,5, Macri con 45 y Cristina con 46 en promedio fueron quienes tuvieron mejores n\u00fameros. Si logra aprobar los 150 pliegos de jueces que envi\u00f3 al Congreso, Milei quedar\u00e1 con un promedio de 37,5 con un a\u00f1o de mandato por delante.<\/p>\n<p>Hasta ahora, es el presidente con mayor n\u00famero de pliegos aprobados en un a\u00f1o con 81 vacantes y otros 69 pliegos por tratar. Adem\u00e1s, el gobierno aspira a cubrir una cuarta parte de las vacantes del Ministerio p\u00fablico fiscal y casi un tercio de las vacantes del Ministerio P\u00fablico de la Defensa.<\/p>\n<p>Al comienzo de la gesti\u00f3n libertaria hab\u00eda 568 vacantes entre jueces, fiscales y defensores sobre 1640 cargos totales. De ese n\u00famero, en 2026, el gobierno envi\u00f3 214 pliegos, una cifra que implica la reducci\u00f3n de 35 a 25% de la vacancia judicial.&nbsp;<\/p>\n","protected":false},"excerpt":{"rendered":"<p>Javier Milei puede convertirse en el presidente con mayor cantidad de jueces nombrados por a\u00f1o en los \u00faltimos 40 a\u00f1os. En 2026 ya logr\u00f3 aprobar 81 pliegos y podr\u00eda llegar a los 150. Juan Bautista Mahiques asumi\u00f3 en marzo de 2026 en el pico de tensi\u00f3n entre Karina y Santiago Caputo, que promov\u00eda a Guillermo [&hellip;]<\/p>\n","protected":false},"author":1,"featured_media":55150,"comment_status":"closed","ping_status":"closed","sticky":false,"template":"","format":"standard","meta":{"om_disable_all_campaigns":false,"_monsterinsights_skip_tracking":false,"_monsterinsights_sitenote_active":false,"_monsterinsights_sitenote_note":"","_monsterinsights_sitenote_category":0},"categories":[30],"tags":[],"aioseo_notices":[],"_links":{"self":[{"href":"https:\/\/cordobapolitica.com\/index.php?rest_route=\/wp\/v2\/posts\/55149"}],"collection":[{"href":"https:\/\/cordobapolitica.com\/index.php?rest_route=\/wp\/v2\/posts"}],"about":[{"href":"https:\/\/cordobapolitica.com\/index.php?rest_route=\/wp\/v2\/types\/post"}],"author":[{"embeddable":true,"href":"https:\/\/cordobapolitica.com\/index.php?rest_route=\/wp\/v2\/users\/1"}],"replies":[{"embeddable":true,"href":"https:\/\/cordobapolitica.com\/index.php?rest_route=%2Fwp%2Fv2%2Fcomments&post=55149"}],"version-history":[{"count":0,"href":"https:\/\/cordobapolitica.com\/index.php?rest_route=\/wp\/v2\/posts\/55149\/revisions"}],"wp:featuredmedia":[{"embeddable":true,"href":"https:\/\/cordobapolitica.com\/index.php?rest_route=\/wp\/v2\/media\/55150"}],"wp:attachment":[{"href":"https:\/\/cordobapolitica.com\/index.php?rest_route=%2Fwp%2Fv2%2Fmedia&parent=55149"}],"wp:term":[{"taxonomy":"category","embeddable":true,"href":"https:\/\/cordobapolitica.com\/index.php?rest_route=%2Fwp%2Fv2%2Fcategories&post=55149"},{"taxonomy":"post_tag","embeddable":true,"href":"https:\/\/cordobapolitica.com\/index.php?rest_route=%2Fwp%2Fv2%2Ftags&post=55149"}],"curies":[{"name":"wp","href":"https:\/\/api.w.org\/{rel}","templated":true}]}}