{"id":54994,"date":"2026-08-26T21:54:00","date_gmt":"2026-08-26T21:54:00","guid":{"rendered":"https:\/\/www.ambito.com\/c6315192"},"modified":"2026-08-26T21:54:00","modified_gmt":"2026-08-26T21:54:00","slug":"tucuman-las-denuncias-contra-lisandro-catalan-y-federico-pelli-por-falsificacion-de-domicilios-sacuden-a-la-oposicion","status":"publish","type":"post","link":"https:\/\/cordobapolitica.com\/?p=54994","title":{"rendered":"Tucum\u00e1n: las denuncias contra Lisandro Catal\u00e1n y Federico Pelli por falsificaci\u00f3n de domicilios sacuden a la oposici\u00f3n"},"content":{"rendered":"<div><img src=\"http:\/\/cordobapolitica.com\/wp-content\/uploads\/2026\/08\/tucuman-las-denuncias-contra-lisandro-catalan-y-federico-pelli-por-falsificacion-de-domicilios-sacuden-a-la-oposicion.jpg\" class=\"ff-og-image-inserted\"><\/div>\n<div id>\n<p id=\"p-1787777710530-14444\">El concejal de Yerba Buena <strong>Mauricio Argir\u00f3<\/strong> present\u00f3 una <strong>denuncia penal contra el diputado nacional Federico Pelli y el titular de La Libertad Avanza en Tucum\u00e1n, Lisandro Catal\u00e1n<\/strong>, por presunta <strong>falsificaci\u00f3n de domicilios con fines electorales.<\/strong> La causa, que tambi\u00e9n pide investigar a funcionarios del Registro Nacional de las Personas (Renaper), <a href=\"https:\/\/www.ambito.com\/ambito-nacional\/sandra-pettovello-salta-el-que-maltrate-al-gobernador-se-la-va-tener-que-ver-conmigo-n6314277\" target=\"_blank\" rel=\"follow noopener\">qued\u00f3 radicada ante la Justicia Federal<\/a> con competencia electoral y expuso al desnudo la interna que atraviesa a la oposici\u00f3n provincial de cara a 2027.<\/p>\n<\/div>\n<div id>\n<p id=\"p-1787777710530-29005\">La presentaci\u00f3n acusa a los dirigentes libertarios de haber asentado domicilios que no se corresponden con su residencia real, con el prop\u00f3sito de cumplir con los requisitos legales para eventuales candidaturas.<\/p>\n<\/div>\n<div id>\n<p id=\"p-1787780828696-77341\"> <strong>En el caso de Pelli, quien aspira a la intendencia de Yerba Buena, el escrito detalla que el legislador realiz\u00f3 dos modificaciones sucesivas de domicilio en menos de 72 horas, el 3 y el 6 de julio de 2026,<\/strong> hasta registrar como direcci\u00f3n final una galer\u00eda comercial y de oficinas sobre avenida Aconquija. Seg\u00fan Argir\u00f3, el propio Pelli habr\u00eda reconocido en p\u00fablico que, en realidad, no vive all\u00ed sino en el barrio privado Alto Verde II, en la comuna de Cebil Redondo. Como respaldo, la denuncia incorpor\u00f3 una entrevista del 28 de julio en la que el diputado hab\u00eda afirmado: &#8220;Tengo domicilio en Yerba Buena y pretendo ser candidato a intendente&#8221;.<\/p>\n<\/div>\n<div id>\n<p id=\"p-1787777710530-68846\">Sobre Catal\u00e1n, exministro del Interior de Javier Milei y hoy director de YPF, el planteo apunta a un domicilio declarado en calle Italia al 700, en San Miguel de <strong>Tucum\u00e1n. Se trata de un inmueble registrado a nombre de un tercero que funcionar\u00eda como sede partidaria de LLA, mientras que su residencia efectiva estar\u00eda en el barrio cerrado Las Acacias de Bella Vista, partido de San Mart\u00edn, provincia de Buenos Aires. <\/strong>La causa tambi\u00e9n busca establecer si Catal\u00e1n, que encabez\u00f3 el ministerio del que depende el Renaper, pudo facilitar irregularidades en los tr\u00e1mites cuestionados.<\/p>\n<\/div>\n<div id>\n<h2 id=\"p-1787777710530-92213\">Una interna que escala<\/h2>\n<p id=\"p-1787777710530-28778\">La controversia ven\u00eda escalando desde antes, con cuestionamientos p\u00fablicos del diputado <strong>Mariano Campero<\/strong> hacia los dos dirigentes libertarios, en especial sobre Pelli, a quien hab\u00eda acusado de mentir sobre su residencia.<\/p>\n<\/div>\n<div id>\n<p id=\"p-1787780856735-95764\">Adem\u00e1s, la presentaci\u00f3n judicial fue impulsada por el concejal de Yerba Buena Mauricio Argir\u00f3, quien fue funcionario del gabinete cuando el &#8220;radical peluca&#8221; Campero fungi\u00f3 de intendente, lo que convierte al episodio en un cap\u00edtulo m\u00e1s de la puja por el liderazgo libertario tucumano, a nueve meses de las elecciones provinciales previstas para el 9 de mayo de 2027.<\/p>\n<p id=\"p-1787777710530-54944\"><strong>Catal\u00e1n no dej\u00f3 pasar la denuncia y hace unos d\u00edas, en una conferencia de prensa, apunt\u00f3 contra el concejal Argir\u00f3 y, sobre todo, contra quienes lo respaldan. Junto a Pelli, rechaz\u00f3 de plano las acusaciones y atribuy\u00f3 la ofensiva judicial a una maniobra pol\u00edtica impulsada desde el sector de Campero. <\/strong>Catal\u00e1n, adem\u00e1s, responsabiliz\u00f3 al diputado nacional por promover una estrategia para debilitar al espacio libertario provincial, al tiempo que -seg\u00fan otras versiones- acus\u00f3 a sus adversarios de ser funcionales al oficialismo tucumano que conduce el gobernador Osvaldo Jaldo.<\/p>\n<h2 id=\"p-1787777710530-29577\">Un cortocircuito de larga data<\/h2>\n<p id=\"p-1787777710530-46864\"><strong>La pelea entre Catal\u00e1n y Campero viene de antes de el actual cortocircuito y tiene origen cuando la secretaria General de la Presidencia, Karina Milei, le entreg\u00f3 a Catal\u00e1n la conducci\u00f3n formal del partido libertario en Tucum\u00e1n y lo empoder\u00f3 como el armador provincial del espacio<\/strong>, en un movimiento que dej\u00f3 a Campero -quien pretend\u00eda erigirse como la referencia libertaria tucumana- corrido de ese lugar. Desde entonces, el diputado nacional que hab\u00eda llegado al Congreso en 2023 dentro de Juntos por el Cambio, qued\u00f3 afuera de la estructura partidaria. Es m\u00e1s, en una entrevista Catal\u00e1n remarc\u00f3 que Campero &#8220;no forma parte de La Libertad Avanza Tucum\u00e1n&#8221; y que utiliz\u00f3 de manera &#8220;indebida y oportunista&#8221; los s\u00edmbolos del espacio violeta.<\/p>\n<div class=\"embed_cont type_freetext\" id=\"embed5203_wrap\" data-provider=\"Twitter\">\n<div id=\"embed5203_content\" class=\"embed_content\">\n<div id=\"embed5203_embed\">\n<blockquote data-td-script-src=\"https:\/\/platform.x.com\/widgets.js\" class=\"twitter-tweet\">\n<p id=\"p-1787778221357-98632\" dir=\"ltr\" lang=\"es\">Tras la convocatoria a elecciones para 2027 en Tucum\u00e1n, me reun\u00ed con la secretaria general de la Presidencia y presidente de La Libertad Avanza, <a href=\"https:\/\/x.com\/KarinaMileiOk?ref_src=twsrc%5Etfw\">@KarinaMileiOk<\/a> , y con <a href=\"https:\/\/x.com\/Lulemenem?ref_src=twsrc%5Etfw\">@Lulemenem<\/a> , para conversar a sobre la estrategia electoral de cara a las elecciones provinciales de 2027.<br \/>Estoy\u2026 <a href=\"https:\/\/t.co\/dTjbd4kAqB\">pic.twitter.com\/dTjbd4kAqB<\/a><\/p>\n<p> \u2014 Lisandro Catal\u00e1n (@catalanlisandro) <a href=\"https:\/\/x.com\/catalanlisandro\/status\/2083287090196775114?ref_src=twsrc%5Etfw\">July 31, 2026<\/a><\/p><\/blockquote>\n<\/div><\/div><\/div>\n<p id=\"p-1787777710530-16177\"><strong> Campero no resign\u00f3 sus aspiraciones y busc\u00f3 construir una alternativa propia dentro del universo libertario, apoyado en su v\u00ednculo con la senadora Patricia Bullrich,<\/strong> mientras Catal\u00e1n intent\u00f3 sostener el control del sello provincial en un contexto en el que, seg\u00fan trascendi\u00f3, ni siquiera contaba con una definici\u00f3n p\u00fablica clara de la conducci\u00f3n nacional respecto de la estrategia electoral en Tucum\u00e1n. En ese marco de tensi\u00f3n, con di\u00e1logos frustrados para una eventual alianza de cara a 2027, la denuncia por los domicilios truchos de Catal\u00e1n y Pelli se lee como un cap\u00edtulo m\u00e1s de un enfrentamiento que ya lleva meses.<\/p>\n<p id=\"p-1787777710530-67325\">Ese malestar no es exclusivo de Campero. Se replica en los radicales de Yerba Buena y Concepci\u00f3n, dos municipios tucumanos gobernados por la UCR y que integran, junto al espacio de Campero, ese sector del radicalismo que se fue acercando al mile\u00edsmo. All\u00ed la queja de fondo pasa, por otro lado, porque lejos de convalidar alg\u00fan tipo de convivencia territorial que hubiera permitido construir una alianza opositora s\u00f3lida para enfrentar al peronismo de Jaldo en 2027, LLA avanza con la intenci\u00f3n de plantarles candidaturas propias y competitivas en esos distritos, incluida la candidatura de Pelli a la intendencia de Yerba Buena que motiv\u00f3 buena parte de la denuncia de Argir\u00f3.<\/p>\n<p id=\"p-1787780884541-36490\"><strong>Ese desembarco libertario sobre bastiones radicales, en lugar de un esquema de coalici\u00f3n que respetara a esas intendencias, es le\u00eddo por dirigentes de la UCR local como una jugada que busca correrlos del tablero antes que sumarlos<\/strong>, y alimenta la desconfianza hacia Catal\u00e1n en momentos en que la oposici\u00f3n tucumana necesitar\u00eda, m\u00e1s que nunca, presentarse unida.<\/p>\n<p id=\"p-1787777710530-54171\">La causa qued\u00f3 ahora en manos de la Justicia Federal electoral, que deber\u00e1 determinar si los cambios de domicilio respondieron a mudanzas reales o si se trat\u00f3, como sostiene la denuncia, de una &#8220;apariencia documental&#8221; construida para cumplir con el requisito de residencia exigido a los candidatos.<\/p>\n<\/p><\/div>\n","protected":false},"excerpt":{"rendered":"<p>El concejal de Yerba Buena Mauricio Argir\u00f3 present\u00f3 una denuncia penal contra el diputado nacional Federico Pelli y el titular de La Libertad Avanza en Tucum\u00e1n, Lisandro Catal\u00e1n, por presunta falsificaci\u00f3n de domicilios con fines electorales. La causa, que tambi\u00e9n pide investigar a funcionarios del Registro Nacional de las Personas (Renaper), qued\u00f3 radicada ante la [&hellip;]<\/p>\n","protected":false},"author":1,"featured_media":54995,"comment_status":"closed","ping_status":"closed","sticky":false,"template":"","format":"standard","meta":{"om_disable_all_campaigns":false,"_monsterinsights_skip_tracking":false,"_monsterinsights_sitenote_active":false,"_monsterinsights_sitenote_note":"","_monsterinsights_sitenote_category":0},"categories":[3],"tags":[],"aioseo_notices":[],"_links":{"self":[{"href":"https:\/\/cordobapolitica.com\/index.php?rest_route=\/wp\/v2\/posts\/54994"}],"collection":[{"href":"https:\/\/cordobapolitica.com\/index.php?rest_route=\/wp\/v2\/posts"}],"about":[{"href":"https:\/\/cordobapolitica.com\/index.php?rest_route=\/wp\/v2\/types\/post"}],"author":[{"embeddable":true,"href":"https:\/\/cordobapolitica.com\/index.php?rest_route=\/wp\/v2\/users\/1"}],"replies":[{"embeddable":true,"href":"https:\/\/cordobapolitica.com\/index.php?rest_route=%2Fwp%2Fv2%2Fcomments&post=54994"}],"version-history":[{"count":0,"href":"https:\/\/cordobapolitica.com\/index.php?rest_route=\/wp\/v2\/posts\/54994\/revisions"}],"wp:featuredmedia":[{"embeddable":true,"href":"https:\/\/cordobapolitica.com\/index.php?rest_route=\/wp\/v2\/media\/54995"}],"wp:attachment":[{"href":"https:\/\/cordobapolitica.com\/index.php?rest_route=%2Fwp%2Fv2%2Fmedia&parent=54994"}],"wp:term":[{"taxonomy":"category","embeddable":true,"href":"https:\/\/cordobapolitica.com\/index.php?rest_route=%2Fwp%2Fv2%2Fcategories&post=54994"},{"taxonomy":"post_tag","embeddable":true,"href":"https:\/\/cordobapolitica.com\/index.php?rest_route=%2Fwp%2Fv2%2Ftags&post=54994"}],"curies":[{"name":"wp","href":"https:\/\/api.w.org\/{rel}","templated":true}]}}