{"id":50348,"date":"2026-05-01T22:44:48","date_gmt":"2026-05-01T22:44:48","guid":{"rendered":"http:\/\/14772dfbc015d769be25d8b830ad92b7"},"modified":"2026-05-01T22:44:48","modified_gmt":"2026-05-01T22:44:48","slug":"el-gobierno-le-da-un-cargo-en-tucuman-al-hijo-de-la-senadora-avila-para-que-vote-la-eliminacion-de-las-paso","status":"publish","type":"post","link":"https:\/\/cordobapolitica.com\/?p=50348","title":{"rendered":"El gobierno le da un cargo en Tucum\u00e1n al hijo de la senadora \u00c1vila para que vote la eliminaci\u00f3n de las PASO"},"content":{"rendered":"<p><img src=\"http:\/\/cordobapolitica.com\/wp-content\/uploads\/2026\/05\/el-gobierno-le-da-un-cargo-en-tucuman-al-hijo-de-la-senadora-avila-para-que-vote-la-eliminacion-de-las-paso.jpg\"><\/p>\n<div><img src=\"http:\/\/cordobapolitica.com\/wp-content\/uploads\/2026\/05\/el-gobierno-le-da-un-cargo-en-tucuman-al-hijo-de-la-senadora-avila-para-que-vote-la-eliminacion-de-las-paso-2.jpg\" class=\"ff-og-image-inserted\"><\/div>\n<p>El gobierno libertario trabaja para conseguir los votos que le permitan eliminar las PASO en el Congreso. Sin vueltas el jueves designaron a Daniel Alfaro, un joven de 24 a\u00f1os, al frente de una unidad de gesti\u00f3n del PAMI en Tucum\u00e1n. El nuevo funcionario es hijo de la senadora por Tucum\u00e1n, Beatriz \u00c1vila, y del ex intendente de San Miguel de Tucum\u00e1n, Germ\u00e1n Alfaro.<\/p>\n<p>Seg\u00fan detalla la resoluci\u00f3n, el alta laboral de Alfaro quedar\u00e1 efectiva una vez que el designado cumpla con los requisitos administrativos habituales para el ingreso al organismo, entre ellos la presentaci\u00f3n de antecedentes, certificaciones y evaluaciones m\u00e9dicas y psicot\u00e9cnicas.<\/p>\n<p>\u00c1vila y Alfaro son muy cercanos a Patricia Bullrich. Por caso, en Tucum\u00e1n afirman que cada vez que la ex ministra de Seguridad visita esa provincia del norte se hospeda en una casa ubicada en Taf\u00ed del Valle y perteneciente a un allegado del matrimonio.<\/p>\n<p><a href=\"https:\/\/www.lapoliticaonline.com\/tools\/redirect.php?t=3&amp;i=344807&amp;s=0c48a1eba5fc6156f9863f5b8dedaae9\" class=\"link-type-content content-type-noticia-ar\">Lule Menem apur\u00f3 a la libertaria Orozco porque le complica la relaci\u00f3n con el salte\u00f1o Saenz<\/a><\/p>\n<p>Alfaro es un actor de peso en la pol\u00edtica de Tucum\u00e1n. El ex intendente de la capital se consolid\u00f3 en los \u00faltimos a\u00f1os como aliado del gobernador Osvaldo Jaldo, con quien mantiene una relaci\u00f3n de cooperaci\u00f3n pol\u00edtica. En tanto, Beatriz \u00c1vila, integr\u00f3 el bloque Independencia en el Senado y responde de manera directa a Jaldo en un contexto de negociaciones frecuentes entre el gobierno provincial y la Casa Rosada.<\/p>\n<p>El gobierno trabaja para conseguir los votos que le permitan aprobar en el Congreso el fin de las PASO. LPO cont\u00f3 que esta semana Lule Menem fue al choque con la senadora salte\u00f1a Emilia Orozco (LLA) porque su cr\u00edticas irritan al gobierno de Gustavo S\u00e1enz, un aliado que debe aporta votos clave para aprobar la reforma electoral.<\/p>\n<p>Los roces se dieron durante una exposici\u00f3n econ\u00f3mica sobre Keynes que Javier Milei brind\u00f3 en el Palacio Libertad. All\u00ed, Menem se acerc\u00f3 a Orozco para increparla. Discutieron durante algunos minutos y el funcionario de Karina le dej\u00f3 en claro que sus cr\u00edticas a S\u00e1enz complican los intereses del gobierno.<\/p>\n<p>Orozco qued\u00f3 envalentonada tras ganar la elecci\u00f3n en octubre del a\u00f1o pasado. La senadora libertaria se impuso incluso frente a Flavia Roy\u00f3n, la candidata de S\u00e1enz. Desde entonces no cede en sus cr\u00edticas y complica el gobierno en las alianzas con los gobernadores del norte.<\/p>\n<p>Al punto que d\u00edas atr\u00e1s, Roy\u00f3n mostr\u00f3 reticencia a aprobar el fin de las PASO tal como lleg\u00f3 al Congreso. &#8220;Est\u00e1 dispuesta a discutir modificaciones sobre las primarias pero no sacarlas. Se puede discutir la obligatoriedad o el financiamiento&#8221;, dijeron desde su entorno.<\/p>\n","protected":false},"excerpt":{"rendered":"<p>El gobierno libertario trabaja para conseguir los votos que le permitan eliminar las PASO en el Congreso. Sin vueltas el jueves designaron a Daniel Alfaro, un joven de 24 a\u00f1os, al frente de una unidad de gesti\u00f3n del PAMI en Tucum\u00e1n. El nuevo funcionario es hijo de la senadora por Tucum\u00e1n, Beatriz \u00c1vila, y del [&hellip;]<\/p>\n","protected":false},"author":1,"featured_media":50349,"comment_status":"closed","ping_status":"closed","sticky":false,"template":"","format":"standard","meta":{"om_disable_all_campaigns":false,"_monsterinsights_skip_tracking":false,"_monsterinsights_sitenote_active":false,"_monsterinsights_sitenote_note":"","_monsterinsights_sitenote_category":0},"categories":[30],"tags":[],"aioseo_notices":[],"_links":{"self":[{"href":"https:\/\/cordobapolitica.com\/index.php?rest_route=\/wp\/v2\/posts\/50348"}],"collection":[{"href":"https:\/\/cordobapolitica.com\/index.php?rest_route=\/wp\/v2\/posts"}],"about":[{"href":"https:\/\/cordobapolitica.com\/index.php?rest_route=\/wp\/v2\/types\/post"}],"author":[{"embeddable":true,"href":"https:\/\/cordobapolitica.com\/index.php?rest_route=\/wp\/v2\/users\/1"}],"replies":[{"embeddable":true,"href":"https:\/\/cordobapolitica.com\/index.php?rest_route=%2Fwp%2Fv2%2Fcomments&post=50348"}],"version-history":[{"count":0,"href":"https:\/\/cordobapolitica.com\/index.php?rest_route=\/wp\/v2\/posts\/50348\/revisions"}],"wp:featuredmedia":[{"embeddable":true,"href":"https:\/\/cordobapolitica.com\/index.php?rest_route=\/wp\/v2\/media\/50349"}],"wp:attachment":[{"href":"https:\/\/cordobapolitica.com\/index.php?rest_route=%2Fwp%2Fv2%2Fmedia&parent=50348"}],"wp:term":[{"taxonomy":"category","embeddable":true,"href":"https:\/\/cordobapolitica.com\/index.php?rest_route=%2Fwp%2Fv2%2Fcategories&post=50348"},{"taxonomy":"post_tag","embeddable":true,"href":"https:\/\/cordobapolitica.com\/index.php?rest_route=%2Fwp%2Fv2%2Ftags&post=50348"}],"curies":[{"name":"wp","href":"https:\/\/api.w.org\/{rel}","templated":true}]}}