{"id":50346,"date":"2026-05-01T23:48:54","date_gmt":"2026-05-01T23:48:54","guid":{"rendered":"http:\/\/8d68edd5ef0e31b9cd9378853f52ec47"},"modified":"2026-05-01T23:48:54","modified_gmt":"2026-05-01T23:48:54","slug":"el-peronismo-federal-se-lanzo-en-parque-norte-y-toma-distancia-de-la-interna-entre-cristina-y-kicillof","status":"publish","type":"post","link":"https:\/\/cordobapolitica.com\/?p=50346","title":{"rendered":"El peronismo federal se lanz\u00f3 en Parque Norte y toma distancia de la interna entre Cristina y Kicillof"},"content":{"rendered":"<p><img src=\"http:\/\/cordobapolitica.com\/wp-content\/uploads\/2026\/05\/el-peronismo-federal-se-lanzo-en-parque-norte-y-toma-distancia-de-la-interna-entre-cristina-y-kicillof.jpg\"><\/p>\n<div><img src=\"http:\/\/cordobapolitica.com\/wp-content\/uploads\/2026\/05\/el-peronismo-federal-se-lanzo-en-parque-norte-y-toma-distancia-de-la-interna-entre-cristina-y-kicillof-2.jpg\" class=\"ff-og-image-inserted\"><\/div>\n<p>El peronismo federal se lanz\u00f3 este viernes en Parque Norte y dio una muestra de fuerza con una convocatoria que sum\u00f3 diputados, intendentes y dirigentes de varios puntos del pa\u00eds.<\/p>\n<p>El armado en el que confluyen dirigentes como Guillermo Michel, Juan Manuel Olmos y Victoria Tolosa Paz se muestra equidistante de la interna entre Cristina Kirchner y Axel Kicillof al tiempo que busca acumular referentes de un peronismo de centro.<\/p>\n<p>La idea es tomar distancia de las diferencias en la c\u00fapula del peronismo y mientras tanto sumar volumen con dirigentes de todos los sectores. Una vez que esa interna se resuelva ver\u00e1n los pasos a seguir. Por lo pronto, ya se piensa en un nuevo acto pautado para el 25 de mayo.<\/p>\n<p><a href=\"https:\/\/www.lapoliticaonline.com\/tools\/redirect.php?t=3&amp;i=344537&amp;s=9789d4266e0e9caea7bee6863501e4d9\" class=\"link-type-content content-type-noticia-ar\">Michel, Tolosa Paz, Olmos, Ach\u00e1val y el mendocino F\u00e9lix relanzan el peronismo federal<\/a><\/p>\n<p>Seg\u00fan los organizadores, al acto de Parque Norte llegaron m\u00e1s de 4000 participantes, entre ellos unos 20 legisladores nacionales y 70 intendentes que se reunieron bajo la consigna &#8220;Primero las Ideas&#8221;.<\/p>\n<p>Durante el acto se plantearon algunos ejes b\u00e1sicos como la necesidad de avanzar en la construcci\u00f3n de un peronismo con base territorial, representativo de la Argentina productiva y con protagonismo de las provincias, descentrando el debate pol\u00edtico de la l\u00f3gica del AMBA.<\/p>\n<p class=\"authorquote\" title=\"Guillermo Michel\">Milei no est\u00e1 buscando poner en pr\u00e1ctica un programa econ\u00f3mico, est\u00e1 imponiendo un modelo social con una fuerte desigualdad, sin industria y sin clase media.<\/p>\n<p>Durante su intervenci\u00f3n en el escenario principal, el diputado nacional por Entre R\u00edos, Guillermo Michel, explic\u00f3 que el encuentro busc\u00f3 poner en discusi\u00f3n los valores que el peronismo debe representar y mencion\u00f3 el federalismo, la producci\u00f3n, el trabajo y la mejora concreta en la vida de la gente.<\/p>\n<p>Michel fue tajante al diferenciar los modelos econ\u00f3micos en disputa, defendiendo el super\u00e1vit fiscal como una herramienta de gesti\u00f3n que ya aplican sus intendentes y gobernadores. El diputado nacional advirti\u00f3 que el equilibrio financiero no puede ser un fin en s\u00ed mismo si se logra a costa del aparato productivo nacional.<\/p>\n<p>Asimismo, calific\u00f3 la estrategia de la actual gesti\u00f3n como un &#8220;super\u00e1vit trucho&#8221;, denunciando que el programa de ajuste vigente est\u00e1 golpeando severamente a la industria y al consumo interno.<\/p>\n<p class=\"authorquote\" title=\"Juan Manuel Olmos\">Hay que discutir mucho de las ideas, poco de las cosas y nada de las personas. Esto no es en contra de ning\u00fan compa\u00f1ero ni ninguna compa\u00f1era, es un proceso colectivo de debate transversal y federal.<\/p>\n<p>Bajo esta premisa, Michel propuso retomar el camino del modelo implementado por N\u00e9stor Kirchner, donde el orden fiscal se lograba con una econom\u00eda en crecimiento y la generaci\u00f3n genuina de empleo. Durante su intervenci\u00f3n, concluy\u00f3 que el objetivo debe ser un peronismo amplio y renovado que priorice el bienestar social sobre el ajuste.<\/p>\n<p>En esa l\u00ednea, el Auditor General de la Naci\u00f3n, Juan Manuel Olmos, sostuvo que &#8220;hay que discutir mucho de las ideas, poco de las cosas y nada de las personas. Esto no es en contra de ning\u00fan compa\u00f1ero ni ninguna compa\u00f1era, es un proceso colectivo de debate transversal y federal&#8221;. Y agreg\u00f3: &#8220;A nosotros no nos molestan las formas de Milei; lo que nos duele es que la gente se est\u00e9 quedando sin trabajo, que cierren las empresas y que los argentinos no lleguen a fin de mes&#8221;.<\/p>\n<p>Tambi\u00e9n hablaron Tolosa Paz; el intendente de Pilar, Federico Achaval; el secretario general de la Confederaci\u00f3n General del Trabajo (CGT), Jorge Sola; el diputado nacional por San Juan, Ernesto &#8220;Pipi&#8221; Al\u00ed; el diputado nacional por Tucum\u00e1n, Pablo Yedlin; y, de manera virtual, el diputado nacional por Mendoza, Emir F\u00e9lix.<\/p>\n<p>La idea del encuentro no fue definir ning\u00fan tipo de candidatura sino la apertura de un proceso de discusi\u00f3n sobre el rumbo del peronismo. Seg\u00fan plantearon, se busc\u00f3 articular &#8220;un programa con las miradas de las provincias que d\u00e9 respuestas a los desaf\u00edos actuales del pa\u00eds y que el peronismo tiene que proponerle a la sociedad&#8221;.&nbsp;<\/p>\n","protected":false},"excerpt":{"rendered":"<p>El peronismo federal se lanz\u00f3 este viernes en Parque Norte y dio una muestra de fuerza con una convocatoria que sum\u00f3 diputados, intendentes y dirigentes de varios puntos del pa\u00eds. El armado en el que confluyen dirigentes como Guillermo Michel, Juan Manuel Olmos y Victoria Tolosa Paz se muestra equidistante de la interna entre Cristina [&hellip;]<\/p>\n","protected":false},"author":1,"featured_media":50347,"comment_status":"closed","ping_status":"closed","sticky":false,"template":"","format":"standard","meta":{"om_disable_all_campaigns":false,"_monsterinsights_skip_tracking":false,"_monsterinsights_sitenote_active":false,"_monsterinsights_sitenote_note":"","_monsterinsights_sitenote_category":0},"categories":[30],"tags":[],"aioseo_notices":[],"_links":{"self":[{"href":"https:\/\/cordobapolitica.com\/index.php?rest_route=\/wp\/v2\/posts\/50346"}],"collection":[{"href":"https:\/\/cordobapolitica.com\/index.php?rest_route=\/wp\/v2\/posts"}],"about":[{"href":"https:\/\/cordobapolitica.com\/index.php?rest_route=\/wp\/v2\/types\/post"}],"author":[{"embeddable":true,"href":"https:\/\/cordobapolitica.com\/index.php?rest_route=\/wp\/v2\/users\/1"}],"replies":[{"embeddable":true,"href":"https:\/\/cordobapolitica.com\/index.php?rest_route=%2Fwp%2Fv2%2Fcomments&post=50346"}],"version-history":[{"count":0,"href":"https:\/\/cordobapolitica.com\/index.php?rest_route=\/wp\/v2\/posts\/50346\/revisions"}],"wp:featuredmedia":[{"embeddable":true,"href":"https:\/\/cordobapolitica.com\/index.php?rest_route=\/wp\/v2\/media\/50347"}],"wp:attachment":[{"href":"https:\/\/cordobapolitica.com\/index.php?rest_route=%2Fwp%2Fv2%2Fmedia&parent=50346"}],"wp:term":[{"taxonomy":"category","embeddable":true,"href":"https:\/\/cordobapolitica.com\/index.php?rest_route=%2Fwp%2Fv2%2Fcategories&post=50346"},{"taxonomy":"post_tag","embeddable":true,"href":"https:\/\/cordobapolitica.com\/index.php?rest_route=%2Fwp%2Fv2%2Ftags&post=50346"}],"curies":[{"name":"wp","href":"https:\/\/api.w.org\/{rel}","templated":true}]}}