{"id":50344,"date":"2026-05-01T23:20:00","date_gmt":"2026-05-01T23:20:00","guid":{"rendered":"https:\/\/cordobapolitica.com\/?p=50344"},"modified":"2026-05-01T23:20:00","modified_gmt":"2026-05-01T23:20:00","slug":"casa-rosada-el-gobierno-reabre-la-sala-de-prensa-con-nuevas-restricciones-y-control-sobre-los-periodistas","status":"publish","type":"post","link":"https:\/\/cordobapolitica.com\/?p=50344","title":{"rendered":"Casa Rosada: el Gobierno reabre la sala de prensa con nuevas restricciones y control sobre los periodistas"},"content":{"rendered":"<div class=\"media_block\"><\/div>\n<p>El Gobierno nacional reabrir\u00e1 este lunes la <a target=\"_blank\" href=\"https:\/\/www.perfil.com\/noticias\/actualidad\/reabren-la-sala-de-prensa-de-casa-rosada-y-el-lunes-habra-conferencia-de-manuel-adorni.phtml\" rel=\"noopener\"><strong>sala de prensa de la Casa Rosada<\/strong><\/a>, luego de varios d\u00edas de cierre que generaron fuerte pol\u00e9mica. Sin embargo, el regreso de los periodistas estar\u00e1 marcado por <strong>nuevas restricciones y un esquema m\u00e1s riguroso de control<\/strong> dentro de la sede gubernamental.<\/p>\n<p>La decisi\u00f3n se tom\u00f3 tras una reuni\u00f3n entre el jefe de Gabinete y portavoz, <strong>Manuel Adorni<\/strong>, y la secretaria general de la Presidencia, <strong>Karina Milei<\/strong>. Desde el entorno oficial confirmaron que el tema ven\u00eda en an\u00e1lisis y que se resolvi\u00f3 avanzar con la reapertura, aunque bajo condiciones m\u00e1s estrictas.<\/p>\n<h2><strong>M\u00e1s controles sobre im\u00e1genes y dispositivos<\/strong><\/h2>\n<p><img alt=\"Periodistas de distintos medios acreditados en Casa Rosada posan afuera de la casa de gobierno\" src=\"http:\/\/cordobapolitica.com\/wp-content\/uploads\/2026\/05\/casa-rosada-el-gobierno-reabre-la-sala-de-prensa-con-nuevas-restricciones-y-control-sobre-los-periodistas.webp\" loading=\"lazy\"><\/p>\n<div class=\"subscription\">\n<p> Esto no les gusta a los autoritarios <\/p>\n<div class=\"subscription__container\">\n<div class=\"subscription__text-wrapper\">\n<p> El ejercicio del periodismo profesional y cr\u00edtico es un pilar fundamental de la democracia. Por eso molesta a quienes creen ser los due\u00f1os de la verdad. <\/p>\n<\/p><\/div><\/div><\/div>\n<p>Aunque formalmente seguir\u00e1n vigentes las normas implementadas en 2025, en la pr\u00e1ctica el Ejecutivo anticipa un <strong>endurecimiento de los controles<\/strong>, especialmente en lo que respecta a la toma de im\u00e1genes y el uso de tecnolog\u00eda dentro del edificio.<\/p>\n<p>En ese marco, durante el cierre se realiz\u00f3 una revisi\u00f3n de los sistemas internos. Seg\u00fan fuentes oficiales, se analizaron <strong>c\u00e1maras de vigilancia, equipos de control y dispositivos de comunicaci\u00f3n<\/strong>, con el objetivo de reforzar la seguridad presidencial.<\/p>\n<p>Uno de los puntos centrales de la pol\u00e9mica fue el uso de <strong>anteojos inteligentes<\/strong> para registrar im\u00e1genes dentro de la Casa Rosada. Desde el Gobierno consideraron que esa pr\u00e1ctica constituye una irregularidad: <strong>\u201cEso nunca se hab\u00eda hecho\u201d<\/strong>, se\u00f1alaron, y remarcaron que el problema no solo fue el material difundido, sino tambi\u00e9n el contenido que no sali\u00f3 al aire.<\/p>\n<h2><strong>El trasfondo del conflicto con el periodismo<\/strong><\/h2>\n<p>La restricci\u00f3n al ingreso de periodistas estuvo vinculada a la difusi\u00f3n de im\u00e1genes del interior de la sede oficial, que el Gobierno calific\u00f3 como un posible caso de \u201cespionaje\u201d. Sin embargo, trascendi\u00f3 que parte de ese material ya era de acceso p\u00fablico, lo que aliment\u00f3 el debate sobre los l\u00edmites al trabajo period\u00edstico.<\/p>\n<p>A pesar de las tensiones, desde el lunes podr\u00e1n volver a ingresar <strong>todos los acreditados<\/strong>, incluso aquellos que inicialmente hab\u00edan sido se\u00f1alados o excluidos. La reapertura busca descomprimir el conflicto, aunque no implica un retroceso en la pol\u00edtica de control.<\/p>\n<p class=\"destacadoNota\"><a target=\"_blank\" href=\"https:\/\/www.perfil.com\/noticias\/politica\/manuel-adorni-en-el-congreso-los-memes-que-dejo-su-exposicion-y-la-reaccion-en-redes.phtml\" rel=\"noopener\">Manuel Adorni en el Congreso: los memes que dej\u00f3 su exposici\u00f3n y la reacci\u00f3n en redes<\/a><\/p>\n<p>Ese mismo d\u00eda tambi\u00e9n est\u00e1 previsto el regreso de las conferencias de prensa encabezadas por<strong> Adorni<\/strong>, que no se realizaban desde fines de marzo.<\/p>\n<p>En paralelo, el funcionario volvi\u00f3 a rechazar cuestionamientos sobre su patrimonio y apunt\u00f3 contra el tratamiento medi\u00e1tico del tema: asegur\u00f3 que las explicaciones deben darse en la Justicia y denunci\u00f3 una \u201ccarnicer\u00eda medi\u00e1tica\u201d.<\/p>\n<p>En el oficialismo consideran que la reciente exposici\u00f3n en el Congreso puede marcar un punto de inflexi\u00f3n para cerrar la pol\u00e9mica. Sin embargo, el v\u00ednculo con el periodismo sigue atravesado por la desconfianza y ahora suma un nuevo cap\u00edtulo: <strong>m\u00e1s controles dentro de la Casa Rosada<\/strong>.<\/p>\n<p><em>LB\/DCQ<\/em><\/p>\n","protected":false},"excerpt":{"rendered":"<p>El Gobierno nacional reabrir\u00e1 este lunes la sala de prensa de la Casa Rosada, luego de varios d\u00edas de cierre que generaron fuerte pol\u00e9mica. Sin embargo, el regreso de los periodistas estar\u00e1 marcado por nuevas restricciones y un esquema m\u00e1s riguroso de control dentro de la sede gubernamental. La decisi\u00f3n se tom\u00f3 tras una reuni\u00f3n [&hellip;]<\/p>\n","protected":false},"author":1,"featured_media":50345,"comment_status":"closed","ping_status":"closed","sticky":false,"template":"","format":"standard","meta":{"om_disable_all_campaigns":false,"_monsterinsights_skip_tracking":false,"_monsterinsights_sitenote_active":false,"_monsterinsights_sitenote_note":"","_monsterinsights_sitenote_category":0},"categories":[30],"tags":[],"aioseo_notices":[],"_links":{"self":[{"href":"https:\/\/cordobapolitica.com\/index.php?rest_route=\/wp\/v2\/posts\/50344"}],"collection":[{"href":"https:\/\/cordobapolitica.com\/index.php?rest_route=\/wp\/v2\/posts"}],"about":[{"href":"https:\/\/cordobapolitica.com\/index.php?rest_route=\/wp\/v2\/types\/post"}],"author":[{"embeddable":true,"href":"https:\/\/cordobapolitica.com\/index.php?rest_route=\/wp\/v2\/users\/1"}],"replies":[{"embeddable":true,"href":"https:\/\/cordobapolitica.com\/index.php?rest_route=%2Fwp%2Fv2%2Fcomments&post=50344"}],"version-history":[{"count":0,"href":"https:\/\/cordobapolitica.com\/index.php?rest_route=\/wp\/v2\/posts\/50344\/revisions"}],"wp:featuredmedia":[{"embeddable":true,"href":"https:\/\/cordobapolitica.com\/index.php?rest_route=\/wp\/v2\/media\/50345"}],"wp:attachment":[{"href":"https:\/\/cordobapolitica.com\/index.php?rest_route=%2Fwp%2Fv2%2Fmedia&parent=50344"}],"wp:term":[{"taxonomy":"category","embeddable":true,"href":"https:\/\/cordobapolitica.com\/index.php?rest_route=%2Fwp%2Fv2%2Fcategories&post=50344"},{"taxonomy":"post_tag","embeddable":true,"href":"https:\/\/cordobapolitica.com\/index.php?rest_route=%2Fwp%2Fv2%2Ftags&post=50344"}],"curies":[{"name":"wp","href":"https:\/\/api.w.org\/{rel}","templated":true}]}}