{"id":50342,"date":"2026-04-30T23:29:15","date_gmt":"2026-04-30T23:29:15","guid":{"rendered":"https:\/\/legislaturacba.gob.ar\/?p=129343"},"modified":"2026-04-30T23:29:15","modified_gmt":"2026-04-30T23:29:15","slug":"la-legislatura-y-el-rotary-internacional-suscribieron-un-convenio-de-cooperacion","status":"publish","type":"post","link":"https:\/\/cordobapolitica.com\/?p=50342","title":{"rendered":"La Legislatura y el Rotary Internacional suscribieron un convenio de cooperaci\u00f3n"},"content":{"rendered":"<p>La vicegobernadora de C\u00f3rdoba, <strong>Myrian Prunotto<\/strong>, recibi\u00f3 este jueves a la tarde en la Legislatura provincial a una <strong>comitiva del Rotary Club<\/strong>, encabezada por el presidente de esta entidad a nivel internacional, <strong>Francesco Arezzo<\/strong>. En la oportunidad, <strong>Prunotto firm\u00f3 un convenio marco de cooperaci\u00f3n institucional, t\u00e9cnica y operativa entre la Unicameral y el Distrito 4851 de Rotary Internacional<\/strong> (re\u00fane a clubes rotarios de 10 provincias argentinas, entre ellas C\u00f3rdoba), tambi\u00e9n suscripto por el gobernador de esta circunscripci\u00f3n, <strong>Leonardo Mangoldt<\/strong>.<\/p>\n<figure class=\"wp-block-gallery columns-2 is-cropped\">\n<ul class=\"blocks-gallery-grid\">\n<li class=\"blocks-gallery-item\">\n<figure><img src=\"http:\/\/cordobapolitica.com\/wp-content\/uploads\/2026\/05\/la-legislatura-y-el-rotary-internacional-suscribieron-un-convenio-de-cooperacion.jpg\" alt data-id=\"129357\" data-full-url=\"http:\/\/cordobapolitica.com\/wp-content\/uploads\/2026\/05\/la-legislatura-y-el-rotary-internacional-suscribieron-un-convenio-de-cooperacion.jpg\" data-link=\"https:\/\/legislaturacba.gob.ar\/?attachment_id=129357\" class=\"wp-image-129357\"><\/figure>\n<\/li>\n<li class=\"blocks-gallery-item\">\n<figure><img src=\"http:\/\/cordobapolitica.com\/wp-content\/uploads\/2026\/05\/la-legislatura-y-el-rotary-internacional-suscribieron-un-convenio-de-cooperacion-1.jpg\" alt data-id=\"129358\" data-full-url=\"http:\/\/cordobapolitica.com\/wp-content\/uploads\/2026\/05\/la-legislatura-y-el-rotary-internacional-suscribieron-un-convenio-de-cooperacion-1.jpg\" data-link=\"https:\/\/legislaturacba.gob.ar\/?attachment_id=129358\" class=\"wp-image-129358\"><\/figure>\n<\/li>\n<\/ul>\n<\/figure>\n<p>Este convenio destaca el inter\u00e9s por promover un <strong>acercamiento institucional que propicie relaciones de colaboraci\u00f3n y mecanismos de articulaci\u00f3n<\/strong>. Se destina al dise\u00f1o, promoci\u00f3n, desarrollo e implementaci\u00f3n de iniciativas conjuntas basadas en los principios y \u00e1reas de acci\u00f3n de Rotary Internacional, tendientes a fomentar el desarrollo humano, la inclusi\u00f3n social, la equidad, la sostenibilidad y la paz en el territorio de la provincia de C\u00f3rdoba.<\/p>\n<p>Esas iniciativas est\u00e1n vinculadas con los siguientes aspectos: paz y resoluci\u00f3n de conflictos; prevenci\u00f3n y tratamiento de enfermedades; agua saneamiento e higiene; salud materno-infantil; alfabetizaci\u00f3n y educaci\u00f3n b\u00e1sica; desarrollo econ\u00f3mico comunitario; y protecci\u00f3n del medio ambiente.<\/p>\n<figure class=\"wp-block-gallery columns-2 is-cropped\">\n<ul class=\"blocks-gallery-grid\">\n<li class=\"blocks-gallery-item\">\n<figure><img src=\"http:\/\/cordobapolitica.com\/wp-content\/uploads\/2026\/05\/la-legislatura-y-el-rotary-internacional-suscribieron-un-convenio-de-cooperacion-2.jpg\" alt data-id=\"129355\" data-full-url=\"http:\/\/cordobapolitica.com\/wp-content\/uploads\/2026\/05\/la-legislatura-y-el-rotary-internacional-suscribieron-un-convenio-de-cooperacion-2.jpg\" data-link=\"https:\/\/legislaturacba.gob.ar\/?attachment_id=129355\" class=\"wp-image-129355\"><\/figure>\n<\/li>\n<li class=\"blocks-gallery-item\">\n<figure><img src=\"http:\/\/cordobapolitica.com\/wp-content\/uploads\/2026\/05\/la-legislatura-y-el-rotary-internacional-suscribieron-un-convenio-de-cooperacion-3.jpg\" alt data-id=\"129356\" data-full-url=\"http:\/\/cordobapolitica.com\/wp-content\/uploads\/2026\/05\/la-legislatura-y-el-rotary-internacional-suscribieron-un-convenio-de-cooperacion-3.jpg\" data-link=\"https:\/\/legislaturacba.gob.ar\/?attachment_id=129356\" class=\"wp-image-129356\"><\/figure>\n<\/li>\n<\/ul>\n<\/figure>\n<p>Adem\u00e1s, otro de los ejes del convenio impulsa la articulaci\u00f3n de los programas juveniles de Rotary Internacional, fundamentales para la formaci\u00f3n en valores, el liderazgo positivo y la participaci\u00f3n activa de la juventud. Estos programas son: Interact, Rotaract y RYE (Rotary Youth Exchange).<\/p>\n<p>Prunotto destac\u00f3 el trabajo en conjunto que vienen desarrollando el Gobierno provincial y el Rotary. Arezzo, por su parte, tambi\u00e9n agradeci\u00f3 la relaci\u00f3n de colaboraci\u00f3n que mantiene la entidad rotaria internacional con la Provincia. Es la primera vez en 30 a\u00f1os que la autoridad m\u00e1xima de la instituci\u00f3n visita la provincia de C\u00f3rdoba.<\/p>\n<p>Participaron del acto el secretario de Integraci\u00f3n Regional y Relaciones Internacionales provincial, <strong>Carlos Massei<\/strong>; y el director de Relaciones y Cooperaci\u00f3n Internacional, <strong>Roberto Santamar\u00eda<\/strong>. Por la Unicameral tambi\u00e9n estuvieron la legisladora <strong>In\u00e9s Contrera<\/strong> y el director general de Asuntos Institucionales, <strong>Mart\u00edn Puig<\/strong>.<\/p>\n<figure class=\"wp-block-gallery columns-2 is-cropped\">\n<ul class=\"blocks-gallery-grid\">\n<li class=\"blocks-gallery-item\">\n<figure><img src=\"http:\/\/cordobapolitica.com\/wp-content\/uploads\/2026\/05\/la-legislatura-y-el-rotary-internacional-suscribieron-un-convenio-de-cooperacion-4.jpg\" alt data-id=\"129354\" data-full-url=\"http:\/\/cordobapolitica.com\/wp-content\/uploads\/2026\/05\/la-legislatura-y-el-rotary-internacional-suscribieron-un-convenio-de-cooperacion-4.jpg\" data-link=\"https:\/\/legislaturacba.gob.ar\/?attachment_id=129354\" class=\"wp-image-129354\"><\/figure>\n<\/li>\n<li class=\"blocks-gallery-item\">\n<figure><img src=\"http:\/\/cordobapolitica.com\/wp-content\/uploads\/2026\/05\/la-legislatura-y-el-rotary-internacional-suscribieron-un-convenio-de-cooperacion-5.jpg\" alt data-id=\"129352\" data-full-url=\"http:\/\/cordobapolitica.com\/wp-content\/uploads\/2026\/05\/la-legislatura-y-el-rotary-internacional-suscribieron-un-convenio-de-cooperacion-5.jpg\" data-link=\"https:\/\/legislaturacba.gob.ar\/?attachment_id=129352\" class=\"wp-image-129352\"><\/figure>\n<\/li>\n<\/ul>\n<\/figure>\n<p>Tambi\u00e9n asistieron <strong>C\u00e9sar Scherer<\/strong>, director de Rotary Internacional (Brasil); <strong>Maximiliano Mauvecin<\/strong>, edec\u00e1n del presidente de Rotary Internacional; <strong>Ram\u00f3n Ib\u00e1\u00f1ez L\u00f3pez<\/strong>, gobernador de Distrito Propuesto 27-28; y <strong>Norberto Almara<\/strong>, gobernador de Distrito Propuesto Nominado 28-29; junto a sus respectivas esposas.<\/p>\n<p>Al final de la reuni\u00f3n, Prunotto y las autoridades del Rotary Internacional intercambiaron obsequios. Despu\u00e9s, los integrantes de la comitiva rotaria conocieron el recinto de sesiones legislativas, acompa\u00f1ados por la vicegobernadora.<\/p>\n<figure class=\"wp-block-gallery columns-2 is-cropped\">\n<ul class=\"blocks-gallery-grid\">\n<li class=\"blocks-gallery-item\">\n<figure><img src=\"http:\/\/cordobapolitica.com\/wp-content\/uploads\/2026\/05\/la-legislatura-y-el-rotary-internacional-suscribieron-un-convenio-de-cooperacion-6.jpg\" alt data-id=\"129349\" data-full-url=\"http:\/\/cordobapolitica.com\/wp-content\/uploads\/2026\/05\/la-legislatura-y-el-rotary-internacional-suscribieron-un-convenio-de-cooperacion-6.jpg\" data-link=\"https:\/\/legislaturacba.gob.ar\/?attachment_id=129349\" class=\"wp-image-129349\"><\/figure>\n<\/li>\n<li class=\"blocks-gallery-item\">\n<figure><img src=\"http:\/\/cordobapolitica.com\/wp-content\/uploads\/2026\/05\/la-legislatura-y-el-rotary-internacional-suscribieron-un-convenio-de-cooperacion-7.jpg\" alt data-id=\"129353\" data-full-url=\"http:\/\/cordobapolitica.com\/wp-content\/uploads\/2026\/05\/la-legislatura-y-el-rotary-internacional-suscribieron-un-convenio-de-cooperacion-7.jpg\" data-link=\"https:\/\/legislaturacba.gob.ar\/?attachment_id=129353\" class=\"wp-image-129353\"><\/figure>\n<\/li>\n<\/ul>\n<\/figure>\n<h4><strong>Silla de ruedas<\/strong><\/h4>\n<p>Durante el encuentro con las autoridades del Rotary Internacional que encabez\u00f3 la vicegobernadora Prunotto, el jesusmariense <strong>David Morassi recibi\u00f3 una silla de ruedas que necesitaba para desplazarse<\/strong>, a partir de un convenio entre la Legislatura provincial, el Rotary y Wheelchair Foundation. La organizaci\u00f3n no gubernamental Cilsa por la Inclusi\u00f3n aport\u00f3 el elemento ortop\u00e9dico.<\/p>\n<figure class=\"wp-block-gallery columns-2 is-cropped\">\n<ul class=\"blocks-gallery-grid\">\n<li class=\"blocks-gallery-item\">\n<figure><img src=\"http:\/\/cordobapolitica.com\/wp-content\/uploads\/2026\/05\/la-legislatura-y-el-rotary-internacional-suscribieron-un-convenio-de-cooperacion-8.jpg\" alt data-id=\"129351\" data-full-url=\"http:\/\/cordobapolitica.com\/wp-content\/uploads\/2026\/05\/la-legislatura-y-el-rotary-internacional-suscribieron-un-convenio-de-cooperacion-8.jpg\" data-link=\"https:\/\/legislaturacba.gob.ar\/?attachment_id=129351\" class=\"wp-image-129351\"><\/figure>\n<\/li>\n<li class=\"blocks-gallery-item\">\n<figure><img src=\"http:\/\/cordobapolitica.com\/wp-content\/uploads\/2026\/05\/la-legislatura-y-el-rotary-internacional-suscribieron-un-convenio-de-cooperacion-9.jpg\" alt data-id=\"129348\" data-full-url=\"http:\/\/cordobapolitica.com\/wp-content\/uploads\/2026\/05\/la-legislatura-y-el-rotary-internacional-suscribieron-un-convenio-de-cooperacion-9.jpg\" data-link=\"https:\/\/legislaturacba.gob.ar\/?attachment_id=129348\" class=\"wp-image-129348\"><\/figure>\n<\/li>\n<\/ul>\n<\/figure>\n","protected":false},"excerpt":{"rendered":"<p>La vicegobernadora de C\u00f3rdoba, Myrian Prunotto, recibi\u00f3 este jueves a la tarde en la Legislatura provincial a una comitiva del Rotary Club, encabezada por el presidente de esta entidad a nivel internacional, Francesco Arezzo. En la oportunidad, Prunotto firm\u00f3 un convenio marco de cooperaci\u00f3n institucional, t\u00e9cnica y operativa entre la Unicameral y el Distrito 4851 [&hellip;]<\/p>\n","protected":false},"author":1,"featured_media":50343,"comment_status":"closed","ping_status":"closed","sticky":false,"template":"","format":"standard","meta":{"om_disable_all_campaigns":false,"_monsterinsights_skip_tracking":false,"_monsterinsights_sitenote_active":false,"_monsterinsights_sitenote_note":"","_monsterinsights_sitenote_category":0},"categories":[31],"tags":[],"aioseo_notices":[],"_links":{"self":[{"href":"https:\/\/cordobapolitica.com\/index.php?rest_route=\/wp\/v2\/posts\/50342"}],"collection":[{"href":"https:\/\/cordobapolitica.com\/index.php?rest_route=\/wp\/v2\/posts"}],"about":[{"href":"https:\/\/cordobapolitica.com\/index.php?rest_route=\/wp\/v2\/types\/post"}],"author":[{"embeddable":true,"href":"https:\/\/cordobapolitica.com\/index.php?rest_route=\/wp\/v2\/users\/1"}],"replies":[{"embeddable":true,"href":"https:\/\/cordobapolitica.com\/index.php?rest_route=%2Fwp%2Fv2%2Fcomments&post=50342"}],"version-history":[{"count":0,"href":"https:\/\/cordobapolitica.com\/index.php?rest_route=\/wp\/v2\/posts\/50342\/revisions"}],"wp:featuredmedia":[{"embeddable":true,"href":"https:\/\/cordobapolitica.com\/index.php?rest_route=\/wp\/v2\/media\/50343"}],"wp:attachment":[{"href":"https:\/\/cordobapolitica.com\/index.php?rest_route=%2Fwp%2Fv2%2Fmedia&parent=50342"}],"wp:term":[{"taxonomy":"category","embeddable":true,"href":"https:\/\/cordobapolitica.com\/index.php?rest_route=%2Fwp%2Fv2%2Fcategories&post=50342"},{"taxonomy":"post_tag","embeddable":true,"href":"https:\/\/cordobapolitica.com\/index.php?rest_route=%2Fwp%2Fv2%2Ftags&post=50342"}],"curies":[{"name":"wp","href":"https:\/\/api.w.org\/{rel}","templated":true}]}}