{"id":50340,"date":"2026-05-01T01:09:18","date_gmt":"2026-05-01T01:09:18","guid":{"rendered":"https:\/\/legislaturacba.gob.ar\/?p=129362"},"modified":"2026-05-01T01:09:18","modified_gmt":"2026-05-01T01:09:18","slug":"reconocieron-al-cordobes-martin-bedouret-por-su-labor-en-el-desarrollo-de-tecnologias-aplicadas-a-la-inclusion","status":"publish","type":"post","link":"https:\/\/cordobapolitica.com\/?p=50340","title":{"rendered":"Reconocieron al cordob\u00e9s Mart\u00edn Bedouret por su labor en el desarrollo de tecnolog\u00edas aplicadas a la inclusi\u00f3n"},"content":{"rendered":"<p>La Legislatura de C\u00f3rdoba <strong>reconoci\u00f3 al ingeniero y docente cordob\u00e9s<\/strong> <strong>Mart\u00edn Bedouret<\/strong> este jueves, <strong>por su destacada labor en el desarrollo de tecnolog\u00edas aplicadas a la inclusi\u00f3n<\/strong>. En este sentido, Bedouret fue distinguido internacionalmente en la ciudad de Londres por crear la aplicaci\u00f3n \u201cCboard\u201d, herramienta que facilita la comunicaci\u00f3n de personas con dificultades severas en el habla.<\/p>\n<p>El proyecto de reconocimiento fue impulsado por la legisladora <strong>Nancy Almada<\/strong> y tiene como coautores a <strong>In\u00e9s Contrera, Patricia Botta, Walter Gispert, Juan Peirone, Leonardo Limia, Mauricio Jaimes, Graciela Bisotto, Karen Acu\u00f1a, V\u00edctor Molina y Juan Blangino<\/strong>. Tambi\u00e9n el legislador <strong>Carlos Carignano<\/strong> acompa\u00f1\u00f3, como presidente de la Comisi\u00f3n de Discapacidad de la Unicameral.<\/p>\n<figure class=\"wp-block-gallery columns-2 is-cropped\">\n<ul class=\"blocks-gallery-grid\">\n<li class=\"blocks-gallery-item\">\n<figure><img src=\"http:\/\/cordobapolitica.com\/wp-content\/uploads\/2026\/05\/reconocieron-al-cordobes-martin-bedouret-por-su-labor-en-el-desarrollo-de-tecnologias-aplicadas-a-la-inclusion.jpg\" alt data-id=\"129370\" data-full-url=\"http:\/\/cordobapolitica.com\/wp-content\/uploads\/2026\/05\/reconocieron-al-cordobes-martin-bedouret-por-su-labor-en-el-desarrollo-de-tecnologias-aplicadas-a-la-inclusion.jpg\" data-link=\"https:\/\/legislaturacba.gob.ar\/?attachment_id=129370\" class=\"wp-image-129370\"><\/figure>\n<\/li>\n<li class=\"blocks-gallery-item\">\n<figure><img src=\"http:\/\/cordobapolitica.com\/wp-content\/uploads\/2026\/05\/reconocieron-al-cordobes-martin-bedouret-por-su-labor-en-el-desarrollo-de-tecnologias-aplicadas-a-la-inclusion-1.jpg\" alt data-id=\"129367\" data-full-url=\"http:\/\/cordobapolitica.com\/wp-content\/uploads\/2026\/05\/reconocieron-al-cordobes-martin-bedouret-por-su-labor-en-el-desarrollo-de-tecnologias-aplicadas-a-la-inclusion-1.jpg\" data-link=\"https:\/\/legislaturacba.gob.ar\/?attachment_id=129367\" class=\"wp-image-129367\"><\/figure>\n<\/li>\n<\/ul>\n<\/figure>\n<p>\u201cCboard\u201d es una aplicaci\u00f3n de comunicaci\u00f3n aumentativa y alternativa (AAC) que permite a ni\u00f1os, ni\u00f1as, adolescentes y adultos con dificultades en el habla expresarse mediante s\u00edmbolos y sistemas de texto a voz. Este desarrollo surge a partir de su experiencia personal, ya que Bedouret convive desde 2016 con esclerosis lateral amiotr\u00f3fica (ELA), enfermedad neurodegenerativa que afecta progresivamente las capacidades motoras y comunicacionales.<\/p>\n<p>Lejos de constituir un l\u00edmite, esta situaci\u00f3n motiv\u00f3 a Bedouret a impulsar una soluci\u00f3n tecnol\u00f3gica con profundo impacto social, orientada a mejorar la calidad de vida de otras personas.<\/p>\n<p>La relevancia de su trabajo fue reconocida cuando gan\u00f3 la final mundial de los Gesa Awards en Londres, certamen que distingue a iniciativas de tecnolog\u00eda educativa con impacto global, lo cual posiciona a C\u00f3rdoba como un polo de desarrollo de soluciones innovadoras en el campo de la accesibilidad.<\/p>\n<figure class=\"wp-block-gallery columns-1 is-cropped\">\n<ul class=\"blocks-gallery-grid\">\n<li class=\"blocks-gallery-item\">\n<figure><img src=\"http:\/\/cordobapolitica.com\/wp-content\/uploads\/2026\/05\/reconocieron-al-cordobes-martin-bedouret-por-su-labor-en-el-desarrollo-de-tecnologias-aplicadas-a-la-inclusion-2.jpg\" alt data-id=\"129369\" data-full-url=\"http:\/\/cordobapolitica.com\/wp-content\/uploads\/2026\/05\/reconocieron-al-cordobes-martin-bedouret-por-su-labor-en-el-desarrollo-de-tecnologias-aplicadas-a-la-inclusion-2.jpg\" data-link=\"https:\/\/legislaturacba.gob.ar\/?attachment_id=129369\" class=\"wp-image-129369\"><\/figure>\n<\/li>\n<\/ul>\n<\/figure>\n<p>El reconocimiento de la Legislatura resalta su <strong>contribuci\u00f3n al desarrollo tecnol\u00f3gico con impacto social, a la inclusi\u00f3n y a la proyecci\u00f3n internacional del talento cordob\u00e9s<\/strong>. <\/p>\n<p>En sus fundamentos, el proyecto pondera que <em>\u201cla innovaci\u00f3n tecnol\u00f3gica orientada a la inclusi\u00f3n constituye un pilar fundamental en la construcci\u00f3n de sociedades m\u00e1s equitativas, permite ampliar derechos y generar herramientas concretas para la participaci\u00f3n plena de personas con discapacidad\u201d<\/em>. Y agrega: <em>\u201cEl desarrollo de soluciones que faciliten la comunicaci\u00f3n resulta clave para garantizar la autonom\u00eda y la integraci\u00f3n social\u201d<\/em>.<\/p>\n","protected":false},"excerpt":{"rendered":"<p>La Legislatura de C\u00f3rdoba reconoci\u00f3 al ingeniero y docente cordob\u00e9s Mart\u00edn Bedouret este jueves, por su destacada labor en el desarrollo de tecnolog\u00edas aplicadas a la inclusi\u00f3n. En este sentido, Bedouret fue distinguido internacionalmente en la ciudad de Londres por crear la aplicaci\u00f3n \u201cCboard\u201d, herramienta que facilita la comunicaci\u00f3n de personas con dificultades severas en [&hellip;]<\/p>\n","protected":false},"author":1,"featured_media":50341,"comment_status":"closed","ping_status":"closed","sticky":false,"template":"","format":"standard","meta":{"om_disable_all_campaigns":false,"_monsterinsights_skip_tracking":false,"_monsterinsights_sitenote_active":false,"_monsterinsights_sitenote_note":"","_monsterinsights_sitenote_category":0},"categories":[31],"tags":[],"aioseo_notices":[],"_links":{"self":[{"href":"https:\/\/cordobapolitica.com\/index.php?rest_route=\/wp\/v2\/posts\/50340"}],"collection":[{"href":"https:\/\/cordobapolitica.com\/index.php?rest_route=\/wp\/v2\/posts"}],"about":[{"href":"https:\/\/cordobapolitica.com\/index.php?rest_route=\/wp\/v2\/types\/post"}],"author":[{"embeddable":true,"href":"https:\/\/cordobapolitica.com\/index.php?rest_route=\/wp\/v2\/users\/1"}],"replies":[{"embeddable":true,"href":"https:\/\/cordobapolitica.com\/index.php?rest_route=%2Fwp%2Fv2%2Fcomments&post=50340"}],"version-history":[{"count":0,"href":"https:\/\/cordobapolitica.com\/index.php?rest_route=\/wp\/v2\/posts\/50340\/revisions"}],"wp:featuredmedia":[{"embeddable":true,"href":"https:\/\/cordobapolitica.com\/index.php?rest_route=\/wp\/v2\/media\/50341"}],"wp:attachment":[{"href":"https:\/\/cordobapolitica.com\/index.php?rest_route=%2Fwp%2Fv2%2Fmedia&parent=50340"}],"wp:term":[{"taxonomy":"category","embeddable":true,"href":"https:\/\/cordobapolitica.com\/index.php?rest_route=%2Fwp%2Fv2%2Fcategories&post=50340"},{"taxonomy":"post_tag","embeddable":true,"href":"https:\/\/cordobapolitica.com\/index.php?rest_route=%2Fwp%2Fv2%2Ftags&post=50340"}],"curies":[{"name":"wp","href":"https:\/\/api.w.org\/{rel}","templated":true}]}}