{"id":50333,"date":"2026-05-01T13:26:00","date_gmt":"2026-05-01T13:26:00","guid":{"rendered":"https:\/\/www.ambito.com\/ambito-nacional\/tucuman-se-anticipo-la-nacion-y-sanciono-su-ley-ficha-limpia-abarca-los-tres-poderes-del-estado-n6272917"},"modified":"2026-05-01T13:26:00","modified_gmt":"2026-05-01T13:26:00","slug":"tucuman-se-anticipo-a-la-nacion-y-sanciono-su-ley-de-ficha-limpia-abarca-a-los-tres-poderes-del-estado","status":"publish","type":"post","link":"https:\/\/cordobapolitica.com\/?p=50333","title":{"rendered":"Tucum\u00e1n se anticip\u00f3 a la Naci\u00f3n y sancion\u00f3 su ley de Ficha Limpia: abarca a los tres poderes del Estado"},"content":{"rendered":"<div><img src=\"http:\/\/cordobapolitica.com\/wp-content\/uploads\/2026\/05\/tucuman-se-anticipo-a-la-nacion-y-sanciono-su-ley-de-ficha-limpia-abarca-a-los-tres-poderes-del-estado.webp\" class=\"ff-og-image-inserted\"><\/div>\n<div id>\n<p id=\"p-1777639844509-77644\"><strong> La Legislatura de Tucum\u00e1n sancion\u00f3 por unanimidad la <a href=\"https:\/\/www.ambito.com\/ambito-nacional\/a-la-par-nacion-tres-provincias-avanzan-proyectos-reforma-electoral-y-ficha-limpia-n6269784\" target=\"_blank\" rel=\"follow noopener\">ley de Ficha Limpia<\/a> en una sesi\u00f3n presidida por el vicegobernador Miguel Acevedo, convirtiendo a la provincia en la novena jurisdicci\u00f3n del pa\u00eds en adoptar esta herramienta de transparencia institucional.<\/strong> La aprobaci\u00f3n se produjo en un contexto nacional en el que La Libertad Avanza impulsa en el Congreso una iniciativa de similares caracter\u00edsticas, pero Tucum\u00e1n se adelant\u00f3 al debate federal y ya cuenta con su propia norma. \u201cFijamos un valladar \u00e9tico y moral alto, el m\u00e1s alto de la Argentina\u201d, sostuvo la legisladora Carolina Vargas Aignasse, presidenta de la Comisi\u00f3n de Asuntos Constitucionales.<\/p>\n<\/div>\n<div id>\n<p id=\"p-1777639844509-71064\">La ley, fruto de la unificaci\u00f3n de seis proyectos parlamentarios y uno del Poder Ejecutivo, fue calificada durante el debate como la m\u00e1s severa y abarcativa del pa\u00eds, ya que no solo alcanza a cargos electivos, sino que tambi\u00e9n se extiende a designaciones en los tres poderes del Estado, municipios y comunas.<\/p>\n<\/div>\n<div id>\n<h2 id=\"p-1777639844509-81987\">Por unanimidad<\/h2>\n<p id=\"p-1777639844509-46520\">Miguel Acevedo, quien presidi\u00f3 la sesi\u00f3n y hab\u00eda impulsado de manera activa el tratamiento del proyecto desde marzo, destac\u00f3 el car\u00e1cter un\u00e1nime de la votaci\u00f3n como un hito para la agenda legislativa. <strong>\u201cEs algo que ven\u00edamos debatiendo, que tuvo un amplio an\u00e1lisis, una exposici\u00f3n impecable de la presidenta de la comisi\u00f3n y que era una demanda no solo de la sociedad, sino tambi\u00e9n de muchos organismos y organizaciones de la provincia\u201d, se\u00f1al\u00f3 el vicegobernador tras la sesi\u00f3n.<\/strong><\/p>\n<\/p><\/div>\n<div id>\n<p id=\"p-1777639844509-14226\"> Acevedo subray\u00f3 adem\u00e1s el compromiso de los presidentes de bloques, a quienes hab\u00eda solicitado \u201cponer en agenda lo antes posible\u201d el proyecto, al que describi\u00f3 como una de las prioridades de la gesti\u00f3n. La sanci\u00f3n se concret\u00f3 tras meses de trabajo en comisiones, donde la iniciativa ingresada en noviembre de 2024 logr\u00f3 el consenso necesario para llegar al recinto.<\/p>\n<\/div>\n<div id>\n<div class=\"embed_cont type_freetext\" id=\"embed3963_wrap\" data-provider=\"Twitter\">\n<p>Embed &#8211; https:\/\/publish.x.com\/oembed?url=https:\/\/x.com\/GeroVAignasse\/status\/2049990117901705448?s=20&amp;partner=&amp;hide_thread=false<span class=\"embed_colapse less\" id=\"embed3963_colapse\"><\/span><span class=\"embed_delete less\" id=\"embed3963_delete\"><\/span><\/p>\n<div id=\"embed3963_content\" class=\"embed_content\">\n<div id=\"embed3963_embed\">\n<blockquote data-td-script-src=\"https:\/\/platform.twitter.com\/widgets.js\" class=\"twitter-tweet\">\n<p id=\"p-1777640288756-21374\" dir=\"ltr\" lang=\"es\"> FICHA LIMPIA EN TUCUM\u00c1N <\/p>\n<p>Sancionamos la ley m\u00e1s rigurosa del pa\u00eds: m\u00e1s delitos incluidos y m\u00e1s cargos alcanzados.<\/p>\n<p>Un mensaje claro: el que tenga cuentas con la Justicia, no puede ocupar un cargo p\u00fablico.<\/p>\n<p>Menos discurso. M\u00e1s transparencia. <a href=\"https:\/\/twitter.com\/hashtag\/FichaLimpia?src=hash&amp;ref_src=twsrc%5Etfw\">#FichaLimpia<\/a><a href=\"https:\/\/twitter.com\/hashtag\/Tucum%C3%A1n?src=hash&amp;ref_src=twsrc%5Etfw\">#Tucum\u00e1n<\/a> <a href=\"https:\/\/t.co\/qb0Eo3f1k7\">pic.twitter.com\/qb0Eo3f1k7<\/a><\/p>\n<p> \u2014 Geronimo Vargas Aignasse (@GeroVAignasse) <a href=\"https:\/\/twitter.com\/GeroVAignasse\/status\/2049990117901705448?ref_src=twsrc%5Etfw\">April 30, 2026<\/a><\/p><\/blockquote>\n<\/div><\/div><\/div><\/div>\n<div id>\n<h2 id=\"p-1777639844509-14128\">Un valladar \u00e9tico y moral alto<\/h2>\n<p id=\"p-1777639844509-25112\"><strong>Como presidenta de la Comisi\u00f3n de Asuntos Constitucionales e Institucionales y miembro informante del dictamen, la legisladora Carolina Vargas Aignasse desglos\u00f3 ante el pleno la complejidad t\u00e9cnica y \u00e9tica de la norma. \u201cSe realiz\u00f3 un exhaustivo an\u00e1lisis de los seis proyectos sobre este tema\u201d, explic\u00f3 y detall\u00f3 que el texto final amalgam\u00f3 las iniciativas del Poder Ejecutivo -con la firma del gobernador Osvaldo Jaldo- y de los legisladores Ger\u00f3nimo Vargas Aignasse, Jos\u00e9 Macome, Silvia El\u00edas de P\u00e9rez, Ricardo Bussi y Raquel Nievas, estos \u00faltimos de la oposici\u00f3n.<\/strong><\/p>\n<p id=\"p-1777639844509-40618\">Vargas Aignasse aclar\u00f3 que la ley establece un \u201cvalladar \u00e9tico y moral alto\u201d para el acceso a cargos p\u00fablicos, con una inhabilitaci\u00f3n que operar\u00e1 ante condenas por delitos graves contra la administraci\u00f3n p\u00fablica, la integridad sexual, el narcotr\u00e1fico, la vida y la libertad, e incorpor\u00f3 expresamente a los deudores alimentarios. Precis\u00f3 que el \u00e1mbito de aplicaci\u00f3n abarca los tres poderes del Estado, incluyendo en el Ejecutivo hasta el rango de subdirector, entes aut\u00e1rquicos y la plana mayor de la Polic\u00eda, adem\u00e1s de autoridades municipales, comunales y sus secretarios habilitados.<\/p>\n<p id=\"p-1777639844509-38440\">Respecto de posibles colisiones con la Constituci\u00f3n provincial, explic\u00f3 que la ley no puede actuar de manera autom\u00e1tica sobre cargos con reg\u00edmenes de remoci\u00f3n constitucionalmente establecidos \u2014como los miembros del Tribunal de Cuentas\u2014, sino que la condena en segunda instancia funcionar\u00e1 como disparador para activar juicios pol\u00edticos o jury de enjuiciamiento, respetando as\u00ed los procedimientos de destituci\u00f3n previstos en la carta magna local.<\/p>\n<p id=\"p-1777639844509-84832\">La legisladora tambi\u00e9n destac\u00f3 la creaci\u00f3n de un Registro P\u00fablico Provincial de Ficha Limpia bajo la \u00f3rbita del Ministerio de Gobierno y Justicia, con cl\u00e1usulas transitorias que establecen 60 d\u00edas para que el Poder Judicial remita la n\u00f3mina de condenados y 120 d\u00edas para que el registro est\u00e9 operativo. \u201cLa vigencia de la ley ser\u00e1 a partir de su promulgaci\u00f3n y publicaci\u00f3n, pero esto se refiere \u00fanicamente a la parte operativa de la conformaci\u00f3n del registro\u201d, aclar\u00f3.<\/p>\n<h2 id=\"p-1777639844509-51915\">Tucum\u00e1n dio un paso importante<\/h2>\n<p id=\"p-1777639844509-5051\"><strong>El legislador radical Jos\u00e9 Cano celebr\u00f3 la medida como un triunfo de la sociedad civil sobre la pol\u00edtica partidaria.<\/strong> \u201cTucum\u00e1n da un paso importante al sumarse a las provincias que ya cuentan con esta herramienta\u201d, afirm\u00f3. Para Cano, la aprobaci\u00f3n no es solo un logro legislativo, sino tambi\u00e9n el resultado tangible de una demanda ciudadana que recolect\u00f3 m\u00e1s de 500.000 firmas en todo el pa\u00eds. \u201cEs un camino correcto, pero quedan desaf\u00edos pendientes en el sistema electoral y en la regulaci\u00f3n del financiamiento pol\u00edtico\u201d, advirti\u00f3.<\/p>\n<div class=\"embed_cont type_freetext\" id=\"embed4685_wrap\" data-provider=\"Twitter\">\n<p>Embed &#8211; https:\/\/publish.x.com\/oembed?url=https:\/\/x.com\/JCanoOK\/status\/2049884556111626582?s=20&amp;partner=&amp;hide_thread=false<span class=\"embed_colapse less\" id=\"embed4685_colapse\"><\/span><span class=\"embed_delete less\" id=\"embed4685_delete\"><\/span><\/p>\n<div id=\"embed4685_content\" class=\"embed_content\">\n<div id=\"embed4685_embed\">\n<blockquote data-td-script-src=\"https:\/\/platform.twitter.com\/widgets.js\" class=\"twitter-tweet\">\n<p id=\"p-1777640231415-92433\" dir=\"ltr\" lang=\"es\"> Tucum\u00e1n da un paso importante con Ficha Limpia. Es el resultado del trabajo de la sociedad civil, del impulso del movimiento a nivel nacional con referentes como <a href=\"https:\/\/twitter.com\/gastonmarraOK?ref_src=twsrc%5Etfw\">@gastonmarraOK<\/a> y <a href=\"https:\/\/twitter.com\/Jota_Canelada?ref_src=twsrc%5Etfw\">@Jota_Canelada<\/a> , de las m\u00e1s de 500.000 firmas y del trabajo de legisladores sostenido durante a\u00f1os.<\/p>\n<p> \u2014 Jos\u00e9 Cano (@JCanoOK) <a href=\"https:\/\/twitter.com\/JCanoOK\/status\/2049884556111626582?ref_src=twsrc%5Etfw\">April 30, 2026<\/a><\/p><\/blockquote>\n<\/div><\/div><\/div>\n<p id=\"p-1777639844509-54856\">Al igual que otras voces de la oposici\u00f3n, Cano se\u00f1al\u00f3 que Ficha Limpia debe complementarse con una Ley de \u00c9tica P\u00fablica y una reforma que incluya la Boleta \u00danica, temas que quedaron fuera de la agenda parlamentaria actual.<\/p>\n<p id=\"p-1777639844509-23301\"><strong>El debate, que cont\u00f3 con la participaci\u00f3n de la fiscal de Estado Gilda Pedicone en las reuniones previas de comisi\u00f3n, dej\u00f3 en evidencia que la Ficha Limpia tucumana supera los alcances de otras provincias.<\/strong> Mientras que en jurisdicciones como Chubut, Mendoza o C\u00f3rdoba la norma se limita a cargos electivos o a delitos espec\u00edficos, la ley sancionada en Tucum\u00e1n \u201cpas\u00f3 las fronteras de los cargos electivos\u201d para incluir a toda la estructura estatal, con condena en segunda instancia como requisito y un cat\u00e1logo ampliado de delitos inhabilitantes.<\/p>\n<h2 id=\"p-1777639844509-72435\">Puntos clave de la ley<\/h2>\n<ul id=\"p-1777641119926-74764\">\n<li id=\"p-1777639844509-41281\"><strong>Unanimidad legislativa<\/strong>: oficialismo y oposici\u00f3n aprobaron la norma.<\/li>\n<li id=\"p-1777641122045-58077\"><strong> Alcance ampliado<\/strong>: cargos electivos y designaciones en los tres poderes, municipios y comunas.<\/li>\n<li id=\"p-1777641125064-41264\"><strong>Delitos inhabilitantes<\/strong>: corrupci\u00f3n, narcotr\u00e1fico, delitos contra la vida, integridad sexual, libertad, administraci\u00f3n p\u00fablica y deudores alimentarios.<\/li>\n<li id=\"p-1777641128891-92537\"><strong>Registro P\u00fablico Provincial<\/strong>: bajo el Ministerio de Gobierno y Justicia, operativo en 120 d\u00edas.<\/li>\n<\/ul>\n<p id=\"p-1777639844509-24715\">Tucum\u00e1n se convirti\u00f3 con esta norma en la novena provincia argentina en sancionar la Ley de Ficha Limpia. Las otras jurisdicciones que ya la tienen son Chubut, Mendoza, Salta, Jujuy, San Juan, Santa Fe, R\u00edo Negro y C\u00f3rdoba.<\/p>\n<\/p><\/div>\n","protected":false},"excerpt":{"rendered":"<p>La Legislatura de Tucum\u00e1n sancion\u00f3 por unanimidad la ley de Ficha Limpia en una sesi\u00f3n presidida por el vicegobernador Miguel Acevedo, convirtiendo a la provincia en la novena jurisdicci\u00f3n del pa\u00eds en adoptar esta herramienta de transparencia institucional. La aprobaci\u00f3n se produjo en un contexto nacional en el que La Libertad Avanza impulsa en el [&hellip;]<\/p>\n","protected":false},"author":1,"featured_media":50334,"comment_status":"closed","ping_status":"closed","sticky":false,"template":"","format":"standard","meta":{"om_disable_all_campaigns":false,"_monsterinsights_skip_tracking":false,"_monsterinsights_sitenote_active":false,"_monsterinsights_sitenote_note":"","_monsterinsights_sitenote_category":0},"categories":[3],"tags":[],"aioseo_notices":[],"_links":{"self":[{"href":"https:\/\/cordobapolitica.com\/index.php?rest_route=\/wp\/v2\/posts\/50333"}],"collection":[{"href":"https:\/\/cordobapolitica.com\/index.php?rest_route=\/wp\/v2\/posts"}],"about":[{"href":"https:\/\/cordobapolitica.com\/index.php?rest_route=\/wp\/v2\/types\/post"}],"author":[{"embeddable":true,"href":"https:\/\/cordobapolitica.com\/index.php?rest_route=\/wp\/v2\/users\/1"}],"replies":[{"embeddable":true,"href":"https:\/\/cordobapolitica.com\/index.php?rest_route=%2Fwp%2Fv2%2Fcomments&post=50333"}],"version-history":[{"count":0,"href":"https:\/\/cordobapolitica.com\/index.php?rest_route=\/wp\/v2\/posts\/50333\/revisions"}],"wp:featuredmedia":[{"embeddable":true,"href":"https:\/\/cordobapolitica.com\/index.php?rest_route=\/wp\/v2\/media\/50334"}],"wp:attachment":[{"href":"https:\/\/cordobapolitica.com\/index.php?rest_route=%2Fwp%2Fv2%2Fmedia&parent=50333"}],"wp:term":[{"taxonomy":"category","embeddable":true,"href":"https:\/\/cordobapolitica.com\/index.php?rest_route=%2Fwp%2Fv2%2Fcategories&post=50333"},{"taxonomy":"post_tag","embeddable":true,"href":"https:\/\/cordobapolitica.com\/index.php?rest_route=%2Fwp%2Fv2%2Ftags&post=50333"}],"curies":[{"name":"wp","href":"https:\/\/api.w.org\/{rel}","templated":true}]}}