{"id":50300,"date":"2026-04-30T15:16:00","date_gmt":"2026-04-30T15:16:00","guid":{"rendered":"http:\/\/9dea1ecb9a50c85b407044d2b2f1a9d0"},"modified":"2026-04-30T15:16:00","modified_gmt":"2026-04-30T15:16:00","slug":"jalil-tantea-la-posibilidad-de-ser-candidato-libertario-para-buscar-un-tercer-mandato","status":"publish","type":"post","link":"https:\/\/cordobapolitica.com\/?p=50300","title":{"rendered":"Jalil tantea la posibilidad de ser candidato libertario para buscar un tercer mandato"},"content":{"rendered":"<p><img src=\"http:\/\/cordobapolitica.com\/wp-content\/uploads\/2026\/05\/jalil-tantea-la-posibilidad-de-ser-candidato-libertario-para-buscar-un-tercer-mandato.jpg\"><\/p>\n<p>Ra\u00fal Jalil eval\u00faa la posibilidad de postularse en 2027 por tercera vez consecutiva para gobernar su provincia, pero esta vez enfrentar\u00eda la resistencia de un sector del PJ&nbsp; que apuesta a la candidatura del actual intendente de San Fernando del Valle de Catamarca, Gustavo Saadi.<\/p>\n<p>El gobernador limit\u00f3 la reelecci\u00f3n indefinida establecida en la Constituci\u00f3n de su distrito, cuando finalizaba su primer mandato, pero estableci\u00f3 que esa reglamentaci\u00f3n empezar\u00e1 a contar a partir de su segundo turno al frente de la provincia. O sea, se garantiz\u00f3 legalmente la posibilidad de volver a presentarse a las elecciones para la gobernaci\u00f3n.<\/p>\n<p>Sin embargo, el peronismo catamarque\u00f1o abriga una cl\u00e1usula t\u00e1cita que dice que ning\u00fan gobernador justicialista puede mantenerse en el poder m\u00e1s de dos mandatos seguidos. Por eso, una fracci\u00f3n partidaria impulsa a Saadi.<\/p>\n<p>Frente a ese contexto, un importante ex funcionario de Catamarca confirm\u00f3 a LPO que &#8220;para no entregar el poder, Jalil analiza ser candidato por La Libertad Avanza&#8221;. Sin embargo, dos dirigentes peronistas identificados con Jalil negaron la posibilidad de forma tajante.<\/p>\n<p><a href=\"https:\/\/www.lapoliticaonline.com\/tools\/redirect.php?t=3&amp;i=344375&amp;s=96ee7398408c421dfab8463d93a474a1\" target=\"_blank\" class=\"link-type-content content-type-noticia-ar\" rel=\"noopener\">Jaldo rechaza la eliminaci\u00f3n de las PASO y el gobierno queda lejos de conseguir los votos<\/a><\/p>\n<p>Como sea, la cercan\u00eda del gobernador al gobierno de Milei no es un secreto y logra trascender la interna libertaria: Jalil se lleva bien con Santiago Caputo, pero tambi\u00e9n con los Menem. Esta sinton\u00eda le trajo costos en el peronismo y pone en tensi\u00f3n su idea de buscar un tercer mandato por esa fuerza.<\/p>\n<p class=\"authorquote\" title=\"Jorge Capitanich al gobernador Jalil\">\u00bfQu\u00e9 vas a hacer vos en el 2027? Porque nosotros no vamos a arriesgar la representaci\u00f3n del peronismo de Catamarca.<\/p>\n<p>El chaque\u00f1o Jorge &#8220;Coqui&#8221; Capitanich cruz\u00f3 p\u00fablicamente Jalil en diciembre, despu\u00e9s que sus senadores respaldaran el ajuste de la inversi\u00f3n en materia educativa, ciencia y tecnolog\u00eda y defensa. &#8220;\u00bfQu\u00e9 vas a hacer vos en el 2027? Porque nosotros no vamos a arriesgar la representaci\u00f3n del peronismo de Catamarca&#8221;, lo desafi\u00f3 el chaque\u00f1o.<\/p>\n<p>Un legislador cercano a Jalil confirm\u00f3 a LPO que el gobernador &#8220;legalmente puede buscar un tercer mandato&#8221;. &#8220;Ten\u00edamos reelecci\u00f3n indefinida, pero siempre se trata de cumplir dos mandatos y dejar, pero la posibilidad de continuar es posible. Luc\u00eda Corpacci pod\u00eda seguir y dej\u00f3 a Ra\u00fal, ahora el candidato natural es Gustavo Saadi&#8221;, explic\u00f3.<\/p>\n<figure class=\"vsmimage\" contenteditable=\"false\"><img loading=\"lazy\" alt=\"El intendente de San Fernando del Valle de Catamarca, Gustavo Saadi.\" data-vsmid=\"285979\" data-owidth=\"1600\" data-oheight=\"1068\" src=\"data:image\/png;base64,iVBORw0KGgoAAAANSUhEUgAAAx4AAAIOAQMAAAAMVUlSAAAAA1BMVEUAAACnej3aAAAAAXRSTlMAQObYZgAAAElJREFUeJztwQEBAAAAgiD\/r25IQAEAAAAAAAAAAAAAAAAAAAAAAAAAAAAAAAAAAAAAAAAAAAAAAAAAAAAAAAAAAAAAAAAAAPBjz4YAAXoxaWgAAAAASUVORK5CYII=\" vsmidos=\"1\" vsmsrc=\"\/files\/image\/285\/285979\/69f37c06ef19d_798_526!.jpg?s=bfacade67506db4f6c66ade639317278&amp;d=1777564680\" width=\"798\" height=\"526\"><\/figure>\n<p>Ahora la posici\u00f3n de Jalil cobra relevancia porque el gobierno est\u00e1 contando de a uno los votos en el Senado para lograr eliminar las PASO, un tr\u00e1mite clave para desarmar las chances que armen <a href=\"https:\/\/www.lapoliticaonline.com\/tools\/redirect.php?t=3&amp;i=343357&amp;s=a27c2336e0f957894563112c865abc70\">una gran primaria contra Milei<\/a>, que vaya desde Jorge Brito hasta Axel Kicillof.<\/p>\n<p><a href=\"https:\/\/www.lapoliticaonline.com\/tools\/redirect.php?t=3&amp;i=344397&amp;s=6d5ca88c3a9ce6a7a2e3f5f1924d9f96\" class=\"link-type-content content-type-noticia-ar\">La senadora de S\u00e1enz no apoya la eliminaci\u00f3n de las PASO y al gobierno se le escapa la mayor\u00eda en el Senado<\/a><\/p>\n<p>El catamarque\u00f1o tiene una excusa para su alineamiento. &#8220;En Catamarca, el Presidente tiene una imagen positiva de m\u00e1s de 50 puntos&#8221;, suele quejarse en la intimidad ante los reproches que le llegan de parte de sus colegas. El otro argumento es m\u00e1s concreto y parad\u00f3jico: por las pol\u00edticas de Milei la recaudaci\u00f3n provincial se derrumb\u00f3 y Catamarca agudiz\u00f3 su dependencia de los salvatajes de Naci\u00f3n, que suele asistirlo con env\u00edos de ATN.<\/p>\n<p class=\"authorquote\">Ten\u00edamos reelecci\u00f3n indefinida, pero siempre se trata de cumplir dos mandatos y dejar, pero la posibilidad de continuar es posible, Luc\u00eda Corpacci pod\u00eda seguir y dej\u00f3 a Ra\u00fal, ahora el candidato natural es Gustavo Saadi.<\/p>\n<p>Los libertarios, por su parte, no acreditan un armado pol\u00edtico fuerte en Catamarca. Durante los primeros dos a\u00f1os de mandato de Milei, alquilaron la referencia de Francisco Monti, uno de los radicales con peluca cuyo mandato culmin\u00f3 en diciembre, y ahora s\u00f3lo cuentan con el diputado Adri\u00e1n Brizuela.<\/p>\n<p>Un funcionario del gobierno admiti\u00f3 a LPO que Karina Milei y Lule Menem podr\u00edan prometerle a Jalil la postulaci\u00f3n de un candidato propio pero de baja intensidad, como <a href=\"https:\/\/www.lapoliticaonline.com\/tools\/redirect.php?t=3&amp;i=343679&amp;s=b83c905beca67b46024309db0b284af0\">inform\u00f3 LPO<\/a> que analizan hacer en Santa Fe y C\u00f3rdoba para no complicar las elecciones de Maximiliano Pullaro y Mart\u00edn Llaryora, a cambio que voten la eliminaci\u00f3n de las PASO.<\/p>\n","protected":false},"excerpt":{"rendered":"<p>Ra\u00fal Jalil eval\u00faa la posibilidad de postularse en 2027 por tercera vez consecutiva para gobernar su provincia, pero esta vez enfrentar\u00eda la resistencia de un sector del PJ&nbsp; que apuesta a la candidatura del actual intendente de San Fernando del Valle de Catamarca, Gustavo Saadi. El gobernador limit\u00f3 la reelecci\u00f3n indefinida establecida en la Constituci\u00f3n [&hellip;]<\/p>\n","protected":false},"author":1,"featured_media":50301,"comment_status":"closed","ping_status":"closed","sticky":false,"template":"","format":"standard","meta":{"om_disable_all_campaigns":false,"_monsterinsights_skip_tracking":false,"_monsterinsights_sitenote_active":false,"_monsterinsights_sitenote_note":"","_monsterinsights_sitenote_category":0},"categories":[30],"tags":[],"aioseo_notices":[],"_links":{"self":[{"href":"https:\/\/cordobapolitica.com\/index.php?rest_route=\/wp\/v2\/posts\/50300"}],"collection":[{"href":"https:\/\/cordobapolitica.com\/index.php?rest_route=\/wp\/v2\/posts"}],"about":[{"href":"https:\/\/cordobapolitica.com\/index.php?rest_route=\/wp\/v2\/types\/post"}],"author":[{"embeddable":true,"href":"https:\/\/cordobapolitica.com\/index.php?rest_route=\/wp\/v2\/users\/1"}],"replies":[{"embeddable":true,"href":"https:\/\/cordobapolitica.com\/index.php?rest_route=%2Fwp%2Fv2%2Fcomments&post=50300"}],"version-history":[{"count":0,"href":"https:\/\/cordobapolitica.com\/index.php?rest_route=\/wp\/v2\/posts\/50300\/revisions"}],"wp:featuredmedia":[{"embeddable":true,"href":"https:\/\/cordobapolitica.com\/index.php?rest_route=\/wp\/v2\/media\/50301"}],"wp:attachment":[{"href":"https:\/\/cordobapolitica.com\/index.php?rest_route=%2Fwp%2Fv2%2Fmedia&parent=50300"}],"wp:term":[{"taxonomy":"category","embeddable":true,"href":"https:\/\/cordobapolitica.com\/index.php?rest_route=%2Fwp%2Fv2%2Fcategories&post=50300"},{"taxonomy":"post_tag","embeddable":true,"href":"https:\/\/cordobapolitica.com\/index.php?rest_route=%2Fwp%2Fv2%2Ftags&post=50300"}],"curies":[{"name":"wp","href":"https:\/\/api.w.org\/{rel}","templated":true}]}}