{"id":50298,"date":"2026-04-30T22:43:54","date_gmt":"2026-04-30T22:43:54","guid":{"rendered":"http:\/\/53b1888aa3a47816586b98ed4545d464"},"modified":"2026-04-30T22:43:54","modified_gmt":"2026-04-30T22:43:54","slug":"mario-lugones-activo-una-maniobra-para-quedarse-con-la-obra-social-de-los-medicos","status":"publish","type":"post","link":"https:\/\/cordobapolitica.com\/?p=50298","title":{"rendered":"Mario Lugones activ\u00f3 una maniobra para quedarse con la obra social de los m\u00e9dicos"},"content":{"rendered":"<p><img src=\"http:\/\/cordobapolitica.com\/wp-content\/uploads\/2026\/05\/mario-lugones-activo-una-maniobra-para-quedarse-con-la-obra-social-de-los-medicos.jpg\"><\/p>\n<div><img src=\"http:\/\/cordobapolitica.com\/wp-content\/uploads\/2026\/05\/mario-lugones-activo-una-maniobra-para-quedarse-con-la-obra-social-de-los-medicos-2.jpg\" class=\"ff-og-image-inserted\"><\/div>\n<p>Mario Lugones activ\u00f3 una maniobra para quedarse con Osm\u00e9dica, la obra social de los m\u00e9dicos que tiene m\u00e1s de 180 mil afiliados en todo el pa\u00eds. La intenci\u00f3n del secretario de Salud ser\u00eda nombrar una gerenciadora a pesar de que la obra social es superavitaria.<\/p>\n<p>Por estatuto, Osm\u00e9dica est\u00e1 administrada por Femeca, la Federaci\u00f3n de M\u00e9dicos de Capital, pero con el paso de los a\u00f1os capt\u00f3 afiliados en toda la Argentina. Su presidente es H\u00e9ctor Gar\u00edn, creador del SAME, pero desde el a\u00f1o pasado la conducci\u00f3n del gremio est\u00e1 judicializada.<\/p>\n<p>M\u00e9dicos Municipales est\u00e1 afiliado en Femeca y decidi\u00f3 jugar fuerte en la federaci\u00f3n. Primero consigui\u00f3 armar junta electoral paralela que luego convoc\u00f3 a elecciones de Femeca el 18 de marzo de 2026. Las elecciones oficiales se celebraron un d\u00eda antes y confirmaron a Gar\u00edn en la conducci\u00f3n del gremio.<\/p>\n<p>M\u00e9dicos Municipales, el poderoso gremio que conduce Carlos Rojo, impuls\u00f3 a Cristina Rosales. &#8220;No les interesa Femeca, quieren quedarse con la obra social&#8221;, le dijo a LPO un miembro del oficialismo.<\/p>\n<p><a href=\"https:\/\/www.lapoliticaonline.com\/tools\/redirect.php?t=3&amp;i=343517&amp;s=a527766712c52205a0b277a8cf7139a1\" target=\"_blank\" class=\"link-type-content content-type-noticia-ar\" rel=\"noopener\">Para Lugones, los jubilados del Pami mayores de 80 a\u00f1os son &#8220;una carga muy grande&#8221;<\/a><\/p>\n<p>Sin acuerdo entre las partes, la cuesti\u00f3n se judicializ\u00f3. La comisi\u00f3n blue se anot\u00f3 una victoria luego de que la Superintendencia de Salud, que responde a Mario Lugones nombrara a un administrador para Osm\u00e9dica, que desde hace m\u00e1s de un mes est\u00e1 paralizada por la disputa.<\/p>\n<p>El elegido fue Hern\u00e1n N\u00e1poli, un viejo conocido de Rojo que se desempe\u00f1a como secretario de Ceremonial y Protocolo Facultad de Medicina. El titular de M\u00e9dicos Municipales tiene influencia en la UBA y aliado a Emiliano Yacobitti llev\u00f3 al ex decano de Medicina, Ricardo Gelpi, al rectorado.<\/p>\n<p>El rumor que se escucha en Osem\u00e9dica es que Rojo y Lugones ya tienen conversaciones avanzadas con una gerenciadora para que se haga cargo de la obra social. &#8220;No se entiende para qu\u00e9 se necesita una gerenciadora si Osem\u00e9dica sigue haciendo obras y abriendo nuevos centros m\u00e9dicos&#8221;, se quej\u00f3 un dirigente del oficialismo.<\/p>\n","protected":false},"excerpt":{"rendered":"<p>Mario Lugones activ\u00f3 una maniobra para quedarse con Osm\u00e9dica, la obra social de los m\u00e9dicos que tiene m\u00e1s de 180 mil afiliados en todo el pa\u00eds. La intenci\u00f3n del secretario de Salud ser\u00eda nombrar una gerenciadora a pesar de que la obra social es superavitaria. Por estatuto, Osm\u00e9dica est\u00e1 administrada por Femeca, la Federaci\u00f3n de [&hellip;]<\/p>\n","protected":false},"author":1,"featured_media":50299,"comment_status":"closed","ping_status":"closed","sticky":false,"template":"","format":"standard","meta":{"om_disable_all_campaigns":false,"_monsterinsights_skip_tracking":false,"_monsterinsights_sitenote_active":false,"_monsterinsights_sitenote_note":"","_monsterinsights_sitenote_category":0},"categories":[30],"tags":[],"aioseo_notices":[],"_links":{"self":[{"href":"https:\/\/cordobapolitica.com\/index.php?rest_route=\/wp\/v2\/posts\/50298"}],"collection":[{"href":"https:\/\/cordobapolitica.com\/index.php?rest_route=\/wp\/v2\/posts"}],"about":[{"href":"https:\/\/cordobapolitica.com\/index.php?rest_route=\/wp\/v2\/types\/post"}],"author":[{"embeddable":true,"href":"https:\/\/cordobapolitica.com\/index.php?rest_route=\/wp\/v2\/users\/1"}],"replies":[{"embeddable":true,"href":"https:\/\/cordobapolitica.com\/index.php?rest_route=%2Fwp%2Fv2%2Fcomments&post=50298"}],"version-history":[{"count":0,"href":"https:\/\/cordobapolitica.com\/index.php?rest_route=\/wp\/v2\/posts\/50298\/revisions"}],"wp:featuredmedia":[{"embeddable":true,"href":"https:\/\/cordobapolitica.com\/index.php?rest_route=\/wp\/v2\/media\/50299"}],"wp:attachment":[{"href":"https:\/\/cordobapolitica.com\/index.php?rest_route=%2Fwp%2Fv2%2Fmedia&parent=50298"}],"wp:term":[{"taxonomy":"category","embeddable":true,"href":"https:\/\/cordobapolitica.com\/index.php?rest_route=%2Fwp%2Fv2%2Fcategories&post=50298"},{"taxonomy":"post_tag","embeddable":true,"href":"https:\/\/cordobapolitica.com\/index.php?rest_route=%2Fwp%2Fv2%2Ftags&post=50298"}],"curies":[{"name":"wp","href":"https:\/\/api.w.org\/{rel}","templated":true}]}}