{"id":50295,"date":"2026-04-30T22:45:00","date_gmt":"2026-04-30T22:45:00","guid":{"rendered":"https:\/\/cordobapolitica.com\/?p=50295"},"modified":"2026-04-30T22:45:00","modified_gmt":"2026-04-30T22:45:00","slug":"una-semana-sin-periodistas-en-casa-rosada-crece-el-indice-de-odio-de-javier-milei","status":"publish","type":"post","link":"https:\/\/cordobapolitica.com\/?p=50295","title":{"rendered":"Una semana sin periodistas en Casa Rosada: crece el &#8220;\u00edndice de odio&#8221; de Javier Milei"},"content":{"rendered":"<div class=\"media_block\"><\/div>\n<p>La p<a target=\"_blank\" href=\"https:\/\/www.perfil.com\/noticias\/politica\/javier-milei-volvio-a-apuntar-contra-los-periodistas-ensobrados-y-corruptos.phtml\" rel=\"noopener\">elea del presidente Javier Milei con los periodistas<\/a> se intensific\u00f3 en los \u00faltimos d\u00edas, especialmente a partir de la decisi\u00f3n de <a target=\"_blank\" href=\"https:\/\/www.perfil.com\/noticias\/politica\/el-gobierno-de-javier-milei-prohibio-el-ingreso-a-los-periodistas-acreditados-a-la-casa-rosada.phtml\" rel=\"noopener\"><strong>restringir el acceso de la prensa acreditada a la Casa Rosada<\/strong><\/a>, una medida que se activ\u00f3 <strong>hace exactamente una semana<\/strong>. En ese marco, el mandatario inici\u00f3 su jornada este jueves con un posteo en su cuenta personal de la red social X y <strong>un nuevo ataque a la prensa:<\/strong> <strong>&#8220;Basuras inmundas&#8221;<\/strong>.<\/p>\n<p>La decisi\u00f3n de <a target=\"_blank\" href=\"https:\/\/www.perfil.com\/noticias\/politica\/el-gobierno-explico-por-que-prohibio-el-ingreso-de-periodistas-a-la-casa-rosada-el-unico-fin-es-garantizar-la-seguridad-nacional.phtml\" rel=\"noopener\">prohibir el ingreso de los medios a la casa de gobierno<\/a> fue comunicada de manera informal y, por el momento, <a target=\"_blank\" href=\"https:\/\/Javier Milei no da se\u00f1ales de volver a abrir la Sala de Prensa de la Casa Rosada\" rel=\"noopener\"><strong>no exhibe avances hacia una resoluci\u00f3n concreta<\/strong><\/a>.<\/p>\n<div>\n<figure class=\"image\"><img alt=\"Periodistas de distintos medios acreditados en Casa Rosada posan afuera de la casa de gobierno\" src=\"http:\/\/cordobapolitica.com\/wp-content\/uploads\/2026\/04\/una-semana-sin-periodistas-en-casa-rosada-crece-el-indice-de-odio-de-javier-milei.webp\" loading=\"lazy\"><figcaption><em>Periodistas de distintos medios acreditados en Casa Rosada posan afuera de la casa de gobierno<\/em><\/figcaption><\/figure>\n<\/p><\/div>\n<p>\u201c<strong>Todav\u00eda no hay nada<\/strong>\u201d, se\u00f1alan en el entorno del secretario de Prensa, <strong>Javier Lanari<\/strong>, un experiodista ubicado en <strong>el punto m\u00e1s inc\u00f3modo del esquema<\/strong>: administrar el v\u00ednculo entre un Presidente que acelera y una estructura institucional que intenta <strong>no perder el control<\/strong>.<\/p>\n<div class=\"subscription\">\n<p> Esto no les gusta a los autoritarios <\/p>\n<div class=\"subscription__container\">\n<div class=\"subscription__text-wrapper\">\n<p> El ejercicio del periodismo profesional y cr\u00edtico es un pilar fundamental de la democracia. Por eso molesta a quienes creen ser los due\u00f1os de la verdad. <\/p>\n<\/p><\/div><\/div><\/div>\n<p class=\"destacadoNota\"><a target=\"_blank\" href=\"https:\/\/www.perfil.com\/noticias\/politica\/la-iglesia-recibio-a-los-acreditados-de-casa-rosada-despues-del-cierre-de-la-sala-de-prensa.phtml\" rel=\"noopener\"><strong>La Iglesia recibi\u00f3 a los acreditados de Casa Rosada despu\u00e9s del cierre de la sala de prensa<\/strong><\/a><\/p>\n<p>El problema de Lanari no es explicar la tensi\u00f3n: <strong>es sostenerla todos los d\u00edas<\/strong> sin que se institucionalice el desorden.<\/p>\n<p>\u201c<strong>El caso est\u00e1 cerrado, chorros, corruptos<\/strong>\u201d, lanz\u00f3 Milei en los pasillos del Congreso al referirse a la investigaci\u00f3n que involucra al jefe de Gabinete, <strong>Manuel Adorni<\/strong>, por <strong>presunto enriquecimiento il\u00edcito<\/strong>.<\/p>\n<p>En paralelo, la disputa con el sistema medi\u00e1tico se volvi\u00f3 <strong>un hilo constante de la agenda presidencial<\/strong>. En sus tres intervenciones p\u00fablicas de esta semana, <strong>Milei volvi\u00f3 a apuntar contra los periodistas las tres vece<\/strong>s, acompa\u00f1ado por <strong>una sucesi\u00f3n de mensajes en redes sociales<\/strong> que funciona como <strong>prolongaci\u00f3n directa del discurso pol\u00edtico<\/strong>.<\/p>\n<p class=\"destacadoNota\"><a target=\"_blank\" href=\"https:\/\/www.perfil.com\/noticias\/modo-fontevecchia\/una-periodista-acreditada-conto-la-verdadera-razon-por-la-que-el-gobierno-cerro-la-casa-rosada-modof.phtml\" rel=\"noopener\"><strong>Una periodista acreditada cont\u00f3 la verdadera raz\u00f3n por la que el Gobierno cerr\u00f3 la Casa Rosada<\/strong><\/a><\/p>\n<p>\u201cHan dicho de todo sobre m\u00ed. Me han acusado de incestuoso, zoof\u00edlico, y ped\u00f3filo. Creo que tengo derecho de defenderme. <strong>\u00bfQu\u00e9 creen que es el principio de no agresi\u00f3n? Los periodistas pueden pegar, pero tambi\u00e9n se puede responder<\/strong>. Eso no afecta a la libertad de expresi\u00f3n\u201d, afirm\u00f3 durante <a target=\"_blank\" href=\"https:\/\/www.perfil.com\/noticias\/economia\/javier-milei-habla-en-el-cierre-de-la-expo-efi-2026-en-la-ciudad-de-buenos-aires.phtml\" rel=\"noopener\">el cierre de la ExpoEFI<\/a> en el Centro de Convenciones.<\/p>\n<div>\n<figure class=\"image\"><img alt=\"Javier Milei en el cierre de la ExpoEFI\" src=\"http:\/\/cordobapolitica.com\/wp-content\/uploads\/2026\/04\/una-semana-sin-periodistas-en-casa-rosada-crece-el-indice-de-odio-de-javier-milei-1.webp\" loading=\"lazy\"><figcaption><em>Javier Milei atac\u00f3 al periodismo en el cierre de la ExpoEFI<\/em><\/figcaption><\/figure>\n<\/p><\/div>\n<p>Y a\u00f1adi\u00f3: \u201cSi creen que hay asimetr\u00eda, les pregunto:<strong> \u00bfEn qu\u00e9 momento ejerc\u00ed violencia?<\/strong> <strong>Esto es para todos los llorones<\/strong>\u201d, sentenci\u00f3.<\/p>\n<p>Este jueves, el Presidente volvi\u00f3 a iniciar la jornada en la misma l\u00ednea desde sus redes sociales. Esta vez no apunt\u00f3 a todos los periodistas, sino \u2014seg\u00fan su propia segmentaci\u00f3n\u2014 al \u201c95%\u201d: \u201cNOL$ALP. <strong>Desenmascarando el accionar de las basuras inmundas (95%) que llevan el r\u00f3tulo de \u2018periodistas\u2019<\/strong>. La falta de pauta los tiene tan locos que hoy no exhiben diferencia alguna en visi\u00f3n. VIVA LA LIBERTAD CARAJO&#8230;!!!\u201d.<\/p>\n<div>\n<figure class=\"image\"><img alt=\"Javier Milei y su campa\u00f1a 'No odiamos lo suficiente a los periodistas' - NOL$ALP\" src=\"http:\/\/cordobapolitica.com\/wp-content\/uploads\/2026\/04\/una-semana-sin-periodistas-en-casa-rosada-crece-el-indice-de-odio-de-javier-milei-2.webp\" loading=\"lazy\"><figcaption><em>&#8220;NOL$ALP&#8221;: Javier Milei y su campa\u00f1a &#8220;No odiamos lo suficiente a los periodistas&#8221;<\/em><\/figcaption><\/figure>\n<\/p><\/div>\n<p class=\"destacadoNota\"><a target=\"_blank\" href=\"https:\/\/www.perfil.com\/noticias\/politica\/el-pro-advirtio-al-gobierno-el-periodismo-no-esta-para-congraciar-esta-para-informar-a35.phtml\" rel=\"noopener\"><strong>El PRO advirti\u00f3 al Gobierno: \u201cEl periodismo no est\u00e1 para congraciar, est\u00e1 para informar\u201d<\/strong><\/a><\/p>\n<p>La pol\u00edtica, en este punto, ya no discute con la prensa: <strong>la clasifica<\/strong>.<\/p>\n<p>Mientras tanto, <strong>en los pasillos de la ahora inaccesible Casa Rosada,<\/strong> <strong>conviven dos lecturas<\/strong>: la obsesi\u00f3n extrema de Milei con los periodistas y la inquietud por <strong>la manera en que esa pelea puede escalar en t\u00e9rminos electorales<\/strong>. Hubo y hay intentos de moderaci\u00f3n. Pero, hasta ahora, no lograron bajar el tono de la confrontaci\u00f3n.<\/p>\n<h2><strong>El \u201c\u00edndice de odio\u201d de Javier Milei con los periodistas<\/strong><\/h2>\n<p>El punto de partida no es una pol\u00e9mica puntual, sino una operaci\u00f3n m\u00e1s amplia: <strong>convertir una sospecha no verificada en categor\u00eda pol\u00edtica total<\/strong>.<\/p>\n<p>En el discurso de Javier Milei sobre presuntas \u201coperaciones\u201d del periodismo contra el Gobierno, <strong>no existen causas judiciales abiertas impulsadas por el Poder Ejecutivo contra medios o periodistas identificados<\/strong>. Sin embargo, la respuesta ya se consolid\u00f3 en otro plano: <strong>descalificaci\u00f3n homog\u00e9nea, lenguaje de expulsi\u00f3n y una cifra que ordena todo \u2014\u201cel 95%\u201d<\/strong>\u2014 sin necesidad de distinciones.<\/p>\n<p>El problema no es solo qu\u00e9 se dice, sino c\u00f3mo <strong>se reemplaza la verificaci\u00f3n por agregaci\u00f3n<\/strong>. No hay individuos, hay conjunto; no hay casos, hay masa.<\/p>\n<p class=\"destacadoNota\"><a target=\"_blank\" href=\"https:\/\/www.perfil.com\/noticias\/politica\/presidente-javier-milei-fantasmas-paranoia.phtml\" rel=\"noopener\"><strong>El presidente Javier Milei ve fantasmas por todos lados<\/strong><\/a><\/p>\n<p>Si efectivamente existiera una red organizada de periodistas financiados para operar contra el Gobierno, contra Javier Milei, contra su hermana Karina o contra el jefe de Gabinete Manuel Adorni, el procedimiento institucional ser\u00eda otro: <strong>identificaci\u00f3n de actores, evidencia verificable, y delimitaci\u00f3n de responsabilidades<\/strong>.<\/p>\n<div>\n<figure class=\"image\"><img alt=\"Javier y Karina Milei en el Congreso\" src=\"http:\/\/cordobapolitica.com\/wp-content\/uploads\/2026\/04\/una-semana-sin-periodistas-en-casa-rosada-crece-el-indice-de-odio-de-javier-milei-3.webp\" loading=\"lazy\"><figcaption><em>Javier Milei tambi\u00e9n se cruz\u00f3 con periodistas este mi\u00e9rcoles en el Congreso, durante el informe de gesti\u00f3n de Manuel Adorni<\/em><\/figcaption><\/figure>\n<\/p><\/div>\n<p><strong>Pero ese camino no existe<\/strong>. En su lugar, se impone una l\u00f3gica de generalizaci\u00f3n que prescinde del detalle, <strong>porque el detalle no suma a la \u201c\u00e9pica\u201d del relato<\/strong>.<\/p>\n<p>Y ah\u00ed surge una pregunta inc\u00f3moda que el propio Milei instala: <strong>\u00bfCu\u00e1l es exactamente el \u201c\u00edndice de odio\u201d hacia el periodismo? \u00bfQui\u00e9n lo define? \u00bfQui\u00e9n lo mide?<\/strong>. Y m\u00e1s importante: <strong>\u00bfQu\u00e9 criterios convierten la percepci\u00f3n del Presidente en una verdad?<\/strong>. Porque repetir consignas no describe la realidad: <strong>la inventa<\/strong>.<\/p>\n<p class=\"destacadoNota\"><a target=\"_blank\" href=\"https:\/\/www.perfil.com\/noticias\/columnistas\/el-periodismo-en-el-dia-del-trabajo.phtml\" rel=\"noopener\"><strong>El periodismo en el D\u00eda del Trabajo<\/strong><\/a><\/p>\n<p>El Gobierno eligi\u00f3 un registro de confrontaci\u00f3n y agresi\u00f3n sostenida, sin mediaciones ni pausas interpretativas. Emite, amplifica y consolida. <strong>Acusa, condena y dicta sentencia<\/strong>.<\/p>\n<p>El problema ya no pasa por la cr\u00edtica a los periodistas \u2014ni siquiera por su calidad\u2014 sino por <strong>su transformaci\u00f3n en categor\u00eda de \u201csospechoso por defecto\u201d<\/strong>. Porque cuando todos pasan a ser culpables, ya no hace falta demostrar nada. Y ah\u00ed, la verdad ya no importa.<\/p>\n<p><em>NG \/ DCQ<\/em><\/p>\n","protected":false},"excerpt":{"rendered":"<p>La pelea del presidente Javier Milei con los periodistas se intensific\u00f3 en los \u00faltimos d\u00edas, especialmente a partir de la decisi\u00f3n de restringir el acceso de la prensa acreditada a la Casa Rosada, una medida que se activ\u00f3 hace exactamente una semana. En ese marco, el mandatario inici\u00f3 su jornada este jueves con un posteo [&hellip;]<\/p>\n","protected":false},"author":1,"featured_media":50296,"comment_status":"closed","ping_status":"closed","sticky":false,"template":"","format":"standard","meta":{"om_disable_all_campaigns":false,"_monsterinsights_skip_tracking":false,"_monsterinsights_sitenote_active":false,"_monsterinsights_sitenote_note":"","_monsterinsights_sitenote_category":0},"categories":[30],"tags":[],"aioseo_notices":[],"_links":{"self":[{"href":"https:\/\/cordobapolitica.com\/index.php?rest_route=\/wp\/v2\/posts\/50295"}],"collection":[{"href":"https:\/\/cordobapolitica.com\/index.php?rest_route=\/wp\/v2\/posts"}],"about":[{"href":"https:\/\/cordobapolitica.com\/index.php?rest_route=\/wp\/v2\/types\/post"}],"author":[{"embeddable":true,"href":"https:\/\/cordobapolitica.com\/index.php?rest_route=\/wp\/v2\/users\/1"}],"replies":[{"embeddable":true,"href":"https:\/\/cordobapolitica.com\/index.php?rest_route=%2Fwp%2Fv2%2Fcomments&post=50295"}],"version-history":[{"count":0,"href":"https:\/\/cordobapolitica.com\/index.php?rest_route=\/wp\/v2\/posts\/50295\/revisions"}],"wp:featuredmedia":[{"embeddable":true,"href":"https:\/\/cordobapolitica.com\/index.php?rest_route=\/wp\/v2\/media\/50296"}],"wp:attachment":[{"href":"https:\/\/cordobapolitica.com\/index.php?rest_route=%2Fwp%2Fv2%2Fmedia&parent=50295"}],"wp:term":[{"taxonomy":"category","embeddable":true,"href":"https:\/\/cordobapolitica.com\/index.php?rest_route=%2Fwp%2Fv2%2Fcategories&post=50295"},{"taxonomy":"post_tag","embeddable":true,"href":"https:\/\/cordobapolitica.com\/index.php?rest_route=%2Fwp%2Fv2%2Ftags&post=50295"}],"curies":[{"name":"wp","href":"https:\/\/api.w.org\/{rel}","templated":true}]}}