{"id":50291,"date":"2026-04-30T18:22:10","date_gmt":"2026-04-30T18:22:10","guid":{"rendered":"https:\/\/legislaturacba.gob.ar\/?p=129302"},"modified":"2026-04-30T18:22:10","modified_gmt":"2026-04-30T18:22:10","slug":"la-legislatura-reconocio-al-periodista-cordobes-alfredo-leuco","status":"publish","type":"post","link":"https:\/\/cordobapolitica.com\/?p=50291","title":{"rendered":"La Legislatura reconoci\u00f3 al periodista cordob\u00e9s Alfredo Leuco"},"content":{"rendered":"<p>Este jueves, la <strong>Unicameral cordobesa<\/strong> reconoci\u00f3 al periodista cordob\u00e9s <strong>Alfredo Manuel Lewkowicz<\/strong>, m\u00e1s conocido como <strong>Alfredo Leuco<\/strong>, a quien se destac\u00f3 por su <strong>extensa y notable trayectoria profesional<\/strong>, como as\u00ed tambi\u00e9n por su <strong>defensa de la rep\u00fablica y la libertad de expresi\u00f3n<\/strong>, demostrando un compromiso sostenido con la profesi\u00f3n period\u00edstica.<\/p>\n<p>La iniciativa impulsada por la legisladora <strong>Ariela Szpanin<\/strong>, acompa\u00f1ada por su par <strong>In\u00e9s Contrera<\/strong>, se concret\u00f3 a trav\u00e9s de un <strong>emotivo acto de reconocimiento<\/strong> llevado a cabo en el Auditorio de la Democracia de la nueva Legislatura. El evento se transmiti\u00f3 por el canal de YouTube de la Legislatura y cont\u00f3 con la participaci\u00f3n del periodista <strong>Federico Tolchinsky<\/strong>, quien fue uno de los moderadores junto a la promotora del reconocimiento.<\/p>\n<figure class=\"wp-block-gallery columns-2 is-cropped\">\n<ul class=\"blocks-gallery-grid\">\n<li class=\"blocks-gallery-item\">\n<figure><img src=\"http:\/\/cordobapolitica.com\/wp-content\/uploads\/2026\/04\/la-legislatura-reconocio-al-periodista-cordobes-alfredo-leuco.jpg\" alt data-id=\"129320\" data-full-url=\"http:\/\/cordobapolitica.com\/wp-content\/uploads\/2026\/04\/la-legislatura-reconocio-al-periodista-cordobes-alfredo-leuco.jpg\" data-link=\"https:\/\/legislaturacba.gob.ar\/?attachment_id=129320\" class=\"wp-image-129320\"><\/figure>\n<\/li>\n<li class=\"blocks-gallery-item\">\n<figure><img src=\"http:\/\/cordobapolitica.com\/wp-content\/uploads\/2026\/04\/la-legislatura-reconocio-al-periodista-cordobes-alfredo-leuco-1.jpg\" alt data-id=\"129321\" data-full-url=\"http:\/\/cordobapolitica.com\/wp-content\/uploads\/2026\/04\/la-legislatura-reconocio-al-periodista-cordobes-alfredo-leuco-1.jpg\" data-link=\"https:\/\/legislaturacba.gob.ar\/?attachment_id=129321\" class=\"wp-image-129321\"><\/figure>\n<\/li>\n<\/ul>\n<\/figure>\n<p><em>\u201cPara la Legislatura y para C\u00f3rdoba toda, es un orgullo muy grande poder hacer este reconocimiento a un cordob\u00e9s destacado que nunca perdi\u00f3 su tonada, que se acuerda de sus or\u00edgenes y de sus ra\u00edces, <\/em><strong><em>un cordob\u00e9s que nos representa tan bien desde hace tanto tiempo<\/em><\/strong><em>. Un hombre de la palabra, de la democracia, de la defensa de la Rep\u00fablica, de los derechos humanos, un hombre verdaderamente \u00edntegro\u201d, <\/em>dijo <strong>Szpanin<\/strong> durante el encuentro.<\/p>\n<p>Adem\u00e1s, la legisladora record\u00f3 un momento de su ni\u00f1ez que marc\u00f3 la relaci\u00f3n con el periodista, uno de los motivos por el que decidi\u00f3 rendirle homenaje. <em>\u201cLa verdad que estoy muy contenta, muy emocionada. Cuando era una ni\u00f1a, le hice una pregunta y a \u00e9l le gust\u00f3 y me la contest\u00f3. Por eso, <\/em><strong><em>este reconocimiento es una forma de devolver ese gesto que el periodista tuvo con aquella ni\u00f1a<\/em><\/strong><em>\u201d.<\/em><\/p>\n<p>Otro de los momentos m\u00e1s emocionantes fue el que se vivi\u00f3 en el momento en que se proyect\u00f3 un <strong>video sobre la trayectoria<\/strong> del comunicador cordob\u00e9s, y posteriormente, una grabaci\u00f3n con <strong>saludos de 28 amigos, familiares, colegas y allegados <\/strong>al periodista.<\/p>\n<figure class=\"wp-block-gallery columns-2 is-cropped\">\n<ul class=\"blocks-gallery-grid\">\n<li class=\"blocks-gallery-item\">\n<figure><img src=\"http:\/\/cordobapolitica.com\/wp-content\/uploads\/2026\/04\/la-legislatura-reconocio-al-periodista-cordobes-alfredo-leuco-2.jpg\" alt data-id=\"129332\" data-full-url=\"http:\/\/cordobapolitica.com\/wp-content\/uploads\/2026\/04\/la-legislatura-reconocio-al-periodista-cordobes-alfredo-leuco-2.jpg\" data-link=\"https:\/\/legislaturacba.gob.ar\/?attachment_id=129332\" class=\"wp-image-129332\"><\/figure>\n<\/li>\n<li class=\"blocks-gallery-item\">\n<figure><img src=\"http:\/\/cordobapolitica.com\/wp-content\/uploads\/2026\/04\/la-legislatura-reconocio-al-periodista-cordobes-alfredo-leuco-3.jpg\" alt data-id=\"129323\" data-link=\"https:\/\/legislaturacba.gob.ar\/?attachment_id=129323\" class=\"wp-image-129323\"><\/figure>\n<\/li>\n<\/ul>\n<\/figure>\n<p>Conmovido y agradecido por el sentido homenaje, <strong>Leuco<\/strong> agradeci\u00f3 a sus familiares y a quienes le otorgaron la distinci\u00f3n. Adem\u00e1s, realiz\u00f3 un recorrido por su trayectoria comentando historias y an\u00e9cdotas que emocionaron a los presentes. <\/p>\n<p>Para finalizar, el homenajeado recibi\u00f3 obsequios y distinciones por parte de las instituciones invitadas. Adem\u00e1s, las autoridades de la Unicameral cordobesa hicieron entrega de una <strong>plaqueta conmemorativa<\/strong>. <em>\u201cLeuco tiene un fuerte v\u00ednculo emocional y de identidad con su provincia natal. \u00c9l mismo ha expresado p\u00fablicamente su <\/em><strong><em>orgullo de ser cordob\u00e9s<\/em><\/strong><em> y el esp\u00edritu de libertad de la provincia\u201d, <\/em>expresan los fundamentos de la iniciativa.<\/p>\n<p>Del evento participaron los legisladores <strong>Oscar Saliba, Mat\u00edas Gvozdenovich, V\u00edctor Molina, Alejandra Ferrero, Carlos Carignano, Lucas Valiente <\/strong>y<strong> Graciela Bisotto<\/strong>.<\/p>\n<figure class=\"wp-block-gallery columns-3 is-cropped\"><\/figure>\n<p>Tambi\u00e9n estuvieron presentes el presidente y vicepresidente de la DAIA Filial C\u00f3rdoba,<strong> Adri\u00e1n Ganzburg <\/strong>y<strong> Mariano Brunschtein<\/strong>; el presidente del Centro Uni\u00f3n Israelita de C\u00f3rdoba, <strong>Edy Horovitz<\/strong>; autoridades del Club Atl\u00e9tico Talleres; del C\u00edrculo de Periodistas deportivos de C\u00f3rdoba y de la comisi\u00f3n directiva de FAPED (Federaci\u00f3n Argentina de Periodistas deportivos).<\/p>\n<p>Adem\u00e1s de los familiares y afectos del homenajeado, presenciaron el reconocimiento colegas del \u00e1mbito period\u00edstico, entre ellos el director de Radio Mitre C\u00f3rdoba, <strong>Edgardo Moreno<\/strong>; <strong>Miguel Clari\u00e1, Ram\u00f3n G\u00f3mez<\/strong> y<strong> Juan Alberto Mateyko<\/strong>.<\/p>\n<figure class=\"wp-block-gallery columns-2 is-cropped\">\n<ul class=\"blocks-gallery-grid\">\n<li class=\"blocks-gallery-item\">\n<figure><img src=\"http:\/\/cordobapolitica.com\/wp-content\/uploads\/2026\/04\/la-legislatura-reconocio-al-periodista-cordobes-alfredo-leuco-4.jpg\" alt data-id=\"129330\" data-full-url=\"http:\/\/cordobapolitica.com\/wp-content\/uploads\/2026\/04\/la-legislatura-reconocio-al-periodista-cordobes-alfredo-leuco-4.jpg\" data-link=\"https:\/\/legislaturacba.gob.ar\/?attachment_id=129330\" class=\"wp-image-129330\"><\/figure>\n<\/li>\n<li class=\"blocks-gallery-item\">\n<figure><img src=\"http:\/\/cordobapolitica.com\/wp-content\/uploads\/2026\/04\/la-legislatura-reconocio-al-periodista-cordobes-alfredo-leuco-5.jpg\" alt data-id=\"129326\" data-link=\"https:\/\/legislaturacba.gob.ar\/?attachment_id=129326\" class=\"wp-image-129326\"><\/figure>\n<\/li>\n<\/ul>\n<\/figure>\n<p>Tampoco pod\u00edan faltar alumnos de la carrera de periodismo, entre los que estuvieron presentes estudiantes de sexto a\u00f1o del <strong>Instituto Secundario Israelita General San Mart\u00edn<\/strong>; de la Tecnicatura en Periodismo del <strong>Colegio Universitario Polit\u00e9cnico<\/strong> <strong>(CUP)<\/strong> y del <strong>Instituto Superior Mariano Moreno<\/strong>.<\/p>\n<figure class=\"wp-block-image alignfull size-large\"><img src=\"http:\/\/cordobapolitica.com\/wp-content\/uploads\/2026\/04\/la-legislatura-reconocio-al-periodista-cordobes-alfredo-leuco-6.jpg\" alt class=\"wp-image-129324\"><\/figure>\n<h4><strong>M\u00e1s sobre el homenajeado<\/strong><\/h4>\n<p>Con <strong>m\u00e1s de 50 a\u00f1os de labor ininterrumpida<\/strong> y su capacidad para generar debate y an\u00e1lisis sobre la actualidad pol\u00edtica argentina, el periodista cordob\u00e9s Alfredo Manuel Lewkowicz se ha transformado en una <strong>voz de referencia<\/strong> para un amplio sector de la audiencia.<\/p>\n<p>Adem\u00e1s, seg\u00fan se expresa en los fundamentos del iniciativa, <em>\u201cAlfredo Leuco es un periodista que <\/em><strong><em>enorgullece a C\u00f3rdoba<\/em><\/strong><em>, por su&nbsp;extensa y notable trayectoria de medio siglo en el periodismo argentino, caracterizada por la <\/em><strong><em>defensa de la libertad de expresi\u00f3n<\/em><\/strong><em> y una mirada distintiva en temas pol\u00edticos, demostrando un compromiso sostenido con la profesi\u00f3n period\u00edstica y con la libertad, consider\u00e1ndola fundamental para construir una sociedad mejor\u201d.<\/em><\/p>\n<p>Su vasta carrera comenz\u00f3 en <strong>1972<\/strong> en <strong>medios gr\u00e1ficos<\/strong>, publicando en diarios como Clar\u00edn y La Naci\u00f3n, P\u00e1gina 12 y La Gaceta de Tucum\u00e1n y revistas como Noticias y Perfil. Tambi\u00e9n ocup\u00f3 puestos directivos en El Cronista, Gente y Somos.<\/p>\n<p>Tambi\u00e9n se destaca su postura firme y constante en <strong>defensa de las instituciones democr\u00e1ticas, la rep\u00fablica y la libertad de expresi\u00f3n<\/strong>, temas que resuenan fuertemente con la historia pol\u00edtica de C\u00f3rdoba. Este compromiso, su convicci\u00f3n y valores lo hicieron acreedor de numerosos <strong>reconocimientos y premios nacionales e internacionales<\/strong><\/p>\n<p>Actualmente, Leuco conduce <strong>\u201cLe doy mi palabra\u201d<\/strong> por Radio Mitre y <strong>\u201cEl diario de Leuco\u201d<\/strong> en La Naci\u00f3n +. A lo largo de su trayectoria pas\u00f3 por importantes canales como Am\u00e9rica TV, Telef\u00e9, y condujo programas en TN y Canal 13. Tambi\u00e9n trabaj\u00f3 en emisoras como Continental y La Red.<\/p>\n","protected":false},"excerpt":{"rendered":"<p>Este jueves, la Unicameral cordobesa reconoci\u00f3 al periodista cordob\u00e9s Alfredo Manuel Lewkowicz, m\u00e1s conocido como Alfredo Leuco, a quien se destac\u00f3 por su extensa y notable trayectoria profesional, como as\u00ed tambi\u00e9n por su defensa de la rep\u00fablica y la libertad de expresi\u00f3n, demostrando un compromiso sostenido con la profesi\u00f3n period\u00edstica. La iniciativa impulsada por la [&hellip;]<\/p>\n","protected":false},"author":1,"featured_media":50292,"comment_status":"closed","ping_status":"closed","sticky":false,"template":"","format":"standard","meta":{"om_disable_all_campaigns":false,"_monsterinsights_skip_tracking":false,"_monsterinsights_sitenote_active":false,"_monsterinsights_sitenote_note":"","_monsterinsights_sitenote_category":0},"categories":[31],"tags":[],"aioseo_notices":[],"_links":{"self":[{"href":"https:\/\/cordobapolitica.com\/index.php?rest_route=\/wp\/v2\/posts\/50291"}],"collection":[{"href":"https:\/\/cordobapolitica.com\/index.php?rest_route=\/wp\/v2\/posts"}],"about":[{"href":"https:\/\/cordobapolitica.com\/index.php?rest_route=\/wp\/v2\/types\/post"}],"author":[{"embeddable":true,"href":"https:\/\/cordobapolitica.com\/index.php?rest_route=\/wp\/v2\/users\/1"}],"replies":[{"embeddable":true,"href":"https:\/\/cordobapolitica.com\/index.php?rest_route=%2Fwp%2Fv2%2Fcomments&post=50291"}],"version-history":[{"count":0,"href":"https:\/\/cordobapolitica.com\/index.php?rest_route=\/wp\/v2\/posts\/50291\/revisions"}],"wp:featuredmedia":[{"embeddable":true,"href":"https:\/\/cordobapolitica.com\/index.php?rest_route=\/wp\/v2\/media\/50292"}],"wp:attachment":[{"href":"https:\/\/cordobapolitica.com\/index.php?rest_route=%2Fwp%2Fv2%2Fmedia&parent=50291"}],"wp:term":[{"taxonomy":"category","embeddable":true,"href":"https:\/\/cordobapolitica.com\/index.php?rest_route=%2Fwp%2Fv2%2Fcategories&post=50291"},{"taxonomy":"post_tag","embeddable":true,"href":"https:\/\/cordobapolitica.com\/index.php?rest_route=%2Fwp%2Fv2%2Ftags&post=50291"}],"curies":[{"name":"wp","href":"https:\/\/api.w.org\/{rel}","templated":true}]}}