{"id":50284,"date":"2026-04-30T13:15:00","date_gmt":"2026-04-30T13:15:00","guid":{"rendered":"https:\/\/www.ambito.com\/ambito-nacional\/el-gobernador-juan-pablo-valdes-puso-agenda-corrientes-la-expo-efi-el-desarrollo-productivo-como-eje-n6272525"},"modified":"2026-04-30T13:15:00","modified_gmt":"2026-04-30T13:15:00","slug":"el-gobernador-juan-pablo-valdes-puso-en-agenda-a-corrientes-en-la-expo-efi-con-el-desarrollo-productivo-como-eje","status":"publish","type":"post","link":"https:\/\/cordobapolitica.com\/?p=50284","title":{"rendered":"El gobernador Juan Pablo Vald\u00e9s puso en agenda a Corrientes en la Expo EFI con el desarrollo productivo como eje"},"content":{"rendered":"<p><img src=\"http:\/\/cordobapolitica.com\/wp-content\/uploads\/2026\/04\/el-gobernador-juan-pablo-valdes-puso-en-agenda-a-corrientes-en-la-expo-efi-con-el-desarrollo-productivo-como-eje.jpg\"><\/p>\n<div><img src=\"http:\/\/cordobapolitica.com\/wp-content\/uploads\/2026\/04\/el-gobernador-juan-pablo-valdes-puso-en-agenda-a-corrientes-en-la-expo-efi-con-el-desarrollo-productivo-como-eje.jpg\" class=\"ff-og-image-inserted\"><\/div>\n<div id>\n<p id=\"p-1777556058063-79602\">El gobernador de <strong>Corrientes<\/strong>, <strong>Juan Pablo Vald\u00e9s<\/strong>, particip\u00f3 el mi\u00e9rcoles de <strong>Expo EFI 2026<\/strong> en un panel sobre <strong>\u201cEconom\u00eda real y transformaci\u00f3n productiva. La mirada de las regiones\u201d<\/strong>, junto a los gobernadores Ra\u00fal Jalil, de Catamarca; Ignacio Torres, de Chubut; y Alfredo Cornejo, de Mendoza.<\/p>\n<\/div>\n<div id>\n<p id=\"p-1777556058063-24655\">Durante su exposici\u00f3n, <strong>el Gobernador correntino sostuvo que el cambio de contexto nacional obliga a las jurisdicciones provinciales a salir a buscar inversiones y a consolidar una matriz productiva propia. <\/strong><\/p>\n<\/p><\/div>\n<div id>\n<p id=\"p-1777556058063-91920\">En esa l\u00ednea, afirm\u00f3 que esa nueva realidad lleva a los gobernadores a \u201csalir a trabajar cada provincia con una mirada desarrollista propia e interna\u201d<strong><\/strong> y a fortalecer la articulaci\u00f3n con el sector privado.<\/p>\n<\/div>\n<div id>\n<p id=\"p-1777556058063-13502\">El mandatario correntino sostuvo que las provincias deben adaptarse a un \u201ccontexto nacional que claramente propone la competencia\u201d y trabajar con una mirada desarrollista para atraer inversiones. \u201cYa no tenemos un estado que viene a solucionar todo, a proponer obras p\u00fablicas como el motor de la microeconom\u00eda. Hoy hay que buscar la eficiencia, el estado provincial tambi\u00e9n tiene que buscar ser eficiente\u201d, sentenci\u00f3.<\/p>\n<\/div>\n<div id>\n<p id=\"p-1777556058063-85751\">Hacia el cierre del panel, Vald\u00e9s expres\u00f3 una mirada optimista sobre el futuro del pa\u00eds. Afirm\u00f3 que la Argentina que viene ser\u00e1 \u201cmucho m\u00e1s s\u00f3lida\u201d, con una sociedad que demanda eficiencia, planificaci\u00f3n, producci\u00f3n y menos confrontaci\u00f3n pol\u00edtica.<\/p>\n<\/div>\n<div id>\n<p id=\"p-1777556058063-39247\">En sinton\u00eda con la presencia del gobernador, el Banco de Corrientes particip\u00f3 de la <strong>Expo EFI 2026<\/strong>. All\u00ed, gobernadores, empresarios, funcionarios, consultores y referentes del sector privado debatieron sobre los desaf\u00edos de la econom\u00eda real, las finanzas, las inversiones y la transformaci\u00f3n productiva del pa\u00eds.<\/p>\n<p id=\"p-1777556058063-59510\">La presencia del <strong>Banco de Corrientes<\/strong> en Expo EFI reforz\u00f3 su rol como actor estrat\u00e9gico para el desarrollo provincial. La entidad propici\u00f3 la participaci\u00f3n de Corrientes en un espacio clave para visibilizar oportunidades de inversi\u00f3n, fortalecer v\u00ednculos con el sector privado y posicionar a la provincia dentro de una agenda nacional que mira cada vez m\u00e1s hacia las econom\u00edas regionales, la infraestructura, la producci\u00f3n y la generaci\u00f3n de empleo.<\/p>\n<p id=\"p-1777556058063-64817\">En ese punto, <strong>el rol del Banco de Corrientes aparece como una pieza central de la estrategia provincial<\/strong>. Como banca p\u00fablica provincial, el BanCo no solo acompa\u00f1a financieramente a familias, empresas y productores, sino que tambi\u00e9n funciona como una herramienta de desarrollo, capaz de acercar soluciones, impulsar sectores estrat\u00e9gicos y contribuir a que las oportunidades productivas se transformen en inversi\u00f3n concreta.<\/p>\n<p id=\"p-1777556058063-69177\">Adem\u00e1s del panel de gobernadores, Expo EFI cont\u00f3 con la participaci\u00f3n de especialistas econ\u00f3micos de referencia. Entre ellos, <strong>Fausto Spotorno<\/strong>, consultor econ\u00f3mico y director de la Escuela de Negocios de la UADE, quien brind\u00f3 la charla <strong>\u201cPerspectivas econ\u00f3micas: \u00bfQu\u00e9 esperar y c\u00f3mo comportarse?\u201d <\/strong>en el workshop de la banca correntina. Su presentaci\u00f3n estuvo centrada en el an\u00e1lisis del panorama financiero, las perspectivas econ\u00f3micas, los desaf\u00edos de la coyuntura actual y las oportunidades que se abren para empresas, inversores y sectores productivos.<\/p>\n<p id=\"p-1777556058063-21067\">La participaci\u00f3n de Spotorno aport\u00f3 contexto al debate central de Expo EFI: c\u00f3mo interpretar el nuevo escenario econ\u00f3mico argentino y qu\u00e9 decisiones deben tomar los distintos actores p\u00fablicos y privados frente a un entorno de cambios. En ese mismo clima de an\u00e1lisis, Vald\u00e9s plante\u00f3 la necesidad de que las provincias asuman un rol m\u00e1s activo en la construcci\u00f3n de su propio desarrollo.<\/p>\n<p id=\"p-1777556058063-31147\">En Expo EFI 2026, Corrientes volvi\u00f3 a mostrar que tiene una agenda propia para integrarse al crecimiento nacional. Y el Banco de Corrientes, como herramienta financiera e institucional de la provincia, acompa\u00f1\u00f3 ese mensaje: <strong>desarrollo, producci\u00f3n, inversi\u00f3n y federalismo como pilares para construir m\u00e1s oportunidades para los correntinos<\/strong>.<\/p>\n<\/p><\/div>\n","protected":false},"excerpt":{"rendered":"<p>El gobernador de Corrientes, Juan Pablo Vald\u00e9s, particip\u00f3 el mi\u00e9rcoles de Expo EFI 2026 en un panel sobre \u201cEconom\u00eda real y transformaci\u00f3n productiva. La mirada de las regiones\u201d, junto a los gobernadores Ra\u00fal Jalil, de Catamarca; Ignacio Torres, de Chubut; y Alfredo Cornejo, de Mendoza. Durante su exposici\u00f3n, el Gobernador correntino sostuvo que el cambio [&hellip;]<\/p>\n","protected":false},"author":1,"featured_media":50285,"comment_status":"closed","ping_status":"closed","sticky":false,"template":"","format":"standard","meta":{"om_disable_all_campaigns":false,"_monsterinsights_skip_tracking":false,"_monsterinsights_sitenote_active":false,"_monsterinsights_sitenote_note":"","_monsterinsights_sitenote_category":0},"categories":[3],"tags":[],"aioseo_notices":[],"_links":{"self":[{"href":"https:\/\/cordobapolitica.com\/index.php?rest_route=\/wp\/v2\/posts\/50284"}],"collection":[{"href":"https:\/\/cordobapolitica.com\/index.php?rest_route=\/wp\/v2\/posts"}],"about":[{"href":"https:\/\/cordobapolitica.com\/index.php?rest_route=\/wp\/v2\/types\/post"}],"author":[{"embeddable":true,"href":"https:\/\/cordobapolitica.com\/index.php?rest_route=\/wp\/v2\/users\/1"}],"replies":[{"embeddable":true,"href":"https:\/\/cordobapolitica.com\/index.php?rest_route=%2Fwp%2Fv2%2Fcomments&post=50284"}],"version-history":[{"count":0,"href":"https:\/\/cordobapolitica.com\/index.php?rest_route=\/wp\/v2\/posts\/50284\/revisions"}],"wp:featuredmedia":[{"embeddable":true,"href":"https:\/\/cordobapolitica.com\/index.php?rest_route=\/wp\/v2\/media\/50285"}],"wp:attachment":[{"href":"https:\/\/cordobapolitica.com\/index.php?rest_route=%2Fwp%2Fv2%2Fmedia&parent=50284"}],"wp:term":[{"taxonomy":"category","embeddable":true,"href":"https:\/\/cordobapolitica.com\/index.php?rest_route=%2Fwp%2Fv2%2Fcategories&post=50284"},{"taxonomy":"post_tag","embeddable":true,"href":"https:\/\/cordobapolitica.com\/index.php?rest_route=%2Fwp%2Fv2%2Ftags&post=50284"}],"curies":[{"name":"wp","href":"https:\/\/api.w.org\/{rel}","templated":true}]}}