{"id":50266,"date":"2026-04-29T22:03:23","date_gmt":"2026-04-29T22:03:23","guid":{"rendered":"http:\/\/177668392d32aaef70c2c13e3daf0650"},"modified":"2026-04-29T22:03:23","modified_gmt":"2026-04-29T22:03:23","slug":"la-gestion-de-pullaro-mide-mejor-que-la-de-milei-en-santa-fe","status":"publish","type":"post","link":"https:\/\/cordobapolitica.com\/?p=50266","title":{"rendered":"La gesti\u00f3n de Pullaro mide mejor que la de Milei en Santa Fe"},"content":{"rendered":"<p><img src=\"http:\/\/cordobapolitica.com\/wp-content\/uploads\/2026\/04\/la-gestion-de-pullaro-mide-mejor-que-la-de-milei-en-santa-fe.jpg\"><\/p>\n<p>Una encuesta de la consultora GyC Comunicaciones realizada en la provincia de Santa Fe le da mejor al gobernador Maximilano Pullaro que al presidente Javier Milei.<\/p>\n<p>El 49% de los 1946 encuestados aprueban la gesti\u00f3n de Pullaro y el 45% la desaprueban. En tanto, los n\u00fameros del Presidente libertario son m\u00e1s duros: s\u00f3lo el 41% de los santafecinos aprueba su gesti\u00f3n, mientras que el 53% la desaprueba.<\/p>\n<p>El trabajo fue realizado sobre un universo de mayores de 16 a\u00f1os entre el 8 y el 18 de abril. <\/p>\n<p>El 52% consider\u00f3 que Santa Fe est\u00e1 yendo en la direcci\u00f3n correcta. Mientras que el 42% cree que el rumbo del gobierno provincial no es el indicado. Consultados por el rumbo del pa\u00eds, un 55% dijo que el Argentina est\u00e1 yendo en direcci\u00f3n incorrecta. Mientras que un 41% se manifest\u00f3 en favor de las medidas del gobierno nacional.<\/p>\n<p><a href=\"https:\/\/www.lapoliticaonline.com\/tools\/redirect.php?t=3&amp;i=344627&amp;s=fe4907e9c12199e3b9dfb0b7a8ad4754\" class=\"link-type-content content-type-noticia-ar\">Una encuesta de Management &amp; Fit muestra que la aprobaci\u00f3n de Milei cay\u00f3 10 puntos por el caso Adorni y Libra<\/a><\/p>\n<p>Respecto de la confianza que genera tanto Milei como Pullaro, el 51% se manifest\u00f3 confiado con el gobierno provincial, mientras que un 46% desconf\u00eda.<\/p>\n<p>En cuanto a Milei, el 58% demostr\u00f3 desconfianza (el 42% dijo tener &#8216;mucha desconfianza&#8217; en el gobierno nacional), mientras que 42% dijo tener confianza en el gobierno del presidente Milei.<\/p>\n<p class=\"authorquote\">En cuanto a los dirigentes provinciales aparece a tope Pullaro con 53% de imagen buena, le siguen Marcelo Lewandowski (39%), Omar Perotti (38%), Gisela Scaglia (35%), Pablo Javkin (34%), Juan Monteverde (33%), Caren Tepp (28%) y Alejandro Fantino (26%).<\/p>\n<p>El trabajo de GyC Comunicaciones tambi\u00e9n medi\u00f3 la imagen de dirigentes nacionales. Patricia Bullrich aparece en el primer lugar con 50% de imagen Buena. M\u00e1s abajo asoman Milei (45%), Mauricio Macri (34%), Cristina Kirchner (34%), Sergio Massa (30%), Karina Milei (25%) y Manuel Adorni (23%). La encuesta no midi\u00f3 a Axel Kicillof.<\/p>\n<figure class=\"vsmimage\" contenteditable=\"false\"><img loading=\"lazy\" alt=\"El senador peronista Marcelo Lewandowski.\" data-vsmid=\"263961\" data-owidth=\"1181\" data-oheight=\"787\" src=\"data:image\/png;base64,iVBORw0KGgoAAAANSUhEUgAAAx4AAAIOAQMAAAAMVUlSAAAAA1BMVEUAAACnej3aAAAAAXRSTlMAQObYZgAAAElJREFUeJztwQEBAAAAgiD\/r25IQAEAAAAAAAAAAAAAAAAAAAAAAAAAAAAAAAAAAAAAAAAAAAAAAAAAAAAAAAAAAAAAAAAAAPBjz4YAAXoxaWgAAAAASUVORK5CYII=\" vsmidos=\"1\" vsmsrc=\"\/files\/image\/263\/263961\/68aa21cf0869a_798_526!.jpg?s=960c329ba06d2733cd80d675b8c2783a&amp;d=1777511668\" width=\"798\" height=\"526\"><\/figure>\n<p>En cuanto a los dirigentes provinciales aparece a tope Pullaro con 53% de imagen buena. Le siguen Marcelo Lewandowski (39%), Omar Perotti (38%), Gisela Scaglia (35%), Pablo Javkin (34%), Juan Monteverde (33%), Caren Tepp (28%) y Alejandro Fantino (26%).<\/p>\n<p><a href=\"https:\/\/www.lapoliticaonline.com\/tools\/redirect.php?t=3&amp;i=343579&amp;s=9ae566f419bde474630ba8b670051be7\" class=\"link-type-content content-type-noticia-ar\">M\u00e1s del 60% votar\u00eda en contra de la reelecci\u00f3n de Milei<\/a><\/p>\n<p>Respecto de la inseguridad, el 49% percibe que ese problema est\u00e1 mucho mejor que hace dos a\u00f1os, mientras que un 29% dice que est\u00e1 igual y un 16% asegura que est\u00e1 peor.<\/p>\n<p>En cuanto a las perspectivas econ\u00f3micas, el 48% cree que puede mejorar en un per\u00edodo mayor al de un a\u00f1o, mientras que un 32% se muestra m\u00e1s pesimista y sostiene que la econom\u00eda no va a mejorar.<\/p>\n<p>Respecto de las elecciones del a\u00f1o pr\u00f3ximo en Santa Fe, un 48% dijo que votar\u00eda por un cambio de la gesti\u00f3n y las pol\u00edticas actuales, mientras que un 45% dijo que votar\u00eda por una continuidad de la gesti\u00f3n.<\/p>\n<figure class=\"vsmwidget widget-type-iframe\" vsmtype=\"iframe\" contenteditable=\"false\"><\/figure>\n","protected":false},"excerpt":{"rendered":"<p>Una encuesta de la consultora GyC Comunicaciones realizada en la provincia de Santa Fe le da mejor al gobernador Maximilano Pullaro que al presidente Javier Milei. El 49% de los 1946 encuestados aprueban la gesti\u00f3n de Pullaro y el 45% la desaprueban. En tanto, los n\u00fameros del Presidente libertario son m\u00e1s duros: s\u00f3lo el 41% [&hellip;]<\/p>\n","protected":false},"author":1,"featured_media":50267,"comment_status":"closed","ping_status":"closed","sticky":false,"template":"","format":"standard","meta":{"om_disable_all_campaigns":false,"_monsterinsights_skip_tracking":false,"_monsterinsights_sitenote_active":false,"_monsterinsights_sitenote_note":"","_monsterinsights_sitenote_category":0},"categories":[30],"tags":[],"aioseo_notices":[],"_links":{"self":[{"href":"https:\/\/cordobapolitica.com\/index.php?rest_route=\/wp\/v2\/posts\/50266"}],"collection":[{"href":"https:\/\/cordobapolitica.com\/index.php?rest_route=\/wp\/v2\/posts"}],"about":[{"href":"https:\/\/cordobapolitica.com\/index.php?rest_route=\/wp\/v2\/types\/post"}],"author":[{"embeddable":true,"href":"https:\/\/cordobapolitica.com\/index.php?rest_route=\/wp\/v2\/users\/1"}],"replies":[{"embeddable":true,"href":"https:\/\/cordobapolitica.com\/index.php?rest_route=%2Fwp%2Fv2%2Fcomments&post=50266"}],"version-history":[{"count":0,"href":"https:\/\/cordobapolitica.com\/index.php?rest_route=\/wp\/v2\/posts\/50266\/revisions"}],"wp:featuredmedia":[{"embeddable":true,"href":"https:\/\/cordobapolitica.com\/index.php?rest_route=\/wp\/v2\/media\/50267"}],"wp:attachment":[{"href":"https:\/\/cordobapolitica.com\/index.php?rest_route=%2Fwp%2Fv2%2Fmedia&parent=50266"}],"wp:term":[{"taxonomy":"category","embeddable":true,"href":"https:\/\/cordobapolitica.com\/index.php?rest_route=%2Fwp%2Fv2%2Fcategories&post=50266"},{"taxonomy":"post_tag","embeddable":true,"href":"https:\/\/cordobapolitica.com\/index.php?rest_route=%2Fwp%2Fv2%2Ftags&post=50266"}],"curies":[{"name":"wp","href":"https:\/\/api.w.org\/{rel}","templated":true}]}}