{"id":50264,"date":"2026-04-29T22:38:39","date_gmt":"2026-04-29T22:38:39","guid":{"rendered":"http:\/\/f2ca7a3a00c153fe11bfadae06592849"},"modified":"2026-04-29T22:38:39","modified_gmt":"2026-04-29T22:38:39","slug":"la-desaprobacion-de-milei-llega-al-63-por-ciento-y-myriam-bregman-es-la-dirigente-con-mejor-imagen","status":"publish","type":"post","link":"https:\/\/cordobapolitica.com\/?p=50264","title":{"rendered":"La desaprobaci\u00f3n de Milei llega al 63 por ciento y Myriam Bregman es la dirigente con mejor imagen"},"content":{"rendered":"<p><img src=\"http:\/\/cordobapolitica.com\/wp-content\/uploads\/2026\/04\/la-desaprobacion-de-milei-llega-al-63-por-ciento-y-myriam-bregman-es-la-dirigente-con-mejor-imagen.jpg\"><\/p>\n<p>&nbsp;La aprobaci\u00f3n de Javier Milei cay\u00f3 en abril a su nivel m\u00e1s bajo desde que asumi\u00f3 la presidencia, seg\u00fan el \u00faltimo informe de Latam Pulse Argentina elaborado en conjunto por la consultora brasile\u00f1a Atlas Intel y la agencia Bloomberg.&nbsp;<\/p>\n<p>El sondeo indica que s\u00f3lo el 35,5% de los argentinos aprueba su gesti\u00f3n, mientras que el 63% la desaprueba, consolidando una tendencia descendente sostenida desde fines de 2025, cuando el respaldo rondaba el 44%.&nbsp;<\/p>\n<p>El deterioro es m\u00e1s marcado entre las mujeres, donde solo el 25,4% mantiene una opini\u00f3n favorable del mandatario, y en los sectores de menores ingresos, donde la desaprobaci\u00f3n alcanza el 82,4% entre quienes perciben menos de $630.000 mensuales.&nbsp;<\/p>\n<p>En la misma l\u00ednea, la evaluaci\u00f3n general del gobierno tambi\u00e9n empeor\u00f3: el 59,3% califica la gesti\u00f3n como mala o muy mala, frente a apenas un 30,6% que la considera buena o excelente.&nbsp;<\/p>\n<p><a href=\"https:\/\/www.lapoliticaonline.com\/tools\/redirect.php?t=3&amp;i=344627&amp;s=fe4907e9c12199e3b9dfb0b7a8ad4754\" class=\"link-type-content content-type-noticia-ar\">Una encuesta de Management &amp; Fit muestra que la aprobaci\u00f3n de Milei cay\u00f3 10 puntos por el caso Adorni y Libra<\/a><\/p>\n<p>La encuesta tambi\u00e9n refleja que el 74% considera que el mercado laboral est\u00e1 en mal estado, el 68% eval\u00faa negativamente la econom\u00eda general del pa\u00eds y el 58% asegura que la situaci\u00f3n econ\u00f3mica de su hogar es mala. Consultado sobre la proyecci\u00f3n a futuro, el 56% cree que la econom\u00eda empeorar\u00e1 en los pr\u00f3ximos seis meses y el 49% anticipa un deterioro en la situaci\u00f3n de su familia.&nbsp;<\/p>\n<p>En paralelo, la percepci\u00f3n sobre la inflaci\u00f3n reciente alcanz\u00f3 los 31,7 puntos, mostrando que la presi\u00f3n de precios sigue golpeando y el 55,2% prev\u00e9 reducir la compra de bienes duraderos en los pr\u00f3ximos meses.&nbsp;<\/p>\n<p class=\"authorquote\">El sondeo indica que s\u00f3lo el 35,5% de los argentinos aprueba su gesti\u00f3n, mientras que el 63% la desaprueba, consolidando una tendencia descendente sostenida desde fines de 2025, cuando el respaldo rondaba el 44%<\/p>\n<p> Cuando se consulta sobre los principales problemas del pa\u00eds, la corrupci\u00f3n aparece en el primer lugar con el 50,3%, seguida por el desempleo (38,5%), la inflaci\u00f3n (35,9%) y la situaci\u00f3n econ\u00f3mica general (32,6%). Adem\u00e1s, el 62% considera probable o muy probable que en los pr\u00f3ximos seis meses se revelen grandes fraudes o esquemas de corrupci\u00f3n.&nbsp;<\/p>\n<figure class=\"vsmimage\" contenteditable=\"false\"><img loading=\"lazy\" alt=\"La desaprobaci\u00f3n de Milei llega al 63 por ciento y Myriam Bregman es la dirigente con mejor imagen \" data-vsmid=\"285885\" data-owidth=\"1280\" data-oheight=\"829\" src=\"data:image\/png;base64,iVBORw0KGgoAAAANSUhEUgAAAx4AAAH9AQMAAACuuzh4AAAAA1BMVEUAAACnej3aAAAAAXRSTlMAQObYZgAAAElJREFUeJztwTEBAAAAwqD1T20IX6AAAAAAAAAAAAAAAAAAAAAAAAAAAAAAAAAAAAAAAAAAAAAAAAAAAAAAAAAAAAAAAAAAgNsAyNEAARRrxGgAAAAASUVORK5CYII=\" vsmidos=\"1\" vsmsrc=\"\/files\/image\/285\/285885\/69f252ac7ea2f_798_509!.jpg?s=3d63e080787348b9437ddc3ef37cb4a6&amp;d=1777503711\" width=\"798\" height=\"509\"><\/figure>\n<p>Por otra parte, una de las sorpresas de la encuesta es que la diputada del FIT, Myriam Bregman es la figura pol\u00edtica con mejor imagen del pa\u00eds con 47 por ciento de imagen positiva y 46 de negativa, un fen\u00f3meno que se repite en otras encuestas. &nbsp;<\/p>\n<p class=\"authorquote\">Myriam Bregman es la figura pol\u00edtica con mejor imagen del pa\u00eds con 47 por ciento de imagen positiva y 46 de negativa, un fen\u00f3meno que se repite en otras encuestas.<\/p>\n<p>Por debajo de la l\u00edder de troskista aparecen el gobernador Axel Kicillof (46), Cristina Kirchner (41), Patricia Bullrich (37) y Javier Milei (36). En efecto, Bregman es la \u00fanica dirigente de todo el arco pol\u00edtico argentino que tiene m\u00e1s imagen positiva que negativa.&nbsp;<\/p>\n<p>Atlas Intel tambi\u00e9n incluye un apartado econ\u00f3mico micro que revela una creciente precarizaci\u00f3n social. La mitad de los argentinos declara contar con una fuente de ingreso adicional, y entre ellos, el 60% afirma que lo hace simplemente para llegar a fin de mes. A su vez, el 58% redujo su consumo y casi el 33% recurri\u00f3 al endeudamiento, especialmente en los sectores de menores ingresos y entre j\u00f3venes de 16 a 34 a\u00f1os.&nbsp;<\/p>\n<p><a href=\"https:\/\/www.lapoliticaonline.com\/tools\/redirect.php?t=3&amp;i=342155&amp;s=c5f68aeee0665bf2190ae6310f974c8a\" class=\"link-type-content content-type-noticia-ar\">El rechazo a Milei supera el 60%, el valor m\u00e1s alto desde que lleg\u00f3 al gobierno<\/a><\/p>\n<p>&nbsp;En ese aspecto, entre quienes se endeudaron, el 82,8% lo hizo para comprar alimentos, el 60,7% para cubrir servicios b\u00e1sicos y el 45% para pagar deudas anteriores, lo que refleja una situaci\u00f3n de sobreendeudamiento estructural con la tarjeta de cr\u00e9dito sigue siendo la herramienta m\u00e1s utilizada, seguida por pr\u00e9stamos de billeteras virtuales y bancarios.&nbsp;<\/p>\n<p>Por \u00faltimo, el informe concluye con un dato contundente: m\u00e1s de la mitad de la poblaci\u00f3n reconoce que sus ingresos no alcanzan.&nbsp;El 27% asegura que debe ajustar gastos mes a mes para subsistir, otro 27% adem\u00e1s genera deudas, y solo el 23% afirma que puede cubrir sus gastos y ahorrar.&nbsp;<\/p>\n<figure class=\"vsmwidget widget-type-iframe\" vsmtype=\"iframe\" contenteditable=\"false\"><\/figure>\n","protected":false},"excerpt":{"rendered":"<p>&nbsp;La aprobaci\u00f3n de Javier Milei cay\u00f3 en abril a su nivel m\u00e1s bajo desde que asumi\u00f3 la presidencia, seg\u00fan el \u00faltimo informe de Latam Pulse Argentina elaborado en conjunto por la consultora brasile\u00f1a Atlas Intel y la agencia Bloomberg.&nbsp; El sondeo indica que s\u00f3lo el 35,5% de los argentinos aprueba su gesti\u00f3n, mientras que el [&hellip;]<\/p>\n","protected":false},"author":1,"featured_media":50265,"comment_status":"closed","ping_status":"closed","sticky":false,"template":"","format":"standard","meta":{"om_disable_all_campaigns":false,"_monsterinsights_skip_tracking":false,"_monsterinsights_sitenote_active":false,"_monsterinsights_sitenote_note":"","_monsterinsights_sitenote_category":0},"categories":[30],"tags":[],"aioseo_notices":[],"_links":{"self":[{"href":"https:\/\/cordobapolitica.com\/index.php?rest_route=\/wp\/v2\/posts\/50264"}],"collection":[{"href":"https:\/\/cordobapolitica.com\/index.php?rest_route=\/wp\/v2\/posts"}],"about":[{"href":"https:\/\/cordobapolitica.com\/index.php?rest_route=\/wp\/v2\/types\/post"}],"author":[{"embeddable":true,"href":"https:\/\/cordobapolitica.com\/index.php?rest_route=\/wp\/v2\/users\/1"}],"replies":[{"embeddable":true,"href":"https:\/\/cordobapolitica.com\/index.php?rest_route=%2Fwp%2Fv2%2Fcomments&post=50264"}],"version-history":[{"count":0,"href":"https:\/\/cordobapolitica.com\/index.php?rest_route=\/wp\/v2\/posts\/50264\/revisions"}],"wp:featuredmedia":[{"embeddable":true,"href":"https:\/\/cordobapolitica.com\/index.php?rest_route=\/wp\/v2\/media\/50265"}],"wp:attachment":[{"href":"https:\/\/cordobapolitica.com\/index.php?rest_route=%2Fwp%2Fv2%2Fmedia&parent=50264"}],"wp:term":[{"taxonomy":"category","embeddable":true,"href":"https:\/\/cordobapolitica.com\/index.php?rest_route=%2Fwp%2Fv2%2Fcategories&post=50264"},{"taxonomy":"post_tag","embeddable":true,"href":"https:\/\/cordobapolitica.com\/index.php?rest_route=%2Fwp%2Fv2%2Ftags&post=50264"}],"curies":[{"name":"wp","href":"https:\/\/api.w.org\/{rel}","templated":true}]}}