{"id":50262,"date":"2026-04-29T18:57:26","date_gmt":"2026-04-29T18:57:26","guid":{"rendered":"https:\/\/www.diariocronica.com.ar\/noticias\/2026\/04\/29\/139929-myriam-bregman-a-adorni-sabe-como-te-dice-la-gente-aloe-vera"},"modified":"2026-04-29T18:57:26","modified_gmt":"2026-04-29T18:57:26","slug":"myriam-bregman-a-adorni-sabe-como-te-dice-la-gente-aloe-vera","status":"publish","type":"post","link":"https:\/\/cordobapolitica.com\/?p=50262","title":{"rendered":"Myriam Bregman, a Adorni: &#8220;\u00bfSabe c\u00f3mo te dice la gente? Aloe Vera&#8221;"},"content":{"rendered":"<div class=\"media_block\"><\/div>\n<div><img src=\"http:\/\/cordobapolitica.com\/wp-content\/uploads\/2026\/04\/myriam-bregman-a-adorni-sabe-como-te-dice-la-gente-aloe-vera.webp\" class=\"ff-og-image-inserted\"><\/div>\n<p>La diputada del Frente de Izquierda apunt\u00f3 contra el jefe de Gabinete por su patrimonio, la situaci\u00f3n social y supuestos casos de corrupci\u00f3n. Cerr\u00f3 su intervenci\u00f3n con una frase que desat\u00f3 tensi\u00f3n en el recinto.<\/p>\n<div>\n<p>La diputada <span class=\"hover:entity-accent entity-underline inline cursor-pointer align-baseline\"><span class=\"whitespace-normal\">Myriam Bregman<\/span><\/span> protagoniz\u00f3 uno de los momentos m\u00e1s tensos en el Congreso durante la exposici\u00f3n del jefe de Gabinete, <span class=\"hover:entity-accent entity-underline inline cursor-pointer align-baseline\"><span class=\"whitespace-normal\">Manuel Adorni<\/span><\/span>, al lanzar una serie de cuestionamientos pol\u00edticos y econ\u00f3micos que escalaron en tono hasta un cierre explosivo.<\/p>\n<p>Desde el inicio de su intervenci\u00f3n, la legisladora fue directa y cuestion\u00f3 la escena pol\u00edtica que rode\u00f3 la presentaci\u00f3n. \u201cSi usted era tan gallito, \u00bfpor qu\u00e9 tuvo que venir con el Presidente y la hermana?\u201d, dispar\u00f3 en referencia a la presencia de <span class=\"hover:entity-accent entity-underline inline cursor-pointer align-baseline\"><span class=\"whitespace-normal\">Javier Milei<\/span><\/span> y <span class=\"hover:entity-accent entity-underline inline cursor-pointer align-baseline\"><span class=\"whitespace-normal\">Karina Milei<\/span><\/span>.<\/p>\n<h3><strong>Cr\u00edticas por corrupci\u00f3n y manejo de fondos<\/strong><\/h3>\n<p>Durante su exposici\u00f3n, Bregman enumer\u00f3 distintos casos que, seg\u00fan plante\u00f3, deben ser explicados por el oficialismo. Mencion\u00f3 situaciones vinculadas a organismos como <strong>ANDIS<\/strong>, <strong>ARCA<\/strong>, el caso <strong>Libra<\/strong> y operaciones con el <strong>Banco Naci\u00f3n<\/strong>, y lanz\u00f3 una pregunta que sintetiz\u00f3 su postura: <strong>\u201c\u00bfCasos aislados o modus operandi?\u201d<\/strong>.<\/p>\n<p>Tambi\u00e9n puso el foco en la <strong>evoluci\u00f3n patrimonial<\/strong> del funcionario, en medio de la investigaci\u00f3n judicial en su contra. \u201c\u00bfC\u00f3mo explica que cobra en pesos y gasta en d\u00f3lares, mucho m\u00e1s de lo que gana?\u201d, cuestion\u00f3.<\/p>\n<blockquote class=\"instagram-media\" data-instgrm-captioned data-instgrm-permalink=\"https:\/\/www.instagram.com\/reel\/DXueoECAPAb\/?utm_source=ig_embed&amp;utm_campaign=loading\" data-instgrm-version=\"14\"><\/blockquote>\n<h3><strong>Iron\u00edas y apodos en pleno recinto<\/strong><\/h3>\n<p>El cruce tambi\u00e9n tuvo momentos de iron\u00eda. En medio de su intervenci\u00f3n, Bregman lanz\u00f3 un comentario que r\u00e1pidamente se viraliz\u00f3: <strong>\u201c\u00bfSabe c\u00f3mo le dice la gente? Aloe vera\u201d<\/strong>.<\/p>\n<p>Y remat\u00f3 con una chicana que apunt\u00f3 directamente a las denuncias que rodean al funcionario: <strong>\u201cCada d\u00eda le descubren m\u00e1s propiedades\u201d<\/strong>.<\/p>\n<h3><strong>El eje social y el impacto del ajuste<\/strong><\/h3>\n<p>La diputada avanz\u00f3 luego sobre el impacto de las pol\u00edticas econ\u00f3micas del Gobierno, con especial \u00e9nfasis en sectores vulnerables. Habl\u00f3 de <strong>jubilados, personas con discapacidad y trabajadores<\/strong>, y utiliz\u00f3 un ejemplo concreto para graficar la situaci\u00f3n.<\/p>\n<p>\u201cUna m\u00e9dica del PAMI tiene que atender 3333 adultos mayores para alcanzar su salario\u201d, se\u00f1al\u00f3, en una cr\u00edtica directa al sistema de salud y a los recortes.<\/p>\n<h3><strong>Denuncias, oro y libertad de prensa<\/strong><\/h3>\n<p>En otro tramo de su intervenci\u00f3n, Bregman apunt\u00f3 contra la pol\u00e9mica en torno a <span class=\"hover:entity-accent entity-underline inline cursor-pointer align-baseline\"><span class=\"whitespace-normal\">Hayden Davis<\/span><\/span> y cuestion\u00f3 el rol del jefe de Gabinete como filtro presidencial.<\/p>\n<p>\u201cSi usted es un filtro del Presidente, \u00bffall\u00f3 el filtro o usted es parte del engranaje de promoci\u00f3n de esa estafa?\u201d, lanz\u00f3.<\/p>\n<p>Adem\u00e1s, reclam\u00f3 explicaciones por el <strong>manejo del oro argentino<\/strong> y critic\u00f3 el cierre de la sala de periodistas en la Casa Rosada. \u201cEs una medida que no se tom\u00f3 ni en la dictadura militar\u201d, advirti\u00f3.<\/p>\n<h3><strong>Un cierre que encendi\u00f3 el recinto<\/strong><\/h3>\n<p>Sobre el final, la diputada redobl\u00f3 la ofensiva con una frase que gener\u00f3 reacciones inmediatas en el recinto: <strong>\u201cNos saliste muy caro, el perro nos lo metiste vos. Espero que respondas y no chicanas\u201d<\/strong>.<\/p>\n<p>El cruce dej\u00f3 expuesta la tensi\u00f3n pol\u00edtica en torno a la figura de Adorni, en un contexto atravesado por <strong>cuestionamientos judiciales, debate econ\u00f3mico y fuertes cruces en el Congreso<\/strong>.<\/p>\n<\/p><\/div>\n","protected":false},"excerpt":{"rendered":"<p>La diputada del Frente de Izquierda apunt\u00f3 contra el jefe de Gabinete por su patrimonio, la situaci\u00f3n social y supuestos casos de corrupci\u00f3n. Cerr\u00f3 su intervenci\u00f3n con una frase que desat\u00f3 tensi\u00f3n en el recinto. La diputada Myriam Bregman protagoniz\u00f3 uno de los momentos m\u00e1s tensos en el Congreso durante la exposici\u00f3n del jefe de [&hellip;]<\/p>\n","protected":false},"author":1,"featured_media":50263,"comment_status":"closed","ping_status":"closed","sticky":false,"template":"","format":"standard","meta":{"om_disable_all_campaigns":false,"_monsterinsights_skip_tracking":false,"_monsterinsights_sitenote_active":false,"_monsterinsights_sitenote_note":"","_monsterinsights_sitenote_category":0},"categories":[30],"tags":[],"aioseo_notices":[],"_links":{"self":[{"href":"https:\/\/cordobapolitica.com\/index.php?rest_route=\/wp\/v2\/posts\/50262"}],"collection":[{"href":"https:\/\/cordobapolitica.com\/index.php?rest_route=\/wp\/v2\/posts"}],"about":[{"href":"https:\/\/cordobapolitica.com\/index.php?rest_route=\/wp\/v2\/types\/post"}],"author":[{"embeddable":true,"href":"https:\/\/cordobapolitica.com\/index.php?rest_route=\/wp\/v2\/users\/1"}],"replies":[{"embeddable":true,"href":"https:\/\/cordobapolitica.com\/index.php?rest_route=%2Fwp%2Fv2%2Fcomments&post=50262"}],"version-history":[{"count":0,"href":"https:\/\/cordobapolitica.com\/index.php?rest_route=\/wp\/v2\/posts\/50262\/revisions"}],"wp:featuredmedia":[{"embeddable":true,"href":"https:\/\/cordobapolitica.com\/index.php?rest_route=\/wp\/v2\/media\/50263"}],"wp:attachment":[{"href":"https:\/\/cordobapolitica.com\/index.php?rest_route=%2Fwp%2Fv2%2Fmedia&parent=50262"}],"wp:term":[{"taxonomy":"category","embeddable":true,"href":"https:\/\/cordobapolitica.com\/index.php?rest_route=%2Fwp%2Fv2%2Fcategories&post=50262"},{"taxonomy":"post_tag","embeddable":true,"href":"https:\/\/cordobapolitica.com\/index.php?rest_route=%2Fwp%2Fv2%2Ftags&post=50262"}],"curies":[{"name":"wp","href":"https:\/\/api.w.org\/{rel}","templated":true}]}}