{"id":50260,"date":"2026-04-29T19:08:26","date_gmt":"2026-04-29T19:08:26","guid":{"rendered":"https:\/\/www.diariocronica.com.ar\/noticias\/2026\/04\/29\/139935-biss-hablo-de-mala-intencion-por-las-pintadas-de-una-formula-provincial-con-luque"},"modified":"2026-04-29T19:08:26","modified_gmt":"2026-04-29T19:08:26","slug":"biss-hablo-de-mala-intencion-por-las-pintadas-de-una-formula-provincial-con-luque","status":"publish","type":"post","link":"https:\/\/cordobapolitica.com\/?p=50260","title":{"rendered":"Biss habl\u00f3 de \u201cmala intenci\u00f3n\u201d por las pintadas de una f\u00f3rmula provincial con Luque"},"content":{"rendered":"<div class=\"media_block\"><\/div>\n<p>El intendente de Rawson, Dami\u00e1n Biss, neg\u00f3 cualquier v\u00ednculo con las pintadas que promueven una supuesta f\u00f3rmula junto a Juan Pablo Luque, asegur\u00f3 que no habla de candidaturas y sostuvo que se trata de una acci\u00f3n con \u201cmala intenci\u00f3n\u201d en medio de un contexto provincial complejo.<\/p>\n<div>\n<p>Sin lugar a dudas sorprendi\u00f3 en la capital provincial que aparecieran &#8220;pintadas&#8221; fomentando una f\u00f3rmula integrada por Dami\u00e1n <strong>Biss<\/strong> y Juan Pablo <strong>Luque.<\/strong> En consecuencia, el propio intendente de la capital dej\u00f3 en claro que no fueron realizadas por su <strong>sector pol\u00edtico,<\/strong> ni tampoco por el diputado nacional justicialista. Adem\u00e1s, evit\u00f3 apuntar a posibles autores pero s\u00ed remarc\u00f3 la \u201cmala intenci\u00f3n\u201d.<\/p>\n<p>Cabe recordar que Juan Pablo Luque hab\u00eda realizado <strong>declaraciones period\u00edsticas<\/strong> elogiando el trabajo de Biss y la necesidad de buscar consensos. \u201cEscuch\u00e9 las declaraciones y despu\u00e9s vi algunas notas escritas. Y las <strong>declaraciones p\u00fablicas<\/strong> de las notas escritas distan mucho, hay una gran diferencia\u201d, sostuvo Biss sobre las manifestaciones de Luque.<\/p>\n<p>\u201cYo creo que el diputado nacional Luque lo que ha expresado es que la provincia est\u00e1 en un momento realmente muy delicado, con una conflictividad social muy importante. Ayer &#8211; por el martes &#8211; hubo una manifestaci\u00f3n masiva en Rawson y tenemos algunos problemas que son evidentes y que, ante un contexto tan complejo, se necesita de que la pol\u00edtica est\u00e9 a la altura de las circunstancias, y en vez de pelearse, se est\u00e9 tratando de generar consensos para salir de esta una situaci\u00f3n\u201d, asegur\u00f3 Biss.<\/p>\n<h3>\u201cNo estoy dispuesto a hablar de candidaturas&#8221;&nbsp;<\/h3>\n<p>Por otra parte, el intendente capitalino fue claro y conciso&nbsp; al decir que no habla de candidaturas y tambi\u00e9n agradeci\u00f3 a Luque \u201cla valoraci\u00f3n hacia mi persona y mi gesti\u00f3n\u201d. Adem\u00e1s, repas\u00f3 que \u201cnosotros asumimos en un contexto muy dif\u00edcil en Rawson, todos lo saben, llevamos casi seis a\u00f1os de estabilidad, de paz social, de trabajo mancomunado con muchos sectores, independientemente del color pol\u00edtico. El que me conoce sabe que soy una persona de consensos pero no creo que Luque haya querido hablar de candidaturas y, de hecho, yo no estoy dispuesto a hablar de candidaturas\u201d, puntualiz\u00f3.<\/p>\n<h3>Las pintadas<\/h3>\n<p>&#8220;Quiero aclarar que esas pintadas no tienen un origen nuestro. Yo fui candidato en 2019 y 2023 en esta ciudad y jam\u00e1s utilic\u00e9 espacios p\u00fablicos para publicidad de campa\u00f1a, no lo voy a hacer\u201d, afirm\u00f3 y al mismo tiempo agreg\u00f3 que \u201ctienen otra connotaci\u00f3n esas pintadas, creo que buscan otro tipo de repercusiones. No creo que tengan que ver con Luque tampoco; hay una mala intenci\u00f3n\u201d. enfatiz\u00f3.<\/p>\n<figure class=\"image\"><img src=\"http:\/\/cordobapolitica.com\/wp-content\/uploads\/2026\/04\/biss-hablo-de-mala-intencion-por-las-pintadas-de-una-formula-provincial-con-luque.webp\" alt width=\"1200\" height=\"571\" loading=\"lazy\"><figcaption>Foto: Facebbok Silvina Cabrera<\/figcaption><\/figure>\n<p>Finalmente, e insistiendo en su concepto \u201ces una total falta de respeto hablar de candidaturas cuando hay un escenario tan complejo y quienes han hecho esa pintada, creo que ten\u00edan una intenci\u00f3n que no era justamente alentar por ah\u00ed la conformaci\u00f3n de alguna lista. Yo no soy candidato a nada, ahora tengo una responsabilidad enorme, estamos en un momento muy dif\u00edcil y trabajo para sacar adelante mi ciudad y tratar de colaborar para que la provincia tambi\u00e9n salga este momento tan dif\u00edcil. Me parece un chiste de mal gusto, no me gusta que ensucien en la ciudad con publicidad de campa\u00f1a&#8221;, concluy\u00f3.<\/p>\n<\/p><\/div>\n","protected":false},"excerpt":{"rendered":"<p>El intendente de Rawson, Dami\u00e1n Biss, neg\u00f3 cualquier v\u00ednculo con las pintadas que promueven una supuesta f\u00f3rmula junto a Juan Pablo Luque, asegur\u00f3 que no habla de candidaturas y sostuvo que se trata de una acci\u00f3n con \u201cmala intenci\u00f3n\u201d en medio de un contexto provincial complejo. Sin lugar a dudas sorprendi\u00f3 en la capital provincial [&hellip;]<\/p>\n","protected":false},"author":1,"featured_media":50261,"comment_status":"closed","ping_status":"closed","sticky":false,"template":"","format":"standard","meta":{"om_disable_all_campaigns":false,"_monsterinsights_skip_tracking":false,"_monsterinsights_sitenote_active":false,"_monsterinsights_sitenote_note":"","_monsterinsights_sitenote_category":0},"categories":[30],"tags":[],"aioseo_notices":[],"_links":{"self":[{"href":"https:\/\/cordobapolitica.com\/index.php?rest_route=\/wp\/v2\/posts\/50260"}],"collection":[{"href":"https:\/\/cordobapolitica.com\/index.php?rest_route=\/wp\/v2\/posts"}],"about":[{"href":"https:\/\/cordobapolitica.com\/index.php?rest_route=\/wp\/v2\/types\/post"}],"author":[{"embeddable":true,"href":"https:\/\/cordobapolitica.com\/index.php?rest_route=\/wp\/v2\/users\/1"}],"replies":[{"embeddable":true,"href":"https:\/\/cordobapolitica.com\/index.php?rest_route=%2Fwp%2Fv2%2Fcomments&post=50260"}],"version-history":[{"count":0,"href":"https:\/\/cordobapolitica.com\/index.php?rest_route=\/wp\/v2\/posts\/50260\/revisions"}],"wp:featuredmedia":[{"embeddable":true,"href":"https:\/\/cordobapolitica.com\/index.php?rest_route=\/wp\/v2\/media\/50261"}],"wp:attachment":[{"href":"https:\/\/cordobapolitica.com\/index.php?rest_route=%2Fwp%2Fv2%2Fmedia&parent=50260"}],"wp:term":[{"taxonomy":"category","embeddable":true,"href":"https:\/\/cordobapolitica.com\/index.php?rest_route=%2Fwp%2Fv2%2Fcategories&post=50260"},{"taxonomy":"post_tag","embeddable":true,"href":"https:\/\/cordobapolitica.com\/index.php?rest_route=%2Fwp%2Fv2%2Ftags&post=50260"}],"curies":[{"name":"wp","href":"https:\/\/api.w.org\/{rel}","templated":true}]}}