{"id":50248,"date":"2026-04-29T22:23:00","date_gmt":"2026-04-29T22:23:00","guid":{"rendered":"https:\/\/cordobapolitica.com\/?p=50248"},"modified":"2026-04-29T22:23:00","modified_gmt":"2026-04-29T22:23:00","slug":"asis-sobre-adorni-en-diputados-clara-reaccion-kirchnerista-del-gobierno-de-consultores-que-preside-el-tertuliano","status":"publish","type":"post","link":"https:\/\/cordobapolitica.com\/?p=50248","title":{"rendered":"As\u00eds sobre Adorni en Diputados: &#8220;Clara reacci\u00f3n kirchnerista del Gobierno de Consultores que preside el Tertuliano&#8221;"},"content":{"rendered":"<div class=\"media_block\"><\/div>\n<div><img src=\"http:\/\/cordobapolitica.com\/wp-content\/uploads\/2026\/04\/asis-sobre-adorni-en-diputados-clara-reaccion-kirchnerista-del-gobierno-de-consultores-que-preside-el-tertuliano.jpg\" class=\"ff-og-image-inserted\"><\/div>\n<p>El analista pol\u00edtico<strong> Jorge As\u00eds<\/strong> calific\u00f3 el respaldo del <strong>presidente Javier Milei<\/strong> a la presentaci\u00f3n del <strong>jefe de Gabinete Manuel Adorni <\/strong>en Diputados como <strong>\u201cmile\u00edsmo kirchnerista\u201d<\/strong>.<\/p>\n<p class=\"destacadoNota\"><a target=\"_blank\" href=\"https:\/\/www.perfil.com\/noticias\/nea\/impacto-en-las-provincias-misiones-creo-un-regimen-de-beneficios-para-garantizar-luz-y-agua-a-centros-de-discapacidad.phtml\" rel=\"noopener\">Impacto en las provincias: Misiones cre\u00f3 un r\u00e9gimen de beneficios para garantizar luz y agua a centros de discapacidad<\/a><\/p>\n<h2>\u201cMile\u00edsmo kirchnerista\u201d<\/h2>\n<p>\u201c<strong>Clara reacci\u00f3n kirchnerista del Gobierno de Consultores que preside el Tertuliano (Milei) inspirado que supone saber de econom<\/strong><strong>\u00ed<\/strong><strong>a aunque se destaca, en efecto, por la sagaz intuici\u00f3n pol\u00edtica<\/strong>\u201d, escribi\u00f3 en la red social \u201c<em>X<\/em>\u201d.<\/p>\n<p>\u201c<strong>Acierta al transformar la caravana de adversidades en pretexto para la ofensiva personal<\/strong>\u201d, agreg\u00f3 el periodista.<\/p>\n<p class=\"destacadoNota\"><a target=\"_blank\" href=\"https:\/\/www.perfil.com\/noticias\/nea\/chaco-zdero-anuncio-un-plan-de-asistencia-integral-para-las-localidades-afectadas-por-la-emergencia-climatica.phtml\" rel=\"noopener\">Zdero anunci\u00f3 un plan de asistencia integral para las localidades afectadas por la emergencia clim\u00e1tica<\/a><\/p>\n<h2>\u201cEpisodios berretas\u201d y \u201cenriquecimiento m\u00e1s pajar\u00f3n\u201d<\/h2>\n<p>\u201c<strong>Su praxis se reduce al machismo conceptual. Permite que se agrande el enemigo por los medios para masacrarlo despu\u00e9s en la cancha<\/strong>, a trav\u00e9s del instrumento Bessent, o <strong>las fabulaciones de su hermana protectora, La Guantanamera del 3<\/strong>, o a trav\u00e9s del instrumento reciente, <strong>el Premier Adorni, el acosado Manolito por episodios berretas que blindaron el enriquecimiento m\u00e1s pajar\u00f3n que se tenga memoria<\/strong>\u201d, analiz\u00f3 As\u00eds.<\/p>\n<p>Minutos antes del comienzo de la sesi\u00f3n de este mi\u00e9rcoles en Diputados, el escritor hab\u00eda se\u00f1alado en otra publicaci\u00f3n de la mencionada red social:<\/p>\n<p>\u201c<strong>El Gobierno de Consultores entero sale a jugarse la vida por el terrenito de fin de semana del Premier Adorni<\/strong>, quien junto a la apasionante escribana y las sublimes jubiladas paralizan el pa\u00eds y <strong>muestran el estado simb\u00f3licamente berreta de la naci\u00f3n<\/strong>\u201d.<\/p>\n<p>D\u00edas atr\u00e1s en la columna <a target=\"_blank\" href=\"https:\/\/www.perfil.com\/noticias\/opinion\/el-loco-no-puede-reelegir.phtml\" rel=\"noopener\">&#8220;El loco no puede reelegir&#8221;<\/a>, As\u00eds expres\u00f3 que &#8220;el entrevero del Tertuliano con (Paolo) Rocca result\u00f3 fundamental para consolidar la revaloraci\u00f3n de Mauricio (Macri)&#8221;.<\/p>\n<div class=\"article__tags\">\n<p>En esta Nota<\/p>\n<\/p><\/div>\n","protected":false},"excerpt":{"rendered":"<p>El analista pol\u00edtico Jorge As\u00eds calific\u00f3 el respaldo del presidente Javier Milei a la presentaci\u00f3n del jefe de Gabinete Manuel Adorni en Diputados como \u201cmile\u00edsmo kirchnerista\u201d. Impacto en las provincias: Misiones cre\u00f3 un r\u00e9gimen de beneficios para garantizar luz y agua a centros de discapacidad \u201cMile\u00edsmo kirchnerista\u201d \u201cClara reacci\u00f3n kirchnerista del Gobierno de Consultores que [&hellip;]<\/p>\n","protected":false},"author":1,"featured_media":50249,"comment_status":"closed","ping_status":"closed","sticky":false,"template":"","format":"standard","meta":{"om_disable_all_campaigns":false,"_monsterinsights_skip_tracking":false,"_monsterinsights_sitenote_active":false,"_monsterinsights_sitenote_note":"","_monsterinsights_sitenote_category":0},"categories":[30],"tags":[],"aioseo_notices":[],"_links":{"self":[{"href":"https:\/\/cordobapolitica.com\/index.php?rest_route=\/wp\/v2\/posts\/50248"}],"collection":[{"href":"https:\/\/cordobapolitica.com\/index.php?rest_route=\/wp\/v2\/posts"}],"about":[{"href":"https:\/\/cordobapolitica.com\/index.php?rest_route=\/wp\/v2\/types\/post"}],"author":[{"embeddable":true,"href":"https:\/\/cordobapolitica.com\/index.php?rest_route=\/wp\/v2\/users\/1"}],"replies":[{"embeddable":true,"href":"https:\/\/cordobapolitica.com\/index.php?rest_route=%2Fwp%2Fv2%2Fcomments&post=50248"}],"version-history":[{"count":0,"href":"https:\/\/cordobapolitica.com\/index.php?rest_route=\/wp\/v2\/posts\/50248\/revisions"}],"wp:featuredmedia":[{"embeddable":true,"href":"https:\/\/cordobapolitica.com\/index.php?rest_route=\/wp\/v2\/media\/50249"}],"wp:attachment":[{"href":"https:\/\/cordobapolitica.com\/index.php?rest_route=%2Fwp%2Fv2%2Fmedia&parent=50248"}],"wp:term":[{"taxonomy":"category","embeddable":true,"href":"https:\/\/cordobapolitica.com\/index.php?rest_route=%2Fwp%2Fv2%2Fcategories&post=50248"},{"taxonomy":"post_tag","embeddable":true,"href":"https:\/\/cordobapolitica.com\/index.php?rest_route=%2Fwp%2Fv2%2Ftags&post=50248"}],"curies":[{"name":"wp","href":"https:\/\/api.w.org\/{rel}","templated":true}]}}