{"id":50246,"date":"2026-04-29T16:55:31","date_gmt":"2026-04-29T16:55:31","guid":{"rendered":"https:\/\/legislaturacba.gob.ar\/?p=129239"},"modified":"2026-04-29T16:55:31","modified_gmt":"2026-04-29T16:55:31","slug":"cada-pueblo-merece-simbolos-que-lo-representen-myrian-prunotto-encabezo-el-primer-izamiento-de-la-bandera-de-cosquin","status":"publish","type":"post","link":"https:\/\/cordobapolitica.com\/?p=50246","title":{"rendered":"\u201cCada pueblo merece s\u00edmbolos que lo representen\u201d: Myrian Prunotto encabez\u00f3 el primer izamiento de la bandera de Cosqu\u00edn"},"content":{"rendered":"<p>Este mi\u00e9rcoles se concret\u00f3 el acto de presentaci\u00f3n oficial de la bandera de la<strong> localidad de Cosqu\u00edn<\/strong>. La creaci\u00f3n de la insignia local se concret\u00f3 en el marco del <strong>programa Nuestra Bandera<\/strong>, una iniciativa impulsada por la <strong>Vicegobernaci\u00f3n de la Provincia de C\u00f3rdoba<\/strong> junto a municipios de todo el territorio provincial, con el objetivo de fortalecer las identidades locales a trav\u00e9s de procesos participativos que integren a vecinos, instituciones educativas y organizaciones de cada localidad.<\/p>\n<p>El acto fue encabezado por la vicegobernadora de C\u00f3rdoba, <strong>Myrian Prunotto<\/strong>, junto al intendente de Cosqu\u00edn, <strong>Ra\u00fal Cardinali<\/strong>. Tambi\u00e9n participaron la directora general de Vinculaci\u00f3n de la Legislatura de C\u00f3rdoba, <strong>Silvina Gonz\u00e1lez<\/strong>; la vicepresidenta del Ersep, <strong>Mariana Caserio<\/strong>; autoridades municipales, representantes institucionales, comunidades educativas, vecinos y vecinas.<\/p>\n<figure class=\"wp-block-image alignfull size-large\"><img src=\"http:\/\/cordobapolitica.com\/wp-content\/uploads\/2026\/04\/cada-pueblo-merece-simbolos-que-lo-representen-myrian-prunotto-encabezo-el-primer-izamiento-de-la-bandera-de-cosquin.jpg\" alt class=\"wp-image-129250\"><\/figure>\n<p>La nueva bandera de Cosqu\u00edn fue dise\u00f1ada por <strong>Ana Bel\u00e9n Dur\u00e1n, Mauricio Ezequiel Gonz\u00e1lez y Francisco Ismael Luj\u00e1n<\/strong>, estudiantes de la <strong>Escuela Superior de Bellas Artes Emilio Caraffa<\/strong>, autores de la propuesta ganadora seleccionada por un jurado integrado por vecinos y referentes locales.<\/p>\n<p>Cada l\u00ednea, color y s\u00edmbolo de la insignia fue pensado para reflejar la esencia de Cosqu\u00edn, su historia compartida, su riqueza cultural y su proyecci\u00f3n hacia el futuro. En su dise\u00f1o se destacan <strong>las nueve lunas<\/strong> que identifican al tradicional festival, la imagen de la<strong> Virgen del Rosario<\/strong> y elementos vinculados a la<strong> cultura local.<\/strong><\/p>\n<p><strong>Prunotto<\/strong> expres\u00f3: <em>\u201cEsta bandera representar\u00e1 desde hoy a cada cosco\u00edno y a cada cosco\u00edna. Sus creadores supieron plasmar en sus colores y s\u00edmbolos la identidad cultural de esta ciudad, su historia y todo lo que Cosqu\u00edn tiene para mostrarle a C\u00f3rdoba y al pa\u00eds. Tambi\u00e9n refleja el rojo del federalismo, un valor que defendemos y promovemos desde este Gobierno. Lo m\u00e1s valioso es que naci\u00f3 del trabajo conjunto y de pensar entre todos qu\u00e9 queremos expresar como comunidad. Desde C\u00f3rdoba seguimos construyendo una Argentina grande, con m\u00e1s oportunidades y futuro, acompa\u00f1ando a cada localidad y a cada rinc\u00f3n de nuestra provincia\u201d.<\/em><\/p>\n<figure class=\"wp-block-gallery columns-2 is-cropped\">\n<ul class=\"blocks-gallery-grid\">\n<li class=\"blocks-gallery-item\">\n<figure><img src=\"http:\/\/cordobapolitica.com\/wp-content\/uploads\/2026\/04\/cada-pueblo-merece-simbolos-que-lo-representen-myrian-prunotto-encabezo-el-primer-izamiento-de-la-bandera-de-cosquin-1.jpg\" alt data-id=\"129252\" data-full-url=\"http:\/\/cordobapolitica.com\/wp-content\/uploads\/2026\/04\/cada-pueblo-merece-simbolos-que-lo-representen-myrian-prunotto-encabezo-el-primer-izamiento-de-la-bandera-de-cosquin-1.jpg\" data-link=\"https:\/\/legislaturacba.gob.ar\/?attachment_id=129252\" class=\"wp-image-129252\"><\/figure>\n<\/li>\n<li class=\"blocks-gallery-item\">\n<figure><img src=\"http:\/\/cordobapolitica.com\/wp-content\/uploads\/2026\/04\/cada-pueblo-merece-simbolos-que-lo-representen-myrian-prunotto-encabezo-el-primer-izamiento-de-la-bandera-de-cosquin-2.jpg\" alt data-id=\"129248\" data-link=\"https:\/\/legislaturacba.gob.ar\/?attachment_id=129248\" class=\"wp-image-129248\"><\/figure>\n<\/li>\n<\/ul>\n<\/figure>\n<p>Por su parte,<strong> Cardinali<\/strong> se\u00f1al\u00f3:<em> \u201cHoy es un d\u00eda hist\u00f3rico para Cosqu\u00edn. Tener nuestra bandera y verla flamear por primera vez significa mucho: nos brinda identidad, fortalece el sentido de pertenencia y renueva el amor por nuestra tierra cosco\u00edna. Quiero agradecer a cada vecino que particip\u00f3 y se interes\u00f3 en este programa, y al Concejo Deliberante por haber aprobado por unanimidad esta hermosa bandera. Para esta gesti\u00f3n, la cultura es el tim\u00f3n que gu\u00eda nuestro camino y tambi\u00e9n una parte esencial de lo que somos como comunidad\u201d.<\/em><\/p>\n<p>Uno de los momentos m\u00e1s emotivos de la jornada fue el <strong>primer izamiento conjunto <\/strong>de las banderas nacional, provincial y de la ciudad de Cosqu\u00edn, consolidando oficialmente el nacimiento de un nuevo s\u00edmbolo para la localidad.<\/p>\n<figure class=\"wp-block-gallery columns-2 is-cropped\">\n<ul class=\"blocks-gallery-grid\">\n<li class=\"blocks-gallery-item\">\n<figure><img src=\"http:\/\/cordobapolitica.com\/wp-content\/uploads\/2026\/04\/cada-pueblo-merece-simbolos-que-lo-representen-myrian-prunotto-encabezo-el-primer-izamiento-de-la-bandera-de-cosquin-3.jpg\" alt data-id=\"129244\" data-full-url=\"http:\/\/cordobapolitica.com\/wp-content\/uploads\/2026\/04\/cada-pueblo-merece-simbolos-que-lo-representen-myrian-prunotto-encabezo-el-primer-izamiento-de-la-bandera-de-cosquin-3.jpg\" data-link=\"https:\/\/legislaturacba.gob.ar\/?attachment_id=129244\" class=\"wp-image-129244\"><\/figure>\n<\/li>\n<li class=\"blocks-gallery-item\">\n<figure><img src=\"http:\/\/cordobapolitica.com\/wp-content\/uploads\/2026\/04\/cada-pueblo-merece-simbolos-que-lo-representen-myrian-prunotto-encabezo-el-primer-izamiento-de-la-bandera-de-cosquin-4.jpg\" alt data-id=\"129243\" data-full-url=\"http:\/\/cordobapolitica.com\/wp-content\/uploads\/2026\/04\/cada-pueblo-merece-simbolos-que-lo-representen-myrian-prunotto-encabezo-el-primer-izamiento-de-la-bandera-de-cosquin-4.jpg\" data-link=\"https:\/\/legislaturacba.gob.ar\/?attachment_id=129243\" class=\"wp-image-129243\"><\/figure>\n<\/li>\n<\/ul>\n<\/figure>\n<p>Adem\u00e1s, se entregaron reconocimientos a los creadores de la bandera y ejemplares de la insignia a instituciones locales, reafirmando el valor colectivo de este emblema que acompa\u00f1ar\u00e1 la vida institucional, educativa y cultural de la ciudad.<\/p>\n<p>A trav\u00e9s del <strong>programa Nuestra Bandera,<\/strong> la Vicegobernaci\u00f3n de C\u00f3rdoba contin\u00faa promoviendo identidad, participaci\u00f3n ciudadana y sentido de pertenencia en cada rinc\u00f3n de la provincia.<\/p>\n","protected":false},"excerpt":{"rendered":"<p>Este mi\u00e9rcoles se concret\u00f3 el acto de presentaci\u00f3n oficial de la bandera de la localidad de Cosqu\u00edn. La creaci\u00f3n de la insignia local se concret\u00f3 en el marco del programa Nuestra Bandera, una iniciativa impulsada por la Vicegobernaci\u00f3n de la Provincia de C\u00f3rdoba junto a municipios de todo el territorio provincial, con el objetivo de [&hellip;]<\/p>\n","protected":false},"author":1,"featured_media":50247,"comment_status":"closed","ping_status":"closed","sticky":false,"template":"","format":"standard","meta":{"om_disable_all_campaigns":false,"_monsterinsights_skip_tracking":false,"_monsterinsights_sitenote_active":false,"_monsterinsights_sitenote_note":"","_monsterinsights_sitenote_category":0},"categories":[31],"tags":[],"aioseo_notices":[],"_links":{"self":[{"href":"https:\/\/cordobapolitica.com\/index.php?rest_route=\/wp\/v2\/posts\/50246"}],"collection":[{"href":"https:\/\/cordobapolitica.com\/index.php?rest_route=\/wp\/v2\/posts"}],"about":[{"href":"https:\/\/cordobapolitica.com\/index.php?rest_route=\/wp\/v2\/types\/post"}],"author":[{"embeddable":true,"href":"https:\/\/cordobapolitica.com\/index.php?rest_route=\/wp\/v2\/users\/1"}],"replies":[{"embeddable":true,"href":"https:\/\/cordobapolitica.com\/index.php?rest_route=%2Fwp%2Fv2%2Fcomments&post=50246"}],"version-history":[{"count":0,"href":"https:\/\/cordobapolitica.com\/index.php?rest_route=\/wp\/v2\/posts\/50246\/revisions"}],"wp:featuredmedia":[{"embeddable":true,"href":"https:\/\/cordobapolitica.com\/index.php?rest_route=\/wp\/v2\/media\/50247"}],"wp:attachment":[{"href":"https:\/\/cordobapolitica.com\/index.php?rest_route=%2Fwp%2Fv2%2Fmedia&parent=50246"}],"wp:term":[{"taxonomy":"category","embeddable":true,"href":"https:\/\/cordobapolitica.com\/index.php?rest_route=%2Fwp%2Fv2%2Fcategories&post=50246"},{"taxonomy":"post_tag","embeddable":true,"href":"https:\/\/cordobapolitica.com\/index.php?rest_route=%2Fwp%2Fv2%2Ftags&post=50246"}],"curies":[{"name":"wp","href":"https:\/\/api.w.org\/{rel}","templated":true}]}}