{"id":50244,"date":"2026-04-29T18:57:28","date_gmt":"2026-04-29T18:57:28","guid":{"rendered":"https:\/\/legislaturacba.gob.ar\/?p=129241"},"modified":"2026-04-29T18:57:28","modified_gmt":"2026-04-29T18:57:28","slug":"la-legislatura-reconocio-a-un-proyecto-editorial-sobre-el-patrimonio-cultural-del-cerro-colorado","status":"publish","type":"post","link":"https:\/\/cordobapolitica.com\/?p=50244","title":{"rendered":"La Legislatura reconoci\u00f3 a un proyecto editorial sobre el patrimonio cultural del Cerro Colorado"},"content":{"rendered":"<div><img src=\"http:\/\/cordobapolitica.com\/wp-content\/uploads\/2026\/04\/la-legislatura-reconocio-a-un-proyecto-editorial-sobre-el-patrimonio-cultural-del-cerro-colorado.jpg\" class=\"ff-og-image-inserted\"><\/div>\n<p>Este mi\u00e9rcoles, en la Legislatura de la Provincia de C\u00f3rdoba, se realiz\u00f3 la entrega de un <strong>reconocimiento al galerista Giacomo Lo Bue <\/strong>por su proyecto editorial dedicado al registro fotogr\u00e1fico de las <strong>pictograf\u00edas rupestres del Cerro Colorado<\/strong>. <\/p>\n<p>La distinci\u00f3n fue otorgada a partir de una iniciativa impulsada por los legisladores Karen Acu\u00f1a, Ernesto Flores, Marcelo Eslava, Sebasti\u00e1n Peralta y Graciela Bisotto.<\/p>\n<figure class=\"wp-block-gallery columns-3 is-cropped\"><\/figure>\n<p>Durante el acto, realizado en la Sala 1 de Comisiones de la Unicameral, la entrega fue encabezada por los legisladores Acu\u00f1a y Eslava, con la participaci\u00f3n de Federico Menis, director de Asuntos Culturales y Patrimoniales de la Unicameral. Lo Bue estuvo acompa\u00f1ado por parte de su equipo de trabajo y su familia. <\/p>\n<p>En la oportunidad, Acu\u00f1a destac\u00f3 el valor del trabajo sostenido, mientras que Eslava subray\u00f3 la riqueza hist\u00f3rica y cultural del norte cordob\u00e9s. Por su parte, Menis remarc\u00f3 la importancia de preservar y difundir el patrimonio arqueol\u00f3gico de la provincia.<\/p>\n<p>En ese sentido, Lo Bue expres\u00f3 que el hallazgo de rastros de comunidades antiguas en parajes ins\u00f3litos es el motivo que impulsa su trabajo de documentar. Se\u00f1al\u00f3 que sus esfuerzos est\u00e1n orientados a que el Cerro Colorado sea reconocido como Patrimonio de la Humanidad por la Unesco.<\/p>\n<figure class=\"wp-block-gallery columns-3 is-cropped\"><\/figure>\n<p>El proyecto editorial que impulsa Lo Bue re\u00fane m\u00e1s de 30 a\u00f1os de trabajo sostenido en territorio e incluye el registro sistem\u00e1tico de manifestaciones culturales de los pueblos originarios, as\u00ed como de la flora, la fauna y el paisaje de la Reserva Natural y Cultural Cerro Colorado.<\/p>\n<p>El Cerro Colorado constituye uno de los principales sitios arqueol\u00f3gicos de C\u00f3rdoba y del pa\u00eds. En sus formaciones rocosas se encuentran miles de pictograf\u00edas rupestres, atribuidas a comunidades originarias como los comechingones y sanavirones, que reflejan escenas de la vida cotidiana, pr\u00e1cticas sociales y representaciones simb\u00f3licas.<\/p>\n<p>En este marco, la iniciativa propone sistematizar este acervo en una publicaci\u00f3n de m\u00e1s de 300 p\u00e1ginas, con material fotogr\u00e1fico y textos que abordan el arte rupestre desde una perspectiva cultural, art\u00edstica y filos\u00f3fica.<\/p>\n<p>La obra cuenta con la participaci\u00f3n de profesionales de distintas disciplinas, entre ellos el fot\u00f3grafo Ra\u00fal Piuzzi y el fil\u00f3sofo cordob\u00e9s Oscar del Barco.<\/p>\n<p>La propuesta busca acercar este patrimonio a la comunidad y a las futuras generaciones, promoviendo su conocimiento y valoraci\u00f3n, y contribuyendo a su visibilizaci\u00f3n.<\/p>\n","protected":false},"excerpt":{"rendered":"<p>Este mi\u00e9rcoles, en la Legislatura de la Provincia de C\u00f3rdoba, se realiz\u00f3 la entrega de un reconocimiento al galerista Giacomo Lo Bue por su proyecto editorial dedicado al registro fotogr\u00e1fico de las pictograf\u00edas rupestres del Cerro Colorado. La distinci\u00f3n fue otorgada a partir de una iniciativa impulsada por los legisladores Karen Acu\u00f1a, Ernesto Flores, Marcelo [&hellip;]<\/p>\n","protected":false},"author":1,"featured_media":50245,"comment_status":"closed","ping_status":"closed","sticky":false,"template":"","format":"standard","meta":{"om_disable_all_campaigns":false,"_monsterinsights_skip_tracking":false,"_monsterinsights_sitenote_active":false,"_monsterinsights_sitenote_note":"","_monsterinsights_sitenote_category":0},"categories":[31],"tags":[],"aioseo_notices":[],"_links":{"self":[{"href":"https:\/\/cordobapolitica.com\/index.php?rest_route=\/wp\/v2\/posts\/50244"}],"collection":[{"href":"https:\/\/cordobapolitica.com\/index.php?rest_route=\/wp\/v2\/posts"}],"about":[{"href":"https:\/\/cordobapolitica.com\/index.php?rest_route=\/wp\/v2\/types\/post"}],"author":[{"embeddable":true,"href":"https:\/\/cordobapolitica.com\/index.php?rest_route=\/wp\/v2\/users\/1"}],"replies":[{"embeddable":true,"href":"https:\/\/cordobapolitica.com\/index.php?rest_route=%2Fwp%2Fv2%2Fcomments&post=50244"}],"version-history":[{"count":0,"href":"https:\/\/cordobapolitica.com\/index.php?rest_route=\/wp\/v2\/posts\/50244\/revisions"}],"wp:featuredmedia":[{"embeddable":true,"href":"https:\/\/cordobapolitica.com\/index.php?rest_route=\/wp\/v2\/media\/50245"}],"wp:attachment":[{"href":"https:\/\/cordobapolitica.com\/index.php?rest_route=%2Fwp%2Fv2%2Fmedia&parent=50244"}],"wp:term":[{"taxonomy":"category","embeddable":true,"href":"https:\/\/cordobapolitica.com\/index.php?rest_route=%2Fwp%2Fv2%2Fcategories&post=50244"},{"taxonomy":"post_tag","embeddable":true,"href":"https:\/\/cordobapolitica.com\/index.php?rest_route=%2Fwp%2Fv2%2Ftags&post=50244"}],"curies":[{"name":"wp","href":"https:\/\/api.w.org\/{rel}","templated":true}]}}