{"id":50237,"date":"2026-04-29T21:25:00","date_gmt":"2026-04-29T21:25:00","guid":{"rendered":"https:\/\/www.ambito.com\/ambito-nacional\/gobernadores-la-mesa-del-litio-sellan-alianza-el-cfi-y-alertan-urgencia-obras-infraestructura-n6272348"},"modified":"2026-04-29T21:25:00","modified_gmt":"2026-04-29T21:25:00","slug":"gobernadores-de-la-mesa-del-litio-se-reunieron-en-jujuy-y-alertaron-por-la-urgencia-de-obras-de-infraestructura","status":"publish","type":"post","link":"https:\/\/cordobapolitica.com\/?p=50237","title":{"rendered":"Gobernadores de la Mesa del Litio se reunieron en Jujuy y alertaron por la urgencia de obras de infraestructura"},"content":{"rendered":"<div><img src=\"http:\/\/cordobapolitica.com\/wp-content\/uploads\/2026\/04\/gobernadores-de-la-mesa-del-litio-se-reunieron-en-jujuy-y-alertaron-por-la-urgencia-de-obras-de-infraestructura.webp\" class=\"ff-og-image-inserted\"><\/div>\n<div id>\n<p id=\"p-1777496993956-27966\"><strong> Los gobernadores Carlos Sadir (Jujuy), Gustavo S\u00e1enz (Salta) y Ra\u00fal Jalil (Catamarca) encabezaron este mi\u00e9rcoles una nueva reuni\u00f3n de la Mesa de la Regi\u00f3n Minera del Litio en la capital juje\u00f1a, en donde rubricaron un acuerdo con el Consejo Federal de Inversiones (CFI)<\/strong> destinado a potenciar el desarrollo <a href=\"https:\/\/www.ambito.com\/ambito-nacional\/norte-grande-el-trabajo-independiente-crece-como-una-valvula-escape-frente-al-colapso-del-empleo-formal-n6271794\" target=\"_blank\" rel=\"follow noopener\">minero del Norte Grande<\/a> con \u00e9nfasis en el litio y la cadena de valor.<\/p>\n<\/div>\n<div id>\n<p id=\"p-1777496993956-12466\"><strong>El convenio, firmado junto al secretario general del CFI, Ignacio Lamothe, establece un marco de cooperaci\u00f3n que incluye asistencia t\u00e9cnica para fortalecer la gobernanza del sector, promover una miner\u00eda sustentable, impulsar obras de infraestructura estrat\u00e9gicas, facilitar el acceso al financiamiento y desarrollar proveedores locales.<\/strong> Adem\u00e1s, prev\u00e9 la realizaci\u00f3n de estudios de impacto ambiental e hidrol\u00f3gico, as\u00ed como la articulaci\u00f3n con el sistema cient\u00edfico-tecnol\u00f3gico para consolidar una cadena de valor m\u00e1s integrada, de acuerdo a lo que trascendi\u00f3.<\/p>\n<\/div>\n<div id>\n<p id=\"p-1777496993956-94304\">En el encuentro, realizado en el Hotel Altos de la Vi\u00f1a, los mandatarios coincidieron en que el litio ocupa un rol central en la transici\u00f3n energ\u00e9tica global y que posiciona a la regi\u00f3n como un actor clave en el escenario internacional. &#8220;<strong>El mundo posa sus ojos en el Tri\u00e1ngulo del Litio. Necesitamos que provincias, Naci\u00f3n y proveedores trabajemos en infraestructura y licencia social para que el sector crezca y beneficie a nuestra gente&#8221;, afirm\u00f3 Sadir,<\/strong> quien preside la mesa de manera pro tempore.<\/p>\n<\/div>\n<div id>\n<h2 id=\"p-1777496993956-21772\">Cuello de botella<\/h2>\n<p id=\"p-1777496993956-2808\"><strong>Uno de los ejes m\u00e1s urgentes analizados en el encuentro fue el d\u00e9ficit de infraestructura que atraviesa la regi\u00f3n.<\/strong> Los gobernadores destacaron que el crecimiento exponencial del sector, impulsado por la demanda global de minerales cr\u00edticos, encuentra un l\u00edmite en la falta de rutas, energ\u00eda y conectividad necesarias para sostener la explotaci\u00f3n y el transporte del litio.<\/p>\n<\/div>\n<div id>\n<p id=\"p-1777496993956-36834\"><strong>El gobernador de Catamarca Ra\u00fal Jalil subray\u00f3 el rol fundamental del CFI y de los organismos internacionales como el Banco Mundial y el Banco Interamericano de Desarrollo (BID) para cubrir ese d\u00e9ficit estructural.<\/strong> La jornada incluy\u00f3 mesas de di\u00e1logo con representantes de esos organismos, junto a la CAF -banco de desarrollo de Am\u00e9rica Latina y el Caribe- y la Comisi\u00f3n Econ\u00f3mica para Am\u00e9rica Latina y el Caribe (CEPAL), con el objetivo de analizar herramientas de financiamiento para proyectos de gran escala que permitan desbloquear el potencial productivo del norte argentino. Jalil tambi\u00e9n destac\u00f3 el impacto positivo del R\u00e9gimen de Incentivo para Grandes Inversiones (RIGI), se\u00f1alando que ha funcionado como un acelerador para proyectos que buscan beneficios impositivos y estabilidad a largo plazo.<\/p>\n<p id=\"p-1777496993956-47971\"><strong>El mandatario salte\u00f1o Gustavo S\u00e1enz enfatiz\u00f3 en la necesidad de dotar al pa\u00eds de previsibilidad para atraer capitales extranjeros. &#8220;Debemos tener pol\u00edticas de Estado inamovibles para ser un pa\u00eds serio. Buscamos el justo medio para generar la seguridad jur\u00eddica que los inversores exigen&#8221;, expuso<\/strong>, en referencia a la pendularidad pol\u00edtica que, seg\u00fan advirti\u00f3, dificulta la llegada de inversiones sostenidas.<\/p>\n<div class=\"embed_cont type_freetext\" id=\"embed4948_wrap\" data-provider=\"Twitter\">\n<p>Embed &#8211; https:\/\/publish.x.com\/oembed?url=https:\/\/x.com\/GustavoSaenzOK\/status\/2049594752027279422?s=20&amp;partner=&amp;hide_thread=false<span class=\"embed_colapse less\" id=\"embed4948_colapse\"><\/span><span class=\"embed_delete less\" id=\"embed4948_delete\"><\/span><\/p>\n<div id=\"embed4948_content\" class=\"embed_content\">\n<div id=\"embed4948_embed\">\n<blockquote data-td-script-src=\"https:\/\/platform.twitter.com\/widgets.js\" class=\"twitter-tweet\">\n<p id=\"p-1777497315585-7596\" dir=\"ltr\" lang=\"es\"> En Jujuy particip\u00e9 de una nueva reuni\u00f3n de la Mesa del Litio junto a los gobernadores <a href=\"https:\/\/twitter.com\/carlossadirjuy?ref_src=twsrc%5Etfw\">@carlossadirjuy<\/a> y <a href=\"https:\/\/twitter.com\/RaulJalil_ok?ref_src=twsrc%5Etfw\">@RaulJalil_ok<\/a>, convencidos de que el norte argentino tiene una oportunidad hist\u00f3rica.<\/p>\n<p>Tenemos todo lo que el mundo necesita. Pero para crecer de verdad, necesitamos algo\u2026 <a href=\"https:\/\/t.co\/7URL3IYUFD\">pic.twitter.com\/7URL3IYUFD<\/a><\/p>\n<p> \u2014 Gustavo S\u00e1enz (@GustavoSaenzOK) <a href=\"https:\/\/twitter.com\/GustavoSaenzOK\/status\/2049594752027279422?ref_src=twsrc%5Etfw\">April 29, 2026<\/a><\/p><\/blockquote>\n<\/div><\/div><\/div>\n<h2 id=\"p-1777496993956-29786\">Comit\u00e9 Regional<\/h2>\n<p id=\"p-1777496993956-76604\">La reuni\u00f3n culmin\u00f3 con la oficializaci\u00f3n de la creaci\u00f3n del Comit\u00e9 Regional de la Regi\u00f3n Minera del Litio, un organismo que buscar\u00e1 armonizar los esquemas tributarios y no tributarios de la industria, adem\u00e1s de trazar una &#8220;hoja de ruta&#8221; para fortalecer la gobernanza regional. El evento cont\u00f3 con una amplia representaci\u00f3n de organismos t\u00e9cnicos y financieros, entre ellos, la Secretar\u00eda de Miner\u00eda de la Naci\u00f3n, JEMSE (Jujuy), REMSa (Salta), CAMYEN (Catamarca) y el Foro Intergubernamental para la Miner\u00eda (IGF).<\/p>\n<h2 id=\"p-1777496993956-7325\">Inversiones<\/h2>\n<p id=\"p-1777496993956-80039\"><strong>Entre las tres provincias concentran las mayores inversiones en actividad lit\u00edfera. Jujuy alberga el proyecto Cauchari-Olaroz, operado por Lithium Argentina en asociaci\u00f3n con Ganfeng Lithium y JEMSE, que ya produce aproximadamente 40.000 toneladas anuales de carbonato de litio y avanza en su Fase 2 de expansi\u00f3n<\/strong>, que sumar\u00eda 45.000 toneladas adicionales, llevando la capacidad total a 85.000 toneladas anuales. Adem\u00e1s, se desarrolla un nuevo proyecto en el Salar de Jama que busca ingresar al RIGI con una planta de 22.000 toneladas anuales y la creaci\u00f3n de un laboratorio de innovaci\u00f3n tecnol\u00f3gica. Rio Tinto tambi\u00e9n opera en el Salar de Olaroz, consolidando una presencia multinacional en la provincia.<\/p>\n<p id=\"p-1777496993956-6991\"><strong>Salta, por otro lado, registra 33 proyectos de litio en distintas etapas de desarrollo, siendo la provincia con mayor actividad de la mesa.<\/strong> En producci\u00f3n se encuentran Centenario-Ratones, operado por la francesa Eramet, que apunta a alcanzar su plena capacidad de 24.000 toneladas anuales a finales de 2026 , y Mariana, a cargo de Ganfeng Lithium. En construcci\u00f3n avanzada figura el megaproyecto Rinc\u00f3n de Rio Tinto, con una inversi\u00f3n de 1.175 millones de la Corporaci\u00f3n Financiera Internacional, BID Invest y otros organismos para esta expansi\u00f3n .<\/p>\n<p id=\"p-1777496993956-70037\">Tambi\u00e9n en desarrollo se encuentra Pozuelos-Pastos Grandes (PPG), el megaproyecto de Ganfeng y Lithium Argentina, con una inversi\u00f3n estimada en US 3.000 millones y una capacidad de hasta 150.000 toneladas anuales en tres etapas, que ya cuenta con aprobaci\u00f3n ambiental de su Fase 1. La surcoreana Posco avanza con el proyecto Sal de Oro, en el Salar del Hombre Muerto, con una inversi\u00f3n superior a US$ 2.000 millones, que incluye una planta de hidr\u00f3xido de litio en General G\u00fcemes y una nueva planta de carbonato pr\u00f3xima a inaugurarse.<\/p>\n<p id=\"p-1777496993956-98844\"><strong>Catamarca cuenta con 18 proyectos de litio y ya tiene dos operaciones en producci\u00f3n.<\/strong> El hist\u00f3rico F\u00e9nix, operado por R\u00edo Tinto en el Salar del Hombre Muerto, es el primer proyecto de litio de la Argentina y desarrolla la ampliaci\u00f3n de su capacidad con la Expansi\u00f3n Fase 1B, que sumar\u00e1 9.500 toneladas adicionales para alcanzar las 38.000 toneladas anuales. La compa\u00f1\u00eda tambi\u00e9n desarrolla Sal de Vida, con una inversi\u00f3n de US$ 638 millones y capacidad para 15.000 toneladas anuales, en construcci\u00f3n.<\/p>\n<p id=\"p-1777496993956-23780\">El segundo proyecto en producci\u00f3n es Tres Quebradas (3Q), de la china Zijin Mining, inaugurado en septiembre de 2025 en Fiambal\u00e1 con una capacidad inicial de 20.000 toneladas anuales y proyecci\u00f3n de ampliaci\u00f3n a 60.000-80.000 toneladas combinadas con su Fase 2. Adem\u00e1s, la australiana Lake Resources proyecta iniciar la construcci\u00f3n de Kachi en el Salar de Carachi Pampa, con una inversi\u00f3n de US$ 1.160millones.<\/p>\n<h2 id=\"p-1777496993956-30607\">La agenda<\/h2>\n<p id=\"p-1777496993956-87556\"><strong>Como continuidad de esta agenda regional los gobernadores anticiparon un nuevo encuentro el pr\u00f3ximo 17 de mayo en San Juan, en donde se llevar\u00e1 a cabo una reuni\u00f3n conjunta con de la Mesa del Cobre<\/strong> -integrada por Jujuy, Catamarca, Salta y la provincia anfitriona- en l\u00ednea con el objetivo de ampliar el modelo de integraci\u00f3n a otros recursos estrat\u00e9gicos.<\/p>\n<\/p><\/div>\n","protected":false},"excerpt":{"rendered":"<p>Los gobernadores Carlos Sadir (Jujuy), Gustavo S\u00e1enz (Salta) y Ra\u00fal Jalil (Catamarca) encabezaron este mi\u00e9rcoles una nueva reuni\u00f3n de la Mesa de la Regi\u00f3n Minera del Litio en la capital juje\u00f1a, en donde rubricaron un acuerdo con el Consejo Federal de Inversiones (CFI) destinado a potenciar el desarrollo minero del Norte Grande con \u00e9nfasis en [&hellip;]<\/p>\n","protected":false},"author":1,"featured_media":50238,"comment_status":"closed","ping_status":"closed","sticky":false,"template":"","format":"standard","meta":{"om_disable_all_campaigns":false,"_monsterinsights_skip_tracking":false,"_monsterinsights_sitenote_active":false,"_monsterinsights_sitenote_note":"","_monsterinsights_sitenote_category":0},"categories":[3],"tags":[],"aioseo_notices":[],"_links":{"self":[{"href":"https:\/\/cordobapolitica.com\/index.php?rest_route=\/wp\/v2\/posts\/50237"}],"collection":[{"href":"https:\/\/cordobapolitica.com\/index.php?rest_route=\/wp\/v2\/posts"}],"about":[{"href":"https:\/\/cordobapolitica.com\/index.php?rest_route=\/wp\/v2\/types\/post"}],"author":[{"embeddable":true,"href":"https:\/\/cordobapolitica.com\/index.php?rest_route=\/wp\/v2\/users\/1"}],"replies":[{"embeddable":true,"href":"https:\/\/cordobapolitica.com\/index.php?rest_route=%2Fwp%2Fv2%2Fcomments&post=50237"}],"version-history":[{"count":0,"href":"https:\/\/cordobapolitica.com\/index.php?rest_route=\/wp\/v2\/posts\/50237\/revisions"}],"wp:featuredmedia":[{"embeddable":true,"href":"https:\/\/cordobapolitica.com\/index.php?rest_route=\/wp\/v2\/media\/50238"}],"wp:attachment":[{"href":"https:\/\/cordobapolitica.com\/index.php?rest_route=%2Fwp%2Fv2%2Fmedia&parent=50237"}],"wp:term":[{"taxonomy":"category","embeddable":true,"href":"https:\/\/cordobapolitica.com\/index.php?rest_route=%2Fwp%2Fv2%2Fcategories&post=50237"},{"taxonomy":"post_tag","embeddable":true,"href":"https:\/\/cordobapolitica.com\/index.php?rest_route=%2Fwp%2Fv2%2Ftags&post=50237"}],"curies":[{"name":"wp","href":"https:\/\/api.w.org\/{rel}","templated":true}]}}