{"id":50232,"date":"2026-04-29T15:28:36","date_gmt":"2026-04-29T15:28:36","guid":{"rendered":"http:\/\/06bb5cda299ba26de983dc789f986e48"},"modified":"2026-04-29T15:28:36","modified_gmt":"2026-04-29T15:28:36","slug":"adorni-no-cometi-ningun-delito-y-voy-a-probarlo","status":"publish","type":"post","link":"https:\/\/cordobapolitica.com\/?p=50232","title":{"rendered":"Adorni: &#8220;No comet\u00ed ning\u00fan delito y voy a probarlo&#8221;"},"content":{"rendered":"<p><img src=\"http:\/\/cordobapolitica.com\/wp-content\/uploads\/2026\/04\/adorni-no-cometi-ningun-delito-y-voy-a-probarlo.jpg\"><\/p>\n<p>Manuel Adorni termin\u00f3 la primera parte de su informe de gesti\u00f3n ante la C\u00e1mara de Diputados asegurando que no cometi\u00f3 &#8220;ning\u00fan delito&#8221;, en referencia a los esc\u00e1ndalos de los viajes de lujo y a las propiedades que no declar\u00f3 y que sum\u00f3 de manera llamativa en el \u00faltimo a\u00f1o.<\/p>\n<p>El jefe de Gabinete brind\u00f3 un discurso que se extendi\u00f3 cuarenta minutos m\u00e1s de lo previsto y que tuvo a Javier Milei y todo el gabinete como espectadores de lujo. El presidente, escoltado por su hermana Karina, se comport\u00f3 de modo fan y hasta interrumpi\u00f3 varias veces a los gritos.<\/p>\n<p>Adorni ley\u00f3 larga y sopor\u00edficamente los supuestos logros del gobierno de Milei y repiti\u00f3 casi de manera uniforme los habituales conceptos del presidente, con un guion muy cuidado y que tuvo un mes para preparar desde su \u00faltima y ca\u00f3tica conferencia de prensa.<\/p>\n<p><a href=\"https:\/\/www.lapoliticaonline.com\/tools\/redirect.php?t=3&amp;i=344589&amp;s=dfab868a1c441d081fd5149693ed5654\" target=\"_blank\" class=\"link-type-content content-type-noticia-ar\" rel=\"noopener\">Adorni no dio explicaciones sobre los esc\u00e1ndalos en el informe escrito a los Diputados<\/a><\/p>\n<p>Reci\u00e9n sobre el final dedic\u00f3 unos minutos a hablar sobre los esc\u00e1ndalos que derrumbaron su imagen y afectaron seriamente la de Milei, y festej\u00f3 que la justicia federal haya archivado la causa por haber subido a su esposa Bettina Angeletti al avi\u00f3n presidencial. Pero el problema real de Adorni nunca fue esa causa sino todo lo que destap\u00f3, es decir las sospechas de enriquecimiento il\u00edcito.<\/p>\n<p>&#8220;En relaci\u00f3n con mis viajes personales, mi patrimonio y el car\u00e1cter de mis declaraciones juradas, se\u00f1alo que los miembros de esta c\u00e1mara quieren asemejar el gasto privado con el gasto p\u00fablico y a las actividades de mi vida privada con actos de gobierno. Ni constitucional, ni penal, ni civilmente son comparables&#8221;, arranc\u00f3 el jefe de gabinete.<\/p>\n<figure class=\"vsmimage\" contenteditable=\"false\"><img loading=\"lazy\" alt=\"Adorni: &quot;No comet\u00ed ning\u00fan delito y voy a probarlo&quot;\" data-vsmid=\"285867\" data-owidth=\"1600\" data-oheight=\"1097\" src=\"data:image\/png;base64,iVBORw0KGgoAAAANSUhEUgAAAx4AAAIfAQMAAADE35hsAAAAA1BMVEUAAACnej3aAAAAAXRSTlMAQObYZgAAAExJREFUeJztwTEBAAAAwqD1T20ND6AAAAAAAAAAAAAAAAAAAAAAAAAAAAAAAAAAAAAAAAAAAAAAAAAAAAAAAAAAAAAAAAAAAAAAAO4M1jsAAYyXjScAAAAASUVORK5CYII=\" vsmidos=\"1\" vsmsrc=\"\/files\/image\/285\/285867\/69f229829fcb4_798_543!.jpg?s=d643bf0bf9613324a9c7612abf05f44c&amp;d=1777478020\" width=\"798\" height=\"543\"><\/figure>\n<p>&#8220;He afrontado yo mismo los pagos de todos los viajes que realic\u00e9 con mi familia&#8221;, aclar\u00f3 Adorni, que agreg\u00f3 que &#8220;el Estado nacional no registra ning\u00fan costo de mis viajes personales&#8221;. Claro est\u00e1 que ese no es el problema, sino que los n\u00fameros de su sueldo no le dan para irse en poco tiempo a Aruba, Punta del Este, Nueva York y el Llao Llao.&nbsp;&#8220;No se trataron de viajes financiados por terceros ni de obsequios de ning\u00fan tipo&#8221;, continu\u00f3.<\/p>\n<p>Adorni dijo que cumpli\u00f3 sus obligaciones y present\u00f3 sus declaraciones juradas y prometi\u00f3 que antes del plazo legal presentar\u00e1 la de 2025, sugiriendo que all\u00ed figurar\u00e1n las propiedades que adquiri\u00f3 de forma llamativa en el \u00faltimo a\u00f1o. &#8220;Nunca existi\u00f3 ocultaci\u00f3n alguna de mis bienes&#8221;, asegur\u00f3.<\/p>\n<p class=\"authorquote\">Han sacado conclusiones equivocadas. Y quiero ser m\u00e1s claro todav\u00eda: no comet\u00ed ning\u00fan delito y voy a probarlo en la justicia<\/p>\n<p>&#8220;Es falso que yo haya coordinado la aprobaci\u00f3n de determinadas contrataciones en favor de un tercero con supuestos v\u00ednculos previos. No existe contrato alguno celebrado entre la TV P\u00fablica y el periodista Marcelo Grand\u00edo, no he participado en ning\u00fan expediente administrativo que lo involucre ni a \u00e9l ni a IMHouse SA&#8221;, dijo en l\u00ednea con lo que hab\u00eda <a href=\"https:\/\/www.lapoliticaonline.com\/politica\/adorni-no-dio-explicaciones-sobre-su-enriquecimiento-en-el-informe-escrito-a-los-diputados\/\" target=\"_blank\" rel=\"noopener\">respondido por escrito<\/a>.<\/p>\n<p>&nbsp;Tambi\u00e9n se\u00f1al\u00f3 que &#8220;no existen ni existieron contratos entre el Estado&#8221; y la empresa de su esposa +BE. &#8220;Ni directa ni indirectamente&#8221;, aclar\u00f3 en referencia a la sospecha de que <a href=\"https:\/\/www.lapoliticaonline.com\/politica\/denuncian-que-ypf-y-arca-contrataron-a-la-esposa-de-adorni\/\" target=\"_blank\" rel=\"noopener\">esos contratos se triangularon<\/a> con empresas y organismos estatales y tambi\u00e9n con proveedoras que s\u00fabitamente requirieron de los servicios de coaching de Angeletti.&nbsp;&nbsp;<\/p>\n<p>&nbsp;&#8220;Han sacado conclusiones equivocadas. Y quiero ser m\u00e1s claro todav\u00eda: no comet\u00ed ning\u00fan delito y voy a probarlo en la justicia&#8221;, finaliz\u00f3 Adorni.<\/p>\n","protected":false},"excerpt":{"rendered":"<p>Manuel Adorni termin\u00f3 la primera parte de su informe de gesti\u00f3n ante la C\u00e1mara de Diputados asegurando que no cometi\u00f3 &#8220;ning\u00fan delito&#8221;, en referencia a los esc\u00e1ndalos de los viajes de lujo y a las propiedades que no declar\u00f3 y que sum\u00f3 de manera llamativa en el \u00faltimo a\u00f1o. El jefe de Gabinete brind\u00f3 un [&hellip;]<\/p>\n","protected":false},"author":1,"featured_media":50233,"comment_status":"closed","ping_status":"closed","sticky":false,"template":"","format":"standard","meta":{"om_disable_all_campaigns":false,"_monsterinsights_skip_tracking":false,"_monsterinsights_sitenote_active":false,"_monsterinsights_sitenote_note":"","_monsterinsights_sitenote_category":0},"categories":[30],"tags":[],"aioseo_notices":[],"_links":{"self":[{"href":"https:\/\/cordobapolitica.com\/index.php?rest_route=\/wp\/v2\/posts\/50232"}],"collection":[{"href":"https:\/\/cordobapolitica.com\/index.php?rest_route=\/wp\/v2\/posts"}],"about":[{"href":"https:\/\/cordobapolitica.com\/index.php?rest_route=\/wp\/v2\/types\/post"}],"author":[{"embeddable":true,"href":"https:\/\/cordobapolitica.com\/index.php?rest_route=\/wp\/v2\/users\/1"}],"replies":[{"embeddable":true,"href":"https:\/\/cordobapolitica.com\/index.php?rest_route=%2Fwp%2Fv2%2Fcomments&post=50232"}],"version-history":[{"count":0,"href":"https:\/\/cordobapolitica.com\/index.php?rest_route=\/wp\/v2\/posts\/50232\/revisions"}],"wp:featuredmedia":[{"embeddable":true,"href":"https:\/\/cordobapolitica.com\/index.php?rest_route=\/wp\/v2\/media\/50233"}],"wp:attachment":[{"href":"https:\/\/cordobapolitica.com\/index.php?rest_route=%2Fwp%2Fv2%2Fmedia&parent=50232"}],"wp:term":[{"taxonomy":"category","embeddable":true,"href":"https:\/\/cordobapolitica.com\/index.php?rest_route=%2Fwp%2Fv2%2Fcategories&post=50232"},{"taxonomy":"post_tag","embeddable":true,"href":"https:\/\/cordobapolitica.com\/index.php?rest_route=%2Fwp%2Fv2%2Ftags&post=50232"}],"curies":[{"name":"wp","href":"https:\/\/api.w.org\/{rel}","templated":true}]}}